{"id":135668,"date":"2025-09-24T12:38:10","date_gmt":"2025-09-24T12:38:10","guid":{"rendered":"https:\/\/www.europesays.com\/es\/135668\/"},"modified":"2025-09-24T12:38:10","modified_gmt":"2025-09-24T12:38:10","slug":"unquillo-este-viernes-llega-la-presentacion-del-libro-lo-que-suscita","status":"publish","type":"post","link":"https:\/\/www.europesays.com\/es\/135668\/","title":{"rendered":"Unquillo: este viernes llega la presentaci\u00f3n del libro \u201cLo que Suscita\u201d"},"content":{"rendered":"<p>Chalub Canay (IENM)<\/p>\n<p class=\"has-drop-cap\">El Museo de Arte Contempor\u00e1neo de Unquillo (MACU) realizar\u00e1 la presentaci\u00f3n del libro \u201cLo que Suscita\u201d el viernes 26 de septiembre a las 16:30 horas. El mismo se encuentra ubicado en la Av. San Mart\u00edn 588, Unquillo.<\/p>\n<p>Seg\u00fan inform\u00f3 el museo, se trata de la primera pieza editorial producida por la instituci\u00f3n. El libro estar\u00e1 disponible para su venta durante la actividad y en la tienda MACU. La publicaci\u00f3n surge del ciclo \u201cDe las letras al retrato. Escritores que leen\u201d, realizado en el marco de la exposici\u00f3n \u00abEl Retrato | Retrospectiva\u00bb de Carlos Alonso (2024). Este proyecto sistematiza y recopila las producciones generadas en esos encuentros, materializando un trabajo colectivo vinculado con la muestra.<\/p>\n<p>Cabe destacar que participan los siguientes escritores: Elena Aniballi, Teresa Andruetto, Ximena Cabral, Catalina Correa, Luis Garc\u00eda, Claudia Huergo, Leticia Mart\u00ednez y Demian Orozs.<\/p>\n<p>Finalmente, la actividad es libre y gratuita, con inscripci\u00f3n previa (cupos limitados). Adem\u00e1s, los asistentes podr\u00e1n acompa\u00f1ar y fortalecer las futuras programaciones del museo mediante un bono contribuci\u00f3n.<\/p>\n<p>Instagram: <a href=\"https:\/\/www.instagram.com\/p\/DO3aExpDciN\/\" rel=\"nofollow noopener\" target=\"_blank\">@macuunquillo<\/a><\/p>\n<p>Sobre Carlos Alonso<\/p>\n<p>Carlos Alonso es un destacado pintor, grabador y dibujante argentino, nacido en Tunuy\u00e1n, Mendoza, en 1929. Es considerado uno de los grandes maestros de la pintura contempor\u00e1nea argentina. Tras su exilio en Italia durante la dictadura c\u00edvico-militar de 1976, regres\u00f3 a Argentina y se radic\u00f3 definitivamente en la localidad de Unquillo, C\u00f3rdoba, desde 1982. <\/p>\n<p>En Unquillo continu\u00f3 su actividad art\u00edstica y su militancia pol\u00edtica y creativa, manteni\u00e9ndose activo incluso a sus 95 a\u00f1os. Su obra refleja tanto su recorrido art\u00edstico como la violencia hist\u00f3rica argentina reciente, siendo especialmente marcada por el secuestro y desaparici\u00f3n forzada de su hija Paloma. En Unquillo se exhiben muchas de sus obras en el Museo de Arte Contempor\u00e1neo de la ciudad, donde ha presentado retrospectivas importantes.<\/p>\n<p>\tDescubre m\u00e1s desde El Milenio<\/p>\n<p class=\"has-text-align-center\" style=\"margin-top:10px;margin-bottom:10px;font-size:15px\">Suscr\u00edbete y recibe las \u00faltimas entradas en tu correo electr\u00f3nico.<\/p>\n<p>\t\tSigue leyendo<\/p>\n<p>\t                    <script async src=\"\/\/www.instagram.com\/embed.js\"><\/script><\/p>\n","protected":false},"excerpt":{"rendered":"Chalub Canay (IENM) El Museo de Arte Contempor\u00e1neo de Unquillo (MACU) realizar\u00e1 la presentaci\u00f3n del libro \u201cLo que&hellip;\n","protected":false},"author":2,"featured_media":135669,"comment_status":"","ping_status":"","sticky":false,"template":"","format":"standard","meta":{"footnotes":""},"categories":[172],"tags":[224,146,147,25,24,225,23],"class_list":{"0":"post-135668","1":"post","2":"type-post","3":"status-publish","4":"format-standard","5":"has-post-thumbnail","7":"category-libros","8":"tag-books","9":"tag-entertainment","10":"tag-entretenimiento","11":"tag-es","12":"tag-espana","13":"tag-libros","14":"tag-spain"},"share_on_mastodon":{"url":"","error":""},"_links":{"self":[{"href":"https:\/\/www.europesays.com\/es\/wp-json\/wp\/v2\/posts\/135668","targetHints":{"allow":["GET"]}}],"collection":[{"href":"https:\/\/www.europesays.com\/es\/wp-json\/wp\/v2\/posts"}],"about":[{"href":"https:\/\/www.europesays.com\/es\/wp-json\/wp\/v2\/types\/post"}],"author":[{"embeddable":true,"href":"https:\/\/www.europesays.com\/es\/wp-json\/wp\/v2\/users\/2"}],"replies":[{"embeddable":true,"href":"https:\/\/www.europesays.com\/es\/wp-json\/wp\/v2\/comments?post=135668"}],"version-history":[{"count":0,"href":"https:\/\/www.europesays.com\/es\/wp-json\/wp\/v2\/posts\/135668\/revisions"}],"wp:featuredmedia":[{"embeddable":true,"href":"https:\/\/www.europesays.com\/es\/wp-json\/wp\/v2\/media\/135669"}],"wp:attachment":[{"href":"https:\/\/www.europesays.com\/es\/wp-json\/wp\/v2\/media?parent=135668"}],"wp:term":[{"taxonomy":"category","embeddable":true,"href":"https:\/\/www.europesays.com\/es\/wp-json\/wp\/v2\/categories?post=135668"},{"taxonomy":"post_tag","embeddable":true,"href":"https:\/\/www.europesays.com\/es\/wp-json\/wp\/v2\/tags?post=135668"}],"curies":[{"name":"wp","href":"https:\/\/api.w.org\/{rel}","templated":true}]}}