{"id":135688,"date":"2025-09-24T12:49:09","date_gmt":"2025-09-24T12:49:09","guid":{"rendered":"https:\/\/www.europesays.com\/es\/135688\/"},"modified":"2025-09-24T12:49:09","modified_gmt":"2025-09-24T12:49:09","slug":"actualidad-buscador-ayto-pinto-es-6","status":"publish","type":"post","link":"https:\/\/www.europesays.com\/es\/135688\/","title":{"rendered":"Actualidad buscador &#8211; ayto-pinto.es"},"content":{"rendered":"<p><strong>\u2022 El servicio municipal de limpieza y recogida incorpora 45 nuevos veh\u00edculos (camiones, baldeadoras, hidrolimpiadoras, barredoras, etc) con tecnolog\u00eda ECO e inicia la instalaci\u00f3n de m\u00e1s de 500 nuevos contenedores de todas las fracciones, con pedales y elaborados con materiales de alta calidad y que reducen al m\u00ednimo la necesidad de mantenimiento<\/strong><\/p>\n<p><strong>\u2022 \u201cCon esta nueva flota de veh\u00edculos y contenedores cumplimos uno de los objetivos del Equipo de Gobierno, que es tener Pinto limpio y cuidado. Una apuesta decidida por la limpieza de la ciudad, para recuperar el orgullo de ser de Pinto, como llevaban a\u00f1os demandando nuestros vecinos\u201d, ha se\u00f1alado el Alcalde de Pinto, Salom\u00f3n Aguado, en la presentaci\u00f3n \u00a0\u00a0<\/strong><\/p>\n<p style=\"text-align:justify\">Pinto, una ciudad m\u00e1s limpia y cuidada. El Alcalde de Pinto, Salom\u00f3n Aguado, acompa\u00f1ado del Primer Teniente de Alcalde y concejal de Ciudad y Cultura, Fran P\u00e9rez, del Segundo Teniente de Alcalde y Concejal de Seguridad, Deportes y Aserpinto, Fernando Gonz\u00e1lez, y concejales del Equipo de Gobierno, ha presentado la nueva maquinaria del servicio municipal de limpieza y recogida, que va a mejorar la calidad de vida en el municipio.<\/p>\n<p style=\"text-align:justify\">Durante el acto se han exhibido parte de la nueva flota de 45 veh\u00edculos, compuesta por camiones, barredoras, baldeadoras e hidrolimpiadoras, dotadas con tecnolog\u00eda ECO, baja en emisiones contaminantes y que cuentan con las \u00faltimas tecnolog\u00edas del mercado, en cuanto a eficiencia, eficacia, rendimiento y seguridad.<\/p>\n<p style=\"text-align:justify\">Asimismo, se ha hecho una demostraci\u00f3n de la funcionalidad de estas m\u00e1quinas, que ya se han empezado a desplegar por la ciudad, acompa\u00f1ados por personal de limpieza que cuenta, a su vez, con nuevas sopladoras, aspiradoras fregadoras y m\u00e1s de veinte carritos con apoyo tecnol\u00f3gico, que permiten eliminar de forma m\u00e1s efectiva la suciedad de calles y aceras. Adem\u00e1s, se incorporan esparcidoras de sal y fundentes para los episodios de climatolog\u00eda adversa en invierno.<\/p>\n<p style=\"text-align:justify\"><img decoding=\"async\" data-fileentryid=\"1918821\" src=\"https:\/\/www.europesays.com\/es\/wp-content\/uploads\/2025\/09\/da6058ea-0413-7628-fba8-df4cc1a48d8a\" style=\"width: 600px; height: 450px;\"\/><\/p>\n<p style=\"text-align:justify\">\u00a0<\/p>\n<p> M\u00c1S DE 500 NUEVOS CONTENEDORES DE TODAS LAS FRACCIONES <\/p>\n<p style=\"text-align:justify\">Durante la presentaci\u00f3n tambi\u00e9n se han mostrado parte de los m\u00e1s de 500 nuevos contenedores que se han empezado a instalar en la ciudad, as\u00ed como el nuevo cami\u00f3n que permite la limpieza integral de estas unidades.<\/p>\n<p>En total se trata de 147 contenedores carga bilateral de resto, con 3.000 litros c\u00fabicos de capacidad; 179 de carga bilateral para org\u00e1nica y residuos biodegradables, siendo una de las principales novedades, con capacidad de 2.275 litros c\u00fabicos; 112 contenedores de carga bilateral para recogida de envases, con 3.000 litros c\u00fabicos de capacidad y boca calibrada; y 92 contenedores de papel y cart\u00f3n con doble gancho, con 4.600 litros c\u00fabicos de capacidad y boca calibrada.<\/p>\n<p>Son contenedores sostenibles, con materiales reciclados de alta calidad y que reducen al m\u00ednimo la necesidad de mantenimiento y, gracias al sistema de recogida easy, el contenedor se agarra desde un \u00fanico punto de sujeci\u00f3n en la parte superior, evitando rayones, hurtos y deformaciones.<\/p>\n<p>\u201cCuando llegamos al Gobierno ten\u00edamos marcada como prioridad la mejora de la limpieza en Pinto. Con esta nueva flota de veh\u00edculos y contenedores cumplimos el objetivo de tener un Pinto limpio y cuidado. Una apuesta decidida por la limpieza de la ciudad, para recuperar el orgullo de ser de Pinto, como llevaban a\u00f1os demandando nuestros vecinos\u201d, ha se\u00f1alado el Alcalde de Pinto, Salom\u00f3n Aguado, en la presentaci\u00f3n de veh\u00edculos y contenedores.<\/p>\n<p>El regidor pinte\u00f1o ha agradecido a los trabajadores del servicio municipal de limpieza y recogida la labor diaria que desempe\u00f1a. y se ha mostrado convencido en que, \u201ccon esta inversi\u00f3n, vamos a tener Pinto Limpio \u00a1Y Punto!\u201d\u00a0<\/p>\n<p><img decoding=\"async\" data-fileentryid=\"1918837\" src=\"https:\/\/www.europesays.com\/es\/wp-content\/uploads\/2025\/09\/aa3c7aaa-dd47-4db5-a733-8574e59c70c8\" style=\"width: 600px; height: 338px;\"\/><\/p>\n<p>\u00a0<\/p>\n","protected":false},"excerpt":{"rendered":"\u2022 El servicio municipal de limpieza y recogida incorpora 45 nuevos veh\u00edculos (camiones, baldeadoras, hidrolimpiadoras, barredoras, etc) con&hellip;\n","protected":false},"author":2,"featured_media":135689,"comment_status":"","ping_status":"","sticky":false,"template":"","format":"standard","meta":{"footnotes":""},"categories":[5],"tags":[42997,17,18,25,24,24132,13,14,11,22723,19,20,8528,29368,6688,9,7207,10,15,16,42996,23,12,21,22],"class_list":{"0":"post-135688","1":"post","2":"type-post","3":"status-publish","4":"format-standard","5":"has-post-thumbnail","7":"category-titulares","8":"tag-09-septiembre","9":"tag-breaking-news","10":"tag-breakingnews","11":"tag-es","12":"tag-espana","13":"tag-etiquetas-hemeroteca-2025","14":"tag-featured-news","15":"tag-featurednews","16":"tag-headlines","17":"tag-hemeroteca-2025","18":"tag-latest-news","19":"tag-latestnews","20":"tag-limpieza","21":"tag-limpieza-y-mantenimiento","22":"tag-medio-ambiente","23":"tag-news","24":"tag-notas-de-prensa","25":"tag-noticias","26":"tag-noticias-destacadas","27":"tag-noticiasdestacadas","28":"tag-servicio-municipal-de-limpieza-y-recogida-de-pinto","29":"tag-spain","30":"tag-titulares","31":"tag-ultimas-noticias","32":"tag-ultimasnoticias"},"share_on_mastodon":{"url":"","error":""},"_links":{"self":[{"href":"https:\/\/www.europesays.com\/es\/wp-json\/wp\/v2\/posts\/135688","targetHints":{"allow":["GET"]}}],"collection":[{"href":"https:\/\/www.europesays.com\/es\/wp-json\/wp\/v2\/posts"}],"about":[{"href":"https:\/\/www.europesays.com\/es\/wp-json\/wp\/v2\/types\/post"}],"author":[{"embeddable":true,"href":"https:\/\/www.europesays.com\/es\/wp-json\/wp\/v2\/users\/2"}],"replies":[{"embeddable":true,"href":"https:\/\/www.europesays.com\/es\/wp-json\/wp\/v2\/comments?post=135688"}],"version-history":[{"count":0,"href":"https:\/\/www.europesays.com\/es\/wp-json\/wp\/v2\/posts\/135688\/revisions"}],"wp:featuredmedia":[{"embeddable":true,"href":"https:\/\/www.europesays.com\/es\/wp-json\/wp\/v2\/media\/135689"}],"wp:attachment":[{"href":"https:\/\/www.europesays.com\/es\/wp-json\/wp\/v2\/media?parent=135688"}],"wp:term":[{"taxonomy":"category","embeddable":true,"href":"https:\/\/www.europesays.com\/es\/wp-json\/wp\/v2\/categories?post=135688"},{"taxonomy":"post_tag","embeddable":true,"href":"https:\/\/www.europesays.com\/es\/wp-json\/wp\/v2\/tags?post=135688"}],"curies":[{"name":"wp","href":"https:\/\/api.w.org\/{rel}","templated":true}]}}