{"id":135725,"date":"2025-09-24T13:14:11","date_gmt":"2025-09-24T13:14:11","guid":{"rendered":"https:\/\/www.europesays.com\/es\/135725\/"},"modified":"2025-09-24T13:14:11","modified_gmt":"2025-09-24T13:14:11","slug":"kreg-harrison-expone-sus-esculturas-taurinas-en-sevilla-durante-la-feria-de-san-miguel","status":"publish","type":"post","link":"https:\/\/www.europesays.com\/es\/135725\/","title":{"rendered":"Kreg Harrison expone sus esculturas taurinas en Sevilla durante la Feria de San Miguel"},"content":{"rendered":"<p class=\"voc-pretitle\">\nExposici\u00f3n taurina\n<\/p>\n<p>Se podr\u00e1 admirar la muestra de bronces taurinos del escultor norteamericano hasta el pr\u00f3ximo domingo en el Hotel Gran Meli\u00e1 Col\u00f3n <\/p>\n<p><img fetchpriority=\"high\" class=\"voc-img\" src=\"https:\/\/www.europesays.com\/es\/wp-content\/uploads\/2025\/09\/WhatsAppImage2025-09-24at09.29.07-kZRF-RuvMGggVhdWs73HFrNBqp9I-1200x840@abc.jpeg\" loading=\"eager\" decoding=\"async\" alt=\"Escultura en bronce del rejoneador Rafael Peralta\" width=\"1200\" height=\"840\"\/><\/p>\n<p>Escultura en bronce del rejoneador Rafael Peralta    ABC  <\/p>\n<p><img decoding=\"async\" class=\"voc-author__img\" src=\"https:\/\/www.europesays.com\/es\/wp-content\/uploads\/2025\/09\/autor-7335-foto-3.jpeg\" alt=\"Jos\u00e9 Manuel Pe\u00f1a\"\/><\/p>\n<p class=\"voc-p\" style=\"\">Los salones del emblem\u00e1tico <strong>Hotel Gran Meli\u00e1 Col\u00f3n<\/strong> de Sevilla acogieron en la noche de este martes 23 de septiembre la inauguraci\u00f3n de la nueva exposici\u00f3n del reconocido artista y escultor norteamericano <strong>Kreg Harrison<\/strong>.<\/p>\n<p class=\"voc-p\" style=\"\">El acto de presentaci\u00f3n cont\u00f3 con la intervenci\u00f3n de <strong>Francisco Ipi\u00f1a<\/strong> y del ganadero <strong>Rafael Peralt<\/strong><strong>a<\/strong>, quienes subrayaron la relevancia cultural de esta muestra con motivo de la Feria de San Miguel. <\/p>\n<p class=\"voc-p\" style=\"\">Durante la inauguraci\u00f3n, Harrison comparti\u00f3 con el p\u00fablico su acercamiento al mundo del toro y explic\u00f3 el proceso creativo de su proyecto, tras dos a\u00f1os de trabajo recorriendo distintas ganader\u00edas y plazas de toros.<\/p>\n<p class=\"voc-p\" style=\"\">La exposici\u00f3n re\u00fane <strong>m\u00e1s de veinte esculturas en bronce<\/strong> inspiradas en las castas fundacionales, escenas de toreros y rejoneadores, en las que se representan distintos momentos de la tauromaquia y que modela en tiempo real. Entre los bronces podemos encontrar representaciones de las ganader\u00edas de Miura, Concha y Sierra, Partido de Resina, Santiago Domecq; rejoneadores como Diego Ventura o el recordado Rafael Peralta; y entre los toreros a Roca Rey o Manuel Escribano. El matador de Gerena es el eje central de la muestra con cinco bronces que recuerdan a su tarde con los toros de Victorino en Sevilla. <\/p>\n<p class=\"voc-p\" style=\"\">La muestra estar\u00e1 abierta al p\u00fablico en el Hotel Col\u00f3n hasta el pr\u00f3ximo domingo 28 de septiembre.<\/p>\n<p>Reportar un error<\/p>\n","protected":false},"excerpt":{"rendered":"Exposici\u00f3n taurina Se podr\u00e1 admirar la muestra de bronces taurinos del escultor norteamericano hasta el pr\u00f3ximo domingo en&hellip;\n","protected":false},"author":2,"featured_media":135726,"comment_status":"","ping_status":"","sticky":false,"template":"","format":"standard","meta":{"footnotes":""},"categories":[277],"tags":[373,168,25,8426,24,18134,599,31465,43010,4098,2228,23,167,2446,374],"class_list":{"0":"post-135725","1":"post","2":"type-post","3":"status-publish","4":"format-standard","5":"has-post-thumbnail","7":"category-toreo","8":"tag-bullfighting","9":"tag-deportes","10":"tag-es","11":"tag-esculturas","12":"tag-espana","13":"tag-expone","14":"tag-feria","15":"tag-harrison","16":"tag-kreg","17":"tag-miguel","18":"tag-san","19":"tag-spain","20":"tag-sports","21":"tag-taurinas","22":"tag-toreo"},"share_on_mastodon":{"url":"","error":""},"_links":{"self":[{"href":"https:\/\/www.europesays.com\/es\/wp-json\/wp\/v2\/posts\/135725","targetHints":{"allow":["GET"]}}],"collection":[{"href":"https:\/\/www.europesays.com\/es\/wp-json\/wp\/v2\/posts"}],"about":[{"href":"https:\/\/www.europesays.com\/es\/wp-json\/wp\/v2\/types\/post"}],"author":[{"embeddable":true,"href":"https:\/\/www.europesays.com\/es\/wp-json\/wp\/v2\/users\/2"}],"replies":[{"embeddable":true,"href":"https:\/\/www.europesays.com\/es\/wp-json\/wp\/v2\/comments?post=135725"}],"version-history":[{"count":0,"href":"https:\/\/www.europesays.com\/es\/wp-json\/wp\/v2\/posts\/135725\/revisions"}],"wp:featuredmedia":[{"embeddable":true,"href":"https:\/\/www.europesays.com\/es\/wp-json\/wp\/v2\/media\/135726"}],"wp:attachment":[{"href":"https:\/\/www.europesays.com\/es\/wp-json\/wp\/v2\/media?parent=135725"}],"wp:term":[{"taxonomy":"category","embeddable":true,"href":"https:\/\/www.europesays.com\/es\/wp-json\/wp\/v2\/categories?post=135725"},{"taxonomy":"post_tag","embeddable":true,"href":"https:\/\/www.europesays.com\/es\/wp-json\/wp\/v2\/tags?post=135725"}],"curies":[{"name":"wp","href":"https:\/\/api.w.org\/{rel}","templated":true}]}}