{"id":135727,"date":"2025-09-24T13:15:07","date_gmt":"2025-09-24T13:15:07","guid":{"rendered":"https:\/\/www.europesays.com\/es\/135727\/"},"modified":"2025-09-24T13:15:07","modified_gmt":"2025-09-24T13:15:07","slug":"se-escondio-de-mi-el-tipo-es-un-campeon-de-mierda","status":"publish","type":"post","link":"https:\/\/www.europesays.com\/es\/135727\/","title":{"rendered":"Se escondi\u00f3 de m\u00ed, el tipo es un campe\u00f3n de mierda"},"content":{"rendered":"<p data-gtm-element-container=\"modulo-texto-link\" class=\"paragraph\">La animadversi\u00f3n que separan las personalidades de <strong>Alex Pereira y Magomed Ankalaev <\/strong>es m\u00e1s que evidente. Una rivalidad que va m\u00e1s all\u00e1 de su primer y, hasta la fecha, \u00fanico pleito. El ruso acusaba al brasile\u00f1o de evitar un combate entre ambos dentro del oct\u00e1gono, y faltaba al reinado de Poatan en sus d\u00edas como monarca. La jaula termin\u00f3 por dictaminar sentencia entre los dos competidores, y el daguestan\u00ed consigui\u00f3 arrebatar el cintur\u00f3n al veterano peleador. <strong>El &#8216;pique&#8217; entre campeones jam\u00e1s dej\u00f3 de existir.<\/strong><\/p>\n<p data-gtm-element-container=\"modulo-texto-link\" class=\"paragraph\">El \u00faltimo episodio de este enfrentamiento tuvo lugar en el <strong>Performance Center de la UFC<\/strong>, el centro de entrenamiento que la empresa proporciona a sus peleadores para desplegar sus preparaciones particulares. <strong>Alex Pereira narr\u00f3, en su canal de YouTube, que Magomed Ankalaev se escondi\u00f3 cuando vio a Poatan aparecer,<\/strong> y arremeti\u00f3 contra el daguestan\u00ed despu\u00e9s del altercado.<\/p>\n<p data-gtm-element-container=\"modulo-texto-link\" class=\"paragraph\">\u00abPas\u00f3 algo gracioso justo cuando sal\u00eda del Performance Center.<strong> Vi al entrenador de Ankalaev all\u00ed. Me qued\u00e9 solo, no vi a Ankalaev all\u00ed. <\/strong>Y lo gracioso es que, cuando sal\u00ed del PI, al subirme al coche,<strong> alguien de mi equipo segu\u00eda dentro y oy\u00f3 a la chica del PI decirle a Ankalaev: &#8216;Ya puede venir, ya se fue&#8217;. <\/strong>\u00a1Rayos!, se estaba escondiendo. Lo escondieron en una habitaci\u00f3n peque\u00f1a, t\u00edo. El tipo cree que voy a chocar con \u00e9l y empezar a pelear. \u00bfAcaso parezco est\u00fapido, t\u00edo?\u00bb, relat\u00f3 Pereira, en su canal de YouTube.<\/p>\n<p data-gtm-element-container=\"modulo-texto-link\" class=\"paragraph\">Pereira acus\u00f3 tambi\u00e9n a Ankalaev de exceder sus insultos y provocaciones en su relato, tras contar el suceso: \u00ab<strong>Este tipo dice tonter\u00edas. Ni siquiera hab\u00eda visto sus publicaciones en X, de verdad.<\/strong> La verdad es que lo habr\u00eda llevado mucho mejor. Pero que se esconda en una habitaci\u00f3n porque estoy en el mismo sitio que \u00e9l. Es un imb\u00e9cil. Es un imb\u00e9cil. Me mantendr\u00e9 en secreto, \u00bfsabes? <strong>Nunca me pelear\u00e9 con \u00e9l, nunca empezar\u00e9 nada. Claro, a menos que venga a por m\u00ed.<\/strong> Yo tambi\u00e9n tengo que defenderme. \u00bfPero qu\u00e9 clase de campe\u00f3n es ese? Un campe\u00f3n de mierda. S\u00e9 que es duro, pero es un campe\u00f3n de mierda, t\u00edo. Un tipo as\u00ed. \u00bfY sabes por qu\u00e9? No por lo que dice, sino por esconderse en una habitaci\u00f3n hoy. Ha demostrado ser un cobarde. Ya veremos. Ahora se esconde. Estaremos en la jaula, encerrados. A menos que salte la valla. Es un campe\u00f3n de mierda este tipo\u00bb, a\u00f1adi\u00f3.<\/p>\n<p>    Lee tambi\u00e9n<\/p>\n<p data-gtm-element-container=\"modulo-texto-link\" class=\"paragraph\">La pelea entre Magomed Ankalaev y Alex Pereira, del pr\u00f3ximo mes de octubre,<strong> puede ser la batalla decisiva para Poatan<\/strong>. El brasile\u00f1o aterriza con el orgullo herido, despu\u00e9s de una derrota que rebaj\u00f3 todo el hype que construy\u00f3 en 2024 con esas tres defensas del t\u00edtulo consecutivas. Ahora, su archienemigo tiene la llave para regresar al trono y volver a hacer historia dentro del <strong>Ultimate Fighting Championship<\/strong>, la compa\u00f1\u00eda de MMA m\u00e1s grande del planeta.\u00a0<\/p>\n","protected":false},"excerpt":{"rendered":"La animadversi\u00f3n que separan las personalidades de Alex Pereira y Magomed Ankalaev es m\u00e1s que evidente. Una rivalidad&hellip;\n","protected":false},"author":2,"featured_media":135728,"comment_status":"","ping_status":"","sticky":false,"template":"","format":"standard","meta":{"footnotes":""},"categories":[276],"tags":[168,25,24,23,167,343],"class_list":{"0":"post-135727","1":"post","2":"type-post","3":"status-publish","4":"format-standard","5":"has-post-thumbnail","7":"category-ufc","8":"tag-deportes","9":"tag-es","10":"tag-espana","11":"tag-spain","12":"tag-sports","13":"tag-ufc"},"share_on_mastodon":{"url":"","error":""},"_links":{"self":[{"href":"https:\/\/www.europesays.com\/es\/wp-json\/wp\/v2\/posts\/135727","targetHints":{"allow":["GET"]}}],"collection":[{"href":"https:\/\/www.europesays.com\/es\/wp-json\/wp\/v2\/posts"}],"about":[{"href":"https:\/\/www.europesays.com\/es\/wp-json\/wp\/v2\/types\/post"}],"author":[{"embeddable":true,"href":"https:\/\/www.europesays.com\/es\/wp-json\/wp\/v2\/users\/2"}],"replies":[{"embeddable":true,"href":"https:\/\/www.europesays.com\/es\/wp-json\/wp\/v2\/comments?post=135727"}],"version-history":[{"count":0,"href":"https:\/\/www.europesays.com\/es\/wp-json\/wp\/v2\/posts\/135727\/revisions"}],"wp:featuredmedia":[{"embeddable":true,"href":"https:\/\/www.europesays.com\/es\/wp-json\/wp\/v2\/media\/135728"}],"wp:attachment":[{"href":"https:\/\/www.europesays.com\/es\/wp-json\/wp\/v2\/media?parent=135727"}],"wp:term":[{"taxonomy":"category","embeddable":true,"href":"https:\/\/www.europesays.com\/es\/wp-json\/wp\/v2\/categories?post=135727"},{"taxonomy":"post_tag","embeddable":true,"href":"https:\/\/www.europesays.com\/es\/wp-json\/wp\/v2\/tags?post=135727"}],"curies":[{"name":"wp","href":"https:\/\/api.w.org\/{rel}","templated":true}]}}