{"id":135736,"date":"2025-09-24T13:22:07","date_gmt":"2025-09-24T13:22:07","guid":{"rendered":"https:\/\/www.europesays.com\/es\/135736\/"},"modified":"2025-09-24T13:22:07","modified_gmt":"2025-09-24T13:22:07","slug":"luis-merlo-habla-sobre-como-rechazo-cuatro-veces-interpretar-a-mauri-en-aqui-no-hay-quien-viva-un-personaje-gay-que-le-cambio-la-vida-y-reeduco-al-publico-televi","status":"publish","type":"post","link":"https:\/\/www.europesays.com\/es\/135736\/","title":{"rendered":"Luis Merlo habla sobre c\u00f3mo rechaz\u00f3 cuatro veces interpretar a Mauri en \u2018Aqu\u00ed no hay quien viva\u2019, un personaje gay que le cambi\u00f3 la vida y \u201creeduc\u00f3 al p\u00fablico\u201d | Televisi\u00f3n"},"content":{"rendered":"<p class=\"\">El papel m\u00e1s conocido de <a href=\"https:\/\/elpais.com\/noticias\/luis-merlo\/\" target=\"_self\" rel=\"nofollow noopener\" title=\"https:\/\/elpais.com\/noticias\/luis-merlo\/\">Luis Merlo<\/a> es Mauri, uno de los primeros personajes gais en una serie de \u00e9xito en la historia de la televisi\u00f3n espa\u00f1ola. Realmente solo lo interpret\u00f3 durante unas pocas temporadas en Aqu\u00ed no hay quien viva, pero el impacto social de la serie de Antena 3 fue tal que asegura que le cambi\u00f3 la vida. El actor lo explic\u00f3 este martes en La revuelta, ante David Broncano. <\/p>\n<p class=\"\">Y eso que hab\u00eda rechazado la oferta de <a href=\"https:\/\/elpais.com\/noticias\/jose-luis-moreno\/\" target=\"_self\" rel=\"nofollow noopener\" title=\"https:\/\/elpais.com\/noticias\/jose-luis-moreno\/\">Jos\u00e9 Luis Moreno<\/a>, creador de esta ficci\u00f3n, hasta en cuatro ocasiones, porque \u201cdaba un poco de susto\u201d, ha explicado durante su entrevista en el programa de La 1.<\/p>\n<p class=\"\">\u201cUn personaje homosexual, que se llama Mauri, producido por Jos\u00e9 Luis Moreno\u2026 daba un poco de susto\u201d. Moreno le llam\u00f3 personalmente y como Merlo no ten\u00eda dinero en ese momento, termin\u00f3 aceptando, ha confesado. En poco tiempo se convirti\u00f3 en el comod\u00edn que le ha permitido no parar de trabajar desde entonces.<\/p>\n<p class=\"\">\u201dMauri sirvi\u00f3 para reeducar a una parte del p\u00fablico\u201d, ha comentado el actor sobre un personaje homosexual con pareja estable, Fernando (interpretado por Adri\u00e0 Collado), que apareci\u00f3 en pantalla en 2003. Fue dos a\u00f1os antes de que se aprobara en Espa\u00f1a la Ley de matrimonio igualitario. \u201cCuando est\u00e1s en casa ri\u00e9ndote y te cuentan algo, est\u00e1s con la guardia baja, y eso ha servido para contribuir a la normalizaci\u00f3n\u201d, ha defendido. <\/p>\n<p class=\"\">Aunque el int\u00e9rprete de Mauri est\u00e1 muy agradecido a la oportunidad que le dio Moreno, tambi\u00e9n ha desvelado que el pol\u00e9mico productor \u201cse enfad\u00f3 much\u00edsimo\u201d y llego a vetarle cuando abandon\u00f3 Aqu\u00ed no hay quien viva para fichar por otra ficci\u00f3n de Antena 3, El internado.<\/p>\n<p class=\"\">Tras pasar varios a\u00f1os haciendo teatro, Merlo decidi\u00f3 regresar a la televisi\u00f3n y pidi\u00f3 trabajo a los hermanos Caballero, sobrinos de Moreno y responsables de la serie hermana de Aqu\u00ed no hay quien viva, La que se avecina, emitida en Telecinco. Pero antes se asegur\u00f3 de que Moreno no ten\u00eda nada que ver con el proyecto, ha confesado.<\/p>\n","protected":false},"excerpt":{"rendered":"El papel m\u00e1s conocido de Luis Merlo es Mauri, uno de los primeros personajes gais en una serie&hellip;\n","protected":false},"author":2,"featured_media":135737,"comment_status":"","ping_status":"","sticky":false,"template":"","format":"standard","meta":{"footnotes":""},"categories":[174],"tags":[8666,255,9029,146,147,25,24,256,26601,7225,29956,43013,518,23,807],"class_list":{"0":"post-135736","1":"post","2":"type-post","3":"status-publish","4":"format-standard","5":"has-post-thumbnail","7":"category-famosos","8":"tag-aqui-no-hay-quien-viva","9":"tag-celebrities","10":"tag-david-broncano","11":"tag-entertainment","12":"tag-entretenimiento","13":"tag-es","14":"tag-espana","15":"tag-famosos","16":"tag-jose-luis-moreno","17":"tag-la-que-se-avecina","18":"tag-la-revuelta","19":"tag-luis-merlo","20":"tag-rtve","21":"tag-spain","22":"tag-television"},"share_on_mastodon":{"url":"","error":""},"_links":{"self":[{"href":"https:\/\/www.europesays.com\/es\/wp-json\/wp\/v2\/posts\/135736","targetHints":{"allow":["GET"]}}],"collection":[{"href":"https:\/\/www.europesays.com\/es\/wp-json\/wp\/v2\/posts"}],"about":[{"href":"https:\/\/www.europesays.com\/es\/wp-json\/wp\/v2\/types\/post"}],"author":[{"embeddable":true,"href":"https:\/\/www.europesays.com\/es\/wp-json\/wp\/v2\/users\/2"}],"replies":[{"embeddable":true,"href":"https:\/\/www.europesays.com\/es\/wp-json\/wp\/v2\/comments?post=135736"}],"version-history":[{"count":0,"href":"https:\/\/www.europesays.com\/es\/wp-json\/wp\/v2\/posts\/135736\/revisions"}],"wp:featuredmedia":[{"embeddable":true,"href":"https:\/\/www.europesays.com\/es\/wp-json\/wp\/v2\/media\/135737"}],"wp:attachment":[{"href":"https:\/\/www.europesays.com\/es\/wp-json\/wp\/v2\/media?parent=135736"}],"wp:term":[{"taxonomy":"category","embeddable":true,"href":"https:\/\/www.europesays.com\/es\/wp-json\/wp\/v2\/categories?post=135736"},{"taxonomy":"post_tag","embeddable":true,"href":"https:\/\/www.europesays.com\/es\/wp-json\/wp\/v2\/tags?post=135736"}],"curies":[{"name":"wp","href":"https:\/\/api.w.org\/{rel}","templated":true}]}}