{"id":135767,"date":"2025-09-24T13:38:21","date_gmt":"2025-09-24T13:38:21","guid":{"rendered":"https:\/\/www.europesays.com\/es\/135767\/"},"modified":"2025-09-24T13:38:21","modified_gmt":"2025-09-24T13:38:21","slug":"conor-mcgregor-confirma-su-regreso-a-la-ufc-para-un-combate-en-la-casa-blanca-con-michael-chandler","status":"publish","type":"post","link":"https:\/\/www.europesays.com\/es\/135767\/","title":{"rendered":"Conor McGregor confirma su regreso a la UFC para un combate en la Casa Blanca con Michael Chandler"},"content":{"rendered":"<p>Conor McGregor ha confirmado su largamente esperado regreso al oct\u00e1gono, revelando que se enfrentar\u00e1 a Michael Chandler en la planeada tarjeta de la Casa Blanca. El acontecimiento, respaldado por el presidente de la UFC, Dana White, y el presidente estadounidense, Donald Trump, se celebrar\u00e1 en 2026 como parte de las celebraciones del 250\u00ba D\u00eda de la Independencia de Estados Unidos.<\/p>\n<p>McGregor, que ha estado ausente de la competici\u00f3n desde sus derrotas consecutivas ante Dustin Poirier en 2021, declar\u00f3 a Fox News que \u00abThe Mac est\u00e1 emocionado por volver\u00bb y que Chandler ser\u00e1 su oponente. Anteriormente estaba previsto que ambos se enfrentaran en 2024, antes de que McGregor se retirara por una fractura en un dedo del pie.<\/p>\n<blockquote class=\"twitter-tweet\" data-theme=\"dark\"><p><a href=\"https:\/\/twitter.com\/ChampRDS\/status\/1969200024241283285?ref_src=twsrc%5Etfw\" rel=\"nofollow noopener\" target=\"_blank\"><\/p><\/blockquote>\n<p>White ha mantenido conversaciones con McGregor sobre la emblem\u00e1tica tarjeta, pero no lleg\u00f3 a confirmar el enfrentamiento. Sin embargo, calific\u00f3 el evento de la Casa Blanca como \u00abla mejor tarjeta de todos los tiempos\u00bb y destac\u00f3 la motivaci\u00f3n de McGregor para luchar en un escenario as\u00ed.<\/p>\n<p>El ex campe\u00f3n de dos divisiones, de 37 a\u00f1os, se ha alejado recientemente de la pol\u00edtica tras abandonar su candidatura a la presidencia de Irlanda. Su carrera tambi\u00e9n se ha visto ensombrecida por cuestiones legales, incluida una sentencia de un tribunal civil el a\u00f1o pasado que le declar\u00f3 responsable de agresi\u00f3n sexual en 2018, veredicto que sigue impugnando.<\/p>\n<p><script async src=\"https:\/\/platform.twitter.com\/widgets.js\" charset=\"utf-8\"><\/script><\/p>\n","protected":false},"excerpt":{"rendered":"Conor McGregor ha confirmado su largamente esperado regreso al oct\u00e1gono, revelando que se enfrentar\u00e1 a Michael Chandler en&hellip;\n","protected":false},"author":2,"featured_media":135768,"comment_status":"","ping_status":"","sticky":false,"template":"","format":"standard","meta":{"footnotes":""},"categories":[276],"tags":[168,25,24,23,167,343],"class_list":{"0":"post-135767","1":"post","2":"type-post","3":"status-publish","4":"format-standard","5":"has-post-thumbnail","7":"category-ufc","8":"tag-deportes","9":"tag-es","10":"tag-espana","11":"tag-spain","12":"tag-sports","13":"tag-ufc"},"share_on_mastodon":{"url":"","error":""},"_links":{"self":[{"href":"https:\/\/www.europesays.com\/es\/wp-json\/wp\/v2\/posts\/135767","targetHints":{"allow":["GET"]}}],"collection":[{"href":"https:\/\/www.europesays.com\/es\/wp-json\/wp\/v2\/posts"}],"about":[{"href":"https:\/\/www.europesays.com\/es\/wp-json\/wp\/v2\/types\/post"}],"author":[{"embeddable":true,"href":"https:\/\/www.europesays.com\/es\/wp-json\/wp\/v2\/users\/2"}],"replies":[{"embeddable":true,"href":"https:\/\/www.europesays.com\/es\/wp-json\/wp\/v2\/comments?post=135767"}],"version-history":[{"count":0,"href":"https:\/\/www.europesays.com\/es\/wp-json\/wp\/v2\/posts\/135767\/revisions"}],"wp:featuredmedia":[{"embeddable":true,"href":"https:\/\/www.europesays.com\/es\/wp-json\/wp\/v2\/media\/135768"}],"wp:attachment":[{"href":"https:\/\/www.europesays.com\/es\/wp-json\/wp\/v2\/media?parent=135767"}],"wp:term":[{"taxonomy":"category","embeddable":true,"href":"https:\/\/www.europesays.com\/es\/wp-json\/wp\/v2\/categories?post=135767"},{"taxonomy":"post_tag","embeddable":true,"href":"https:\/\/www.europesays.com\/es\/wp-json\/wp\/v2\/tags?post=135767"}],"curies":[{"name":"wp","href":"https:\/\/api.w.org\/{rel}","templated":true}]}}