{"id":135771,"date":"2025-09-24T13:42:07","date_gmt":"2025-09-24T13:42:07","guid":{"rendered":"https:\/\/www.europesays.com\/es\/135771\/"},"modified":"2025-09-24T13:42:07","modified_gmt":"2025-09-24T13:42:07","slug":"se-acerca-el-juicio-de-massa-en-el-que-reclamara-el-mundial-2008-y-100-millones-por-perjuicios","status":"publish","type":"post","link":"https:\/\/www.europesays.com\/es\/135771\/","title":{"rendered":"Se acerca el juicio de Massa en el que reclamar\u00e1 el Mundial 2008 y 100 millones por perjuicios"},"content":{"rendered":"<p data-mrf-recirculation=\"Links P\u00e1rrafos\" class=\"ue-c-article__paragraph paragraph ue-c-article--first-letter-highlighted\">En apenas unas semanas, <strong>en octubre, se inicia en el Tribunal de Justicia de Londres la vista en la que Felipe Massa <\/strong>reclama el t\u00edtulo <strong>Mundial <\/strong>de F1 de <strong>2008<\/strong>. Fue el campeonato que perdi\u00f3 en la \u00faltima curva del GP de Brasil, bajo la lluvia, pero que a su juicio se decidi\u00f3 unas carreras antes, en el GP de Singapur, donde Flavio <strong>Briatore <\/strong>y <strong>Nelsinho Pique<\/strong>t ama\u00f1aron la carrera para que la ganara Fernando Alonso (ajeno a maniobra) y renovar de esa forma el contrato del brasile\u00f1o.<\/p>\n<p data-mrf-recirculation=\"Links P\u00e1rrafos\" class=\"ue-c-article__paragraph paragraph\">Aquel accidente, forzado por el hijo de Piquet, origin\u00f3 una inesperada <strong>bandera roja, en la que los mec\u00e1nicos de Ferrari se dejaron enganchada la manguera de la gasolina, que Massa arranc\u00f3 de la m\u00e1quina<\/strong> y por la que tuvo que parar al final del &#8216;pit lane&#8217; y <strong>abandonar <\/strong>la carrera con el consiguiente cero en su casillero. Perdi\u00f3 el Mundial con Hamilton por un solo punto (eran 10 al ganador todav\u00eda) por lo que sostiene que fue decisivo.<\/p>\n<p>El arrepentimiento de Ecclestone<\/p>\n<p data-mrf-recirculation=\"Links P\u00e1rrafos\" class=\"ue-c-article__paragraph paragraph\">Nada sucedi\u00f3 en torno a este caso, tras la suspensi\u00f3n de varios a\u00f1os sobre Briatore, Pat Symonds (director t\u00e9cnico del equipo de Renault) y el propio Nelsinho, hasta que<strong> en marzo de 2023, Bernie Ecclestone, el entonces Supremo de la F1 reconoc\u00eda la verdad<\/strong> de lo sucedido en el posdcast &#8216;F1 insider&#8217;.<\/p>\n<p data-mrf-recirculation=\"Links P\u00e1rrafos\" class=\"ue-c-article__paragraph paragraph\">\u00abTen\u00edamos suficiente informaci\u00f3n en ese momento para investigar el asunto. Seg\u00fan los estatutos, <strong>deber\u00edamos haber anulado la carrera de Singapur en esas condiciones<\/strong>. Eso significa que <strong>no habr\u00eda repercutido para la clasificaci\u00f3n del campeonato. Y Felipe Massa se habr\u00eda convertido en campe\u00f3n del mundo y no Lewis Hamilton. <\/strong>Incluso hoy d\u00eda todav\u00eda <strong>me da pena <\/strong>Massa. Lo siento por \u00e9l. Al final, gan\u00f3 la carrera de casa en Sao Paulo y lo hizo todo bien, pero <strong>fue enga\u00f1ado y no se llev\u00f3 el t\u00edtulo que merec\u00eda, <\/strong>mientras que Hamilton tuvo toda la suerte del mundo y gan\u00f3 su primer campeonato\u00bb, ha recalcado.<\/p>\n<p data-mrf-recirculation=\"Links P\u00e1rrafos\" class=\"ue-c-article__paragraph paragraph\">Dos semanas despu\u00e9s, el equipo jur\u00eddico de <strong>Massa <\/strong>se puso en marcha para iniciar <strong>una acci\u00f3n legal y reclamar justicia y el Mundial que dice Bernie que le quitaron. <\/strong>El expiloto de Ferrari ser\u00e1 representado en el <strong>Tribunal de Justicia de Londres en unos d\u00edas por Nick de Marco<\/strong> y recuerda p\u00fablicamente cada cierto tiempo que es campe\u00f3n del mundo de F\u00f3rmula 1 de la temporada 2008.<\/p>\n<p data-mrf-recirculation=\"Links P\u00e1rrafos\" class=\"ue-c-article__paragraph paragraph\">La <strong>demanda <\/strong>presentada por sus representantes es\u00a0 contra la Federaci\u00f3n Internacional de Automovilismo <strong>(FIA),<\/strong> Formula One Management<strong> (FOM)<\/strong> y el exjefe m\u00e1ximo de la misma, <strong>Bernie Ecclestone, de 94 a\u00f1os<\/strong>.<\/p>\n<p data-mrf-recirculation=\"Links P\u00e1rrafos\" class=\"ue-c-article__paragraph paragraph\">El brasile\u00f1o entiende que<strong> si se hubiera anulado aquella carrera<\/strong> ama\u00f1ada en Singapur (como reconoce Bernie que debieron hacer) tendr\u00eda aquel t\u00edtulo.<strong> \u00abTiene bastante esperanza\u00bb, <\/strong>expresa una fuente cercana a Felipe a &#8216;Grada3&#8217;.<\/p>\n<p>Mundial compartido y 100 kilos por perjuicios<\/p>\n<p data-mrf-recirculation=\"Links P\u00e1rrafos\" class=\"ue-c-article__paragraph paragraph\"><strong>\u00abLo m\u00e1s justo es que se divida el Mundial con Lewis, \u00e9l no tuvo nada que ver\u00bb<\/strong>, dicen las mismas fuentes pidiendo una soluci\u00f3n sin precedentes en el mundo del deporte. Pero van m\u00e1s all\u00e1 a\u00fan y van a solicitar una cantidad mareante por da\u00f1os y perjuicios ocasionados a Massa por todo aquello.<\/p>\n<p data-mrf-recirculation=\"Links P\u00e1rrafos\" class=\"ue-c-article__paragraph paragraph\">&#8216;The Times&#8217; ha avanzado que la cifra reclamada est\u00e1 sobre <strong>70 millones de euros<\/strong> (unos 82 millones de d\u00f3lares), pero seg\u00fan informa &#8216;Grada3&#8217;, <strong>estar\u00eda m\u00e1s cerca de los 100 millones de euros <\/strong>que lo publicado por el medio brit\u00e1nico. Y ah\u00ed entrar\u00edan <strong>los perjuicios del dinero que estiman que Massa dej\u00f3 de ganar por cuestiones de patrocinios y m\u00e1rketing, <\/strong>en estos 17 a\u00f1os, si hubiera sido campe\u00f3n del mundo aquel 2008. No hay un d\u00eda exacto para la vista, pero ser\u00e1 en unas pocas semanas.<\/p>\n","protected":false},"excerpt":{"rendered":"En apenas unas semanas, en octubre, se inicia en el Tribunal de Justicia de Londres la vista en&hellip;\n","protected":false},"author":2,"featured_media":135772,"comment_status":"","ping_status":"","sticky":false,"template":"","format":"standard","meta":{"footnotes":""},"categories":[270],"tags":[168,25,24,306,271,272,23,167],"class_list":{"0":"post-135771","1":"post","2":"type-post","3":"status-publish","4":"format-standard","5":"has-post-thumbnail","7":"category-formula-1","8":"tag-deportes","9":"tag-es","10":"tag-espana","11":"tag-f1","12":"tag-formula-1","13":"tag-formula1","14":"tag-spain","15":"tag-sports"},"share_on_mastodon":{"url":"","error":""},"_links":{"self":[{"href":"https:\/\/www.europesays.com\/es\/wp-json\/wp\/v2\/posts\/135771","targetHints":{"allow":["GET"]}}],"collection":[{"href":"https:\/\/www.europesays.com\/es\/wp-json\/wp\/v2\/posts"}],"about":[{"href":"https:\/\/www.europesays.com\/es\/wp-json\/wp\/v2\/types\/post"}],"author":[{"embeddable":true,"href":"https:\/\/www.europesays.com\/es\/wp-json\/wp\/v2\/users\/2"}],"replies":[{"embeddable":true,"href":"https:\/\/www.europesays.com\/es\/wp-json\/wp\/v2\/comments?post=135771"}],"version-history":[{"count":0,"href":"https:\/\/www.europesays.com\/es\/wp-json\/wp\/v2\/posts\/135771\/revisions"}],"wp:featuredmedia":[{"embeddable":true,"href":"https:\/\/www.europesays.com\/es\/wp-json\/wp\/v2\/media\/135772"}],"wp:attachment":[{"href":"https:\/\/www.europesays.com\/es\/wp-json\/wp\/v2\/media?parent=135771"}],"wp:term":[{"taxonomy":"category","embeddable":true,"href":"https:\/\/www.europesays.com\/es\/wp-json\/wp\/v2\/categories?post=135771"},{"taxonomy":"post_tag","embeddable":true,"href":"https:\/\/www.europesays.com\/es\/wp-json\/wp\/v2\/tags?post=135771"}],"curies":[{"name":"wp","href":"https:\/\/api.w.org\/{rel}","templated":true}]}}