{"id":135793,"date":"2025-09-24T13:53:12","date_gmt":"2025-09-24T13:53:12","guid":{"rendered":"https:\/\/www.europesays.com\/es\/135793\/"},"modified":"2025-09-24T13:53:12","modified_gmt":"2025-09-24T13:53:12","slug":"marilo-montero-recuerda-la-muerte-de-su-padre-y-su-amiga-navarra","status":"publish","type":"post","link":"https:\/\/www.europesays.com\/es\/135793\/","title":{"rendered":"Maril\u00f3 Montero recuerda la muerte de su padre y su amiga navarra"},"content":{"rendered":"<p>\n        Uno de los rostros navarros que m\u00e1s est\u00e1 dando de que hablar en la televisi\u00f3n en las \u00faltimas semanas es el de <a href=\"https:\/\/www.noticiasdenavarra.com\/tags\/marilo-montero\/\" title=\"Maril\u00f3 Montero\" target=\"_blank\" class=\"link copy\" rel=\"nofollow noopener\"><strong>Maril\u00f3 Montero<\/strong><\/a>.\n<\/p>\n<p>  Desde &#8216;La Revuelta&#8217; hasta &#8216;<strong>MasterChef Celebrity 10&#8242;, la navarra es uno de los rostros conocidos del momento<\/strong><\/p>\n<p class=\"article-body__text \">\n        La presentadora de\u00a0<a href=\"https:\/\/www.noticiasdenavarra.com\/tags\/estella\/\" title=\"Estella\" class=\"link copy\" rel=\"nofollow noopener\" target=\"_blank\"><strong>Estella<\/strong><\/a><strong>\u00a0<\/strong>visit\u00f3 por primera vez a David Broncano y lo hizo como participante de &#8216;<strong>MasterChef Celebrity 10<\/strong>&#8216;. Eso s\u00ed, no fue precisamente por comentar el talent culinario por lo que la visita de la presentadora fue tan medi\u00e1tica. Tal y como comentaba la propia cadena de televisi\u00f3n, \u00abdurante su visita a &#8216;<a href=\"https:\/\/www.noticiasdenavarra.com\/tags\/la-revuelta\/\" title=\"La Revuelta\" class=\"link copy\" rel=\"nofollow noopener\" target=\"_blank\"><strong>La Revuelta<\/strong><\/a>&#8216;, la de Estella aprovech\u00f3 su primera visita al programa, como participante de &#8216;MasterChef Celebrity 10&#8217;, \u00ab<strong>para defender la tauromaquia como\u00a0&#8216;arte y tradici\u00f3n&#8217;, debatir con David Broncano sobre ideolog\u00eda, criticar la programaci\u00f3n de RTVE<\/strong>\u00ab, tal y como as\u00ed relataban desde la propio cadena.\n<\/p>\n<p>            <a href=\"https:\/\/www.noticiasdenavarra.com\/television\/2025\/09\/02\/estreno-navarra-marilo-montero-masterchef-celebrity-deja-sin-palabras-jordi-cruz-10034724.html\" title=\"El estreno de la navarra Maril\u00f3 Montero en &#039;MasterChef Celebrity 10&#039; deja sin palabras a Jordi Cruz: &quot;De las mejores&quot;\" class=\"new__media\" rel=\"nofollow noopener\" target=\"_blank\"><\/p>\n<p>                <img alt=\"El estreno de la navarra Maril\u00f3 Montero en 'MasterChef Celebrity 10' deja sin palabras a Jordi Cruz: &quot;De las mejores&quot;\" data-src=\"https:\/\/www.europesays.com\/es\/wp-content\/uploads\/2025\/09\/2a5299ea-4eaf-430a-a487-3a948928c3ac_16-9-aspect-ratio_default_0_x487y217.jpg\" class=\"lozad\"\/><\/p>\n<p>        <\/a><\/p>\n<p>        <a href=\"https:\/\/www.noticiasdenavarra.com\/television\/2025\/09\/02\/estreno-navarra-marilo-montero-masterchef-celebrity-deja-sin-palabras-jordi-cruz-10034724.html\" title=\"El estreno de la navarra Maril\u00f3 Montero en &#039;MasterChef Celebrity 10&#039; deja sin palabras a Jordi Cruz: &quot;De las mejores&quot;\" class=\"new__headline\" rel=\"nofollow noopener\" target=\"_blank\"><br \/>\n            El estreno de la navarra Maril\u00f3 Montero en &#8216;MasterChef Celebrity 10&#8217; deja sin palabras a Jordi Cruz: \u00abDe las mejores\u00bb<br \/>\n        <\/a><\/p>\n<p class=\"article-body__text \">\n        El paso de Maril\u00f3 Montero tampoco est\u00e1 pasando desapercibido. En la primera entrega del programa, la <a href=\"https:\/\/www.noticiasdenavarra.com\/tags\/navarra\/\" title=\"navarra\" target=\"_blank\" class=\"link copy\" rel=\"nofollow noopener\"><strong>navarra<\/strong><\/a><strong> <\/strong>\u00bb\u00a0la presentadora demostr\u00f3 una envidiable capacidad de organizaci\u00f3n y una jerarqu\u00eda como pocas veces se han visto en MasterChef. Todo ello termin\u00f3 con un resultado esperado; <strong>el equipo azul liderado por Maril\u00f3 fue el mejor de la prueba y se salv\u00f3 de la eliminaci\u00f3n<\/strong>. Maril\u00f3 confes\u00f3 que su equipo &#8216;estaba sereno y tranquilo con el trabajo hecho'\u00bb.\n<\/p>\n<p>  Maril\u00f3 Montero recuerda la muerte de su padre y su amiga navarra en un accidente<\/p>\n<p class=\"article-body__text \">\n        En la entrega de este lunes, 22 de septiembre, Maril\u00f3 Montero <strong>explic\u00f3 a su compa\u00f1ero Alejo Sauras c\u00f3mo muri\u00f3 su amiga Villar y su padre<\/strong>. Un relat\u00f3 que dej\u00f3 sin palabras al <a href=\"https:\/\/www.noticiasdenavarra.com\/tags\/actor\/\" title=\"actor\" target=\"_blank\" class=\"link copy\" rel=\"nofollow noopener\"><strong>actor<\/strong><\/a>.\n<\/p>\n<blockquote class=\"twitter-tweet\" data-lang=\"es\" wp_automatic_readability=\"3.0348837209302\">\n<p lang=\"es\" dir=\"ltr\">Maril\u00f3 le cuenta a Alejo qui\u00e9n fue su alma gemela\ud83e\udec2\u2764\ufe0f<a href=\"https:\/\/twitter.com\/hashtag\/MCCelebrity?src=hash&amp;ref_src=twsrc%5Etfw\" rel=\"nofollow noopener\" target=\"_blank\">#MCCelebrity<\/a> <br \/>\u2b55 <a href=\"https:\/\/t.co\/8fP2E7iHns\" rel=\"nofollow\">https:\/\/t.co\/8fP2E7iHns<\/a> <a href=\"https:\/\/t.co\/grd26cjHy5\" rel=\"nofollow\">pic.twitter.com\/grd26cjHy5<\/a><\/p>\n<p>\u2014 La 1 (@La1_tve) <a href=\"https:\/\/twitter.com\/La1_tve\/status\/1970258808359584249?ref_src=twsrc%5Etfw\" rel=\"nofollow noopener\" target=\"_blank\">22 de septiembre de 2025<\/a><\/p><\/blockquote>\n<p class=\"article-body__text \">\n        El relato tuvo lugar durante el cocinado en exteriores. \u00abCon 19 a\u00f1os me fui a vivir a Costa Rica, y mi padre se preocup\u00f3 de que yo conociera all\u00ed a alguien, porque evidentemente \u00e9l estaba preocupado. A trav\u00e9s de un se\u00f1or me present\u00f3 a <strong>una chica de Navarra, del pueblo de <\/strong><a href=\"https:\/\/www.noticiasdenavarra.com\/rutas-y-naturaleza\/2025\/09\/11\/pueblo-milagro-curioso-destino-navarra-visitar-una-vez-vida-revista-viajar-10071409.html\" title=\"Milagro\" target=\"_blank\" class=\"link copy\" rel=\"nofollow noopener\"><strong>Milagro<\/strong><\/a>. Se llamaba <strong>Villar<\/strong>, y nos hicimos \u00edntimas amigas\u00bb, comenzaba contando la presentadora.\n<\/p>\n<p class=\"article-body__text \">\n        Tras sus palabras, Alejo Sauras quiso saber si manten\u00edan la amistad, pero la respuesta de Montero fue directa:\u00a0\u00ab<strong>Se mat\u00f3 en el <\/strong><a href=\"https:\/\/www.noticiasdenavarra.com\/tags\/coche\/\" title=\"coche\" target=\"_blank\" class=\"link copy\" rel=\"nofollow noopener\"><strong>coche<\/strong><\/a><strong> con mi padre\u00bb<\/strong>.\u00a0Acto seguido el actor le preguntada qu\u00e9 pas\u00f3 y Maril\u00f3 Montero explic\u00f3 lo siguiente: \u00abLe fue a recoger al aeropuerto,\u00a0que ven\u00eda de Sevilla de estar conmigo unos d\u00edas,\u00a0se meti\u00f3 en un punto negro de la carretera\u00a0y\u00a0<strong>se estrell\u00f3 contra una furgoneta<\/strong>\u00a0de trabajadores\u00a0que ven\u00edan por su sitio correctamente,\u00a0<strong>mi padre se equivoc\u00f3. Se mataron los dos en el acto\u00bb. <\/strong>\n<\/p>\n<p class=\"article-body__text \">\n        El actor se qued\u00f3 sin palabras, apoyando a su compa\u00f1era: \u201cHostia, cari\u00f1o, no lo sab\u00eda. Mi amor, lo siento&#8230;\u201d, ante lo que Montero reconoci\u00f3:\u00a0\u00ab<strong>Esa era mi alma gemela\u00bb<\/strong>. La colaboradora televisiva rememor\u00f3 que eso ser\u00eda en el a\u00f1o 2000, y zanj\u00f3: \u00abEsas cosas se tienen superadas ya,\u00a0no se puede estar llorando todo el d\u00eda por lo mismo.\u00a0Yo trato de llorar las cosas una sola vez\u00bb.\n<\/p>\n<p>            <script async src=\"https:\/\/platform.twitter.com\/widgets.js\" charset=\"utf-8\"><\/script><\/p>\n","protected":false},"excerpt":{"rendered":"Uno de los rostros navarros que m\u00e1s est\u00e1 dando de que hablar en la televisi\u00f3n en las \u00faltimas&hellip;\n","protected":false},"author":2,"featured_media":135794,"comment_status":"","ping_status":"","sticky":false,"template":"","format":"standard","meta":{"footnotes":""},"categories":[91],"tags":[4205,4637,10109,146,147,25,24,36325,15297,2466,4920,708,39,7197,23],"class_list":{"0":"post-135793","1":"post","2":"type-post","3":"status-publish","4":"format-standard","5":"has-post-thumbnail","7":"category-entretenimiento","8":"tag-accidente","9":"tag-amiga","10":"tag-celebrity","11":"tag-entertainment","12":"tag-entretenimiento","13":"tag-es","14":"tag-espana","15":"tag-marilo","16":"tag-masterchef","17":"tag-montero","18":"tag-muerte","19":"tag-navarra","20":"tag-padre","21":"tag-recuerda","22":"tag-spain"},"share_on_mastodon":{"url":"","error":""},"_links":{"self":[{"href":"https:\/\/www.europesays.com\/es\/wp-json\/wp\/v2\/posts\/135793","targetHints":{"allow":["GET"]}}],"collection":[{"href":"https:\/\/www.europesays.com\/es\/wp-json\/wp\/v2\/posts"}],"about":[{"href":"https:\/\/www.europesays.com\/es\/wp-json\/wp\/v2\/types\/post"}],"author":[{"embeddable":true,"href":"https:\/\/www.europesays.com\/es\/wp-json\/wp\/v2\/users\/2"}],"replies":[{"embeddable":true,"href":"https:\/\/www.europesays.com\/es\/wp-json\/wp\/v2\/comments?post=135793"}],"version-history":[{"count":0,"href":"https:\/\/www.europesays.com\/es\/wp-json\/wp\/v2\/posts\/135793\/revisions"}],"wp:featuredmedia":[{"embeddable":true,"href":"https:\/\/www.europesays.com\/es\/wp-json\/wp\/v2\/media\/135794"}],"wp:attachment":[{"href":"https:\/\/www.europesays.com\/es\/wp-json\/wp\/v2\/media?parent=135793"}],"wp:term":[{"taxonomy":"category","embeddable":true,"href":"https:\/\/www.europesays.com\/es\/wp-json\/wp\/v2\/categories?post=135793"},{"taxonomy":"post_tag","embeddable":true,"href":"https:\/\/www.europesays.com\/es\/wp-json\/wp\/v2\/tags?post=135793"}],"curies":[{"name":"wp","href":"https:\/\/api.w.org\/{rel}","templated":true}]}}