{"id":135803,"date":"2025-09-24T13:58:10","date_gmt":"2025-09-24T13:58:10","guid":{"rendered":"https:\/\/www.europesays.com\/es\/135803\/"},"modified":"2025-09-24T13:58:10","modified_gmt":"2025-09-24T13:58:10","slug":"acceso-a-listas-de-empleo-abiertas-listado-definitivo-de-personas-admitidas-y-excluidas-stec-ic","status":"publish","type":"post","link":"https:\/\/www.europesays.com\/es\/135803\/","title":{"rendered":"Acceso a listas de empleo abiertas &#8211; Listado definitivo de personas admitidas y excluidas &#8211; STEC-IC"},"content":{"rendered":"<ol>\n<li><a href=\"https:\/\/news.google.com\/rss\/articles\/CBMi7wFBVV95cUxOOTRuRVBxME5fcmZhLU0zSkJPSHhsQkh3VUFQRW1OWlFVTXJCTExaWFNXeHBBQ1VLdjNBV1p2Mk9MQjFjWjVZTmxfUlFTdldLcW1xc0tFMUdsYWNYaTh3aklMbkZsemQ3SlFsU2V5Ukh2WjNLNGRpd2F2OUg3NTk0ZlNnQkVsRFBSTlBhM2UwTHRpR0gtUVFfWFVlT3FaMUFOM21nbzFOZHlmU1B3ZS0tZy15OGZyME5KWERNVnNCVlZtLXFwamVBbVpfdk1IR0NhRlpNSThnT3hUVTFQeHRpVzdyZUtONEV5M3B0bWgwbw?oc=5\" target=\"_blank\" rel=\"nofollow noopener\">Acceso a listas de empleo abiertas &#8211; Listado definitivo de personas admitidas y excluidas<\/a>&nbsp;&nbsp;STEC-IC<\/li>\n<li><a href=\"https:\/\/news.google.com\/rss\/articles\/CBMi7gJBVV95cUxOalhBUHBZNlhkMDViOHdpZ1ljVHRsLWwyYkI1Tl9ETWp1bk9GdWs0Q3JvTkh1aVJmbTJnYWQ5V0Ftbk5TYVpZY2JYNXpRQWRUYmRXSW9ybG1sdzNSMUhWaGU0cUM1NXh5RVJDekQ0V3ZuamxhZTdmaERMNDE2ZThXTmZVemREaG0zX05CQk54OUpwUVpyaTgtN0d2eGFLVkNPT1pEZVhIWVJaRUJfeE9JQ2dKdHprYnFiOFZqNlM2R21IXzBfTW41QVNDVTRVMXJtN3h3YzBpLWVVWk5zSnB4aGRLRmM2cjFXaFNoODFiWDBQZWJQbkZTZS14Y21lUS1ha0VxQUplQ0h2UjR1SS16ZTFveXhEZWExUDU2a1lRcFJCc01PaS1FRDJ4YkJPc1VQTS1ncml5WVhSSU1NTi1nekhtczJGU25vNll4RlA4ejF5N0lEXzFDWFhicUtWcUV4UHN6RkptbjdpVVBjOHc?oc=5\" target=\"_blank\" rel=\"nofollow noopener\">Listas de aspirantes a desempe\u00f1ar puestos docentes en r\u00e9gimen de interinidad. Convocatoria de acto p\u00fablico para AL, Servicios a la Comunidad e Intervenci\u00f3n Sociocomunitaria.<\/a>&nbsp;&nbsp;Federaci\u00f3n de Ense\u00f1anza de CCOO de Madrid<\/li>\n<li><a href=\"https:\/\/news.google.com\/rss\/articles\/CBMibkFVX3lxTE55UTQwdGlaVkVTNXQxMzl0Smk3RmUtN21TQmF0Wmk1VFpLdTUyU2ZEOEtPcmxQcUE5Mjh4YUpOMVRSd2pJc2VoVVBUUTV3c25HR0NwbklUWHBmcGFqc09aekoxVWNaWDFDNXJINWtR?oc=5\" target=\"_blank\" rel=\"nofollow noopener\">Interinos: curso 2025\/2026. Activada la consulta en l\u00ednea.<\/a>&nbsp;&nbsp;CSIF<\/li>\n<li><a href=\"https:\/\/news.google.com\/rss\/articles\/CBMibkFVX3lxTE02YWhfOEk3VlpSMFRLQTJ2ZVkzcmNEQnFFUHNCYnc4aUtCMmN6Rk04S2F3YmdWSmh5ZFpPZVdHSnlqS1hpTTZlckFPVmM4UnVhd0tfbWc0MXo0eThBUmNUcXl0dFVxdmRrVG4wNEZR?oc=5\" target=\"_blank\" rel=\"nofollow noopener\">Interinos. Listas extraordinarias din\u00e1micas. Curso 25\/26.\u2026<\/a>&nbsp;&nbsp;CSIF<\/li>\n<\/ol>\n","protected":false},"excerpt":{"rendered":"Acceso a listas de empleo abiertas &#8211; Listado definitivo de personas admitidas y excluidas&nbsp;&nbsp;STEC-IC Listas de aspirantes a&hellip;\n","protected":false},"author":2,"featured_media":135804,"comment_status":"","ping_status":"","sticky":false,"template":"","format":"standard","meta":{"footnotes":""},"categories":[5],"tags":[17,18,25,24,13,14,11,19,20,9,10,15,16,23,12,21,22],"class_list":{"0":"post-135803","1":"post","2":"type-post","3":"status-publish","4":"format-standard","5":"has-post-thumbnail","7":"category-titulares","8":"tag-breaking-news","9":"tag-breakingnews","10":"tag-es","11":"tag-espana","12":"tag-featured-news","13":"tag-featurednews","14":"tag-headlines","15":"tag-latest-news","16":"tag-latestnews","17":"tag-news","18":"tag-noticias","19":"tag-noticias-destacadas","20":"tag-noticiasdestacadas","21":"tag-spain","22":"tag-titulares","23":"tag-ultimas-noticias","24":"tag-ultimasnoticias"},"share_on_mastodon":{"url":"","error":""},"_links":{"self":[{"href":"https:\/\/www.europesays.com\/es\/wp-json\/wp\/v2\/posts\/135803","targetHints":{"allow":["GET"]}}],"collection":[{"href":"https:\/\/www.europesays.com\/es\/wp-json\/wp\/v2\/posts"}],"about":[{"href":"https:\/\/www.europesays.com\/es\/wp-json\/wp\/v2\/types\/post"}],"author":[{"embeddable":true,"href":"https:\/\/www.europesays.com\/es\/wp-json\/wp\/v2\/users\/2"}],"replies":[{"embeddable":true,"href":"https:\/\/www.europesays.com\/es\/wp-json\/wp\/v2\/comments?post=135803"}],"version-history":[{"count":0,"href":"https:\/\/www.europesays.com\/es\/wp-json\/wp\/v2\/posts\/135803\/revisions"}],"wp:featuredmedia":[{"embeddable":true,"href":"https:\/\/www.europesays.com\/es\/wp-json\/wp\/v2\/media\/135804"}],"wp:attachment":[{"href":"https:\/\/www.europesays.com\/es\/wp-json\/wp\/v2\/media?parent=135803"}],"wp:term":[{"taxonomy":"category","embeddable":true,"href":"https:\/\/www.europesays.com\/es\/wp-json\/wp\/v2\/categories?post=135803"},{"taxonomy":"post_tag","embeddable":true,"href":"https:\/\/www.europesays.com\/es\/wp-json\/wp\/v2\/tags?post=135803"}],"curies":[{"name":"wp","href":"https:\/\/api.w.org\/{rel}","templated":true}]}}