{"id":135811,"date":"2025-09-24T14:05:14","date_gmt":"2025-09-24T14:05:14","guid":{"rendered":"https:\/\/www.europesays.com\/es\/135811\/"},"modified":"2025-09-24T14:05:14","modified_gmt":"2025-09-24T14:05:14","slug":"un-expiloto-de-f1-senala-directamente-a-mclaren-f1-tras-el-gp-de-azerbaiyan-todo-se-vino-abajo","status":"publish","type":"post","link":"https:\/\/www.europesays.com\/es\/135811\/","title":{"rendered":"Un expiloto de F1 se\u00f1ala directamente a McLaren F1 tras el GP de Azerbaiy\u00e1n: \u201cTodo se vino abajo\u201d"},"content":{"rendered":"<p data-journey-content=\"true\" data-node-id=\"3\" class=\"css-6wxqfj emevuu60\">El<strong data-node-id=\"3.1\"> Gran Premio de Azerbaiy\u00e1n<\/strong> se convirti\u00f3 en un fin de semana de resultados alocados. Una clasificaci\u00f3n con <strong data-node-id=\"3.3\">6 banderas rojas <\/strong>provoc\u00f3 que la parrilla fuera <a href=\"https:\/\/www.caranddriver.com\/es\/formula-1\/a67976921\/carlos-sainz-roza-pole-historica-williams-gp-azerbaiyan-f1-seis-banderas-rojas-baku\/\" target=\"_blank\" data-vars-ga-outbound-link=\"https:\/\/www.caranddriver.com\/es\/formula-1\/a67976921\/carlos-sainz-roza-pole-historica-williams-gp-azerbaiyan-f1-seis-banderas-rojas-baku\/\" data-vars-ga-ux-element=\"Hyperlink\" data-vars-ga-call-to-action=\"notablemente diferente\" data-node-id=\"3.5\" class=\"body-link css-168zq96 emevuu60\" rel=\"nofollow noopener\">notablemente diferente<\/a> a la habitual. Esto permiti\u00f3 que algunos pilotos de la zona media pudieran so\u00f1ar, como <strong data-node-id=\"3.7\">Carlos Sainz<\/strong>, que firm\u00f3 su <a href=\"https:\/\/www.caranddriver.com\/es\/formula-1\/a67979272\/carlos-sainz-pletorico-hazana-williams-f1-gp-azerbaiyan-podio-carrera\/\" target=\"_blank\" data-vars-ga-outbound-link=\"https:\/\/www.caranddriver.com\/es\/formula-1\/a67979272\/carlos-sainz-pletorico-hazana-williams-f1-gp-azerbaiyan-podio-carrera\/\" data-vars-ga-ux-element=\"Hyperlink\" data-vars-ga-call-to-action=\"primer podio\" data-node-id=\"3.9\" class=\"body-link css-168zq96 emevuu60\" rel=\"nofollow noopener\">primer podio<\/a> con Williams. Sin embargo, en <strong data-node-id=\"3.11\">McLaren <\/strong>nadie sali\u00f3 contento. En unas declaraciones para RacingNews365, <strong data-node-id=\"3.13\">Brabham <\/strong>destaca que el equipo no podr\u00e1 esconder las malas sensaciones: \u201c<strong data-node-id=\"3.15\">Todo se vino abajo en Bak\u00fa<\/strong>, obviamente en condiciones dif\u00edciles. Hubo demasiados errores que fueron muy costosos. Hay que preguntarse: \u00bfpor qu\u00e9?\u201d.<\/p>\n<p>Max Verstappen, la otra cara de la moneda<\/p>\n<p data-journey-content=\"true\" data-node-id=\"7\" class=\"css-6wxqfj emevuu60\"><strong data-node-id=\"7.0\">Red Bull <\/strong>sell\u00f3 una actuaci\u00f3n que signific\u00f3 un golpe sobre la mesa para lo que resta de temporada. El neerland\u00e9s acumula dos victorias seguidas y<strong data-node-id=\"7.2\"> podr\u00eda incluso so\u00f1ar<\/strong> con volver a meterse en la pelea si los de Woking siguen fallando. El expiloto apunta la diferencia entre el tetracampe\u00f3n del mundo y los pilotos de McLaren: \u201cMcLaren y Oscar tuvieron uno de esos fines de semana malos; simplemente no les sali\u00f3 bien. Pero miren a alguien como Max, quien nuevamente <strong data-node-id=\"7.4\">dio un ejemplo perfecto de lo que es un campe\u00f3n del mundo<\/strong>\u201d.<\/p>\n<p data-journey-content=\"true\" data-node-id=\"9\" class=\"css-6wxqfj emevuu60\"><strong data-node-id=\"9.0\">Lando Norris<\/strong> consigui\u00f3 recortar distancias en la pelea con su compa\u00f1ero, aunque se qued\u00f3 con ganas de mucho m\u00e1s. El <strong data-node-id=\"9.2\">accidente de Oscar Piastri <\/strong>en la primera vuelta le dej\u00f3 una oportunidad de oro para ponerse lo m\u00e1s cerca posible, pero el brit\u00e1nico no consigui\u00f3 remontar en pista, algo que recalca Brabham: \u201c<strong data-node-id=\"9.4\">Tuvo una gran oportunidad<\/strong>, sobre todo en la clasificaci\u00f3n, de ascender en la parrilla, pero no lo logr\u00f3\u201d.<\/p>\n<p><img draggable=\"true\" alt=\"f1 grand prix of azerbaijan practice\" title=\"F1 Grand Prix of Azerbaijan - Practice\" loading=\"lazy\" width=\"4763\" height=\"3402\" decoding=\"async\" data-nimg=\"1\" style=\"color:transparent;width:100%;height:auto;\"   src=\"https:\/\/www.europesays.com\/es\/wp-content\/uploads\/2025\/09\/lando-norris-of-great-britain-driving-the-mclaren-mcl39-news-photo-1758712263.pjpeg\" class=\"css-0 e1g79fud0\"\/><a target=\"_blank\" rel=\"noopener nofollow\" data-theme-key=\"base-link\" href=\"https:\/\/pinterest.com\/pin\/create\/button\/?url=https:\/\/www.caranddriver.com\/es\/formula-1\/a68032556\/expiloto-f1-senala-directamente-mclaren-f1-tras-gp-azerbaiyan-todo-se-vino-abajo\/&amp;description=&amp;media=https:\/\/hips.hearstapps.com\/hmg-prod\/images\/lando-norris-of-great-britain-driving-the-mclaren-mcl39-news-photo-1758712263.pjpeg?resize=1600:*\" class=\"pinterest css-on9hn5 e1c1bym14\"><img decoding=\"async\" data-dynamic-svg=\"true\" src=\"https:\/\/www.caranddriver.com\/_assets\/design-tokens\/fre\/static\/icons\/social\/pinterest.e8cf655.svg?primary=%2523ffffff\" loading=\"lazy\" data-testid=\"dynamic-svg-base\" height=\"auto\" width=\"auto\" alt=\"pinterest\" class=\"css-4lml0h e1mlxuuw1\"\/><\/a><\/p>\n<p>Mark Sutton &#8211; Formula 1\/\/Getty Images<\/p>\n<p data-journey-content=\"true\" data-node-id=\"14\" class=\"css-6wxqfj emevuu60\">Un mundial se decide por cualquier m\u00ednimo detalle. En ese sentido, la experiencia juega un papel fundamental a la hora de rendir en el momento clave. Pese a que el resultado de Norris fue mejor y pudo puntuar, el expiloto advierte que en el otro lado del garaje de McLaren seguramente estar\u00edan m\u00e1s contentos: \u201cEn la carrera, obviamente, por c\u00f3mo estaba la pista y lo poco efecto que parec\u00eda tener el DRS, <strong data-node-id=\"14.1\">simplemente no pudo avanzar<\/strong>. As\u00ed que fue una oportunidad perdida, desde el punto de vista de Lando, y creo que Oscar definitivamente se fue del fin de semana pensando \u2018<strong data-node-id=\"14.3\">esto podr\u00eda haber ido mucho peor<\/strong>\u2019.<\/p>\n<p>Oscar Piastri puede fallar<\/p>\n<p data-journey-content=\"true\" data-node-id=\"17\" class=\"css-6wxqfj emevuu60\">El australiano se hab\u00eda mostrado como una figura similar a un robot, sin errores, sin emociones, una m\u00e1quina casi perfecta para sumar primeros puestos. Sin embargo, el piloto no tuvo su fin de semana en Bak\u00fa tras <strong data-node-id=\"17.1\">meter la pata por partida doble<\/strong>, primero en clasificaci\u00f3n y despu\u00e9s en carrera. Adem\u00e1s, tendr\u00e1 que cumplir con su<strong data-node-id=\"17.3\"> sanci\u00f3n<\/strong> por saltarse la salida en el pr\u00f3ximo GP.<\/p>\n<p>Contenidos relacionados<img src=\"https:\/\/www.europesays.com\/es\/wp-content\/uploads\/2025\/09\/1758722714_866_d3baca1e-d34f-44ac-842c-f2c50fb6b579_1737539442.file\" alt=\"Headshot of Alejandro Fern\u00e1ndez Montealegre\" title=\"Headshot of Alejandro Fern\u00e1ndez Montealegre\" width=\"100%\" height=\"100%\" decoding=\"async\" loading=\"lazy\" class=\"css-o0wq4v ev8dhu53\"\/><\/p>\n<p>Amante del mundo del motor en todas sus versiones, desde salir tranquilamente de ruta hasta escuchar a Lobato dej\u00e1ndose las cuerdas vocales en una vuelta importante de F1. Que mi abuelo fuera mec\u00e1nico seguramente influyera en que me llamara la atenci\u00f3n todo este mundo. \u00a0<\/p>\n","protected":false},"excerpt":{"rendered":"El Gran Premio de Azerbaiy\u00e1n se convirti\u00f3 en un fin de semana de resultados alocados. Una clasificaci\u00f3n con&hellip;\n","protected":false},"author":2,"featured_media":135812,"comment_status":"","ping_status":"","sticky":false,"template":"","format":"standard","meta":{"footnotes":""},"categories":[270],"tags":[168,253,25,24,306,271,272,23,167],"class_list":{"0":"post-135811","1":"post","2":"type-post","3":"status-publish","4":"format-standard","5":"has-post-thumbnail","7":"category-formula-1","8":"tag-deportes","9":"tag-discover","10":"tag-es","11":"tag-espana","12":"tag-f1","13":"tag-formula-1","14":"tag-formula1","15":"tag-spain","16":"tag-sports"},"share_on_mastodon":{"url":"","error":""},"_links":{"self":[{"href":"https:\/\/www.europesays.com\/es\/wp-json\/wp\/v2\/posts\/135811","targetHints":{"allow":["GET"]}}],"collection":[{"href":"https:\/\/www.europesays.com\/es\/wp-json\/wp\/v2\/posts"}],"about":[{"href":"https:\/\/www.europesays.com\/es\/wp-json\/wp\/v2\/types\/post"}],"author":[{"embeddable":true,"href":"https:\/\/www.europesays.com\/es\/wp-json\/wp\/v2\/users\/2"}],"replies":[{"embeddable":true,"href":"https:\/\/www.europesays.com\/es\/wp-json\/wp\/v2\/comments?post=135811"}],"version-history":[{"count":0,"href":"https:\/\/www.europesays.com\/es\/wp-json\/wp\/v2\/posts\/135811\/revisions"}],"wp:featuredmedia":[{"embeddable":true,"href":"https:\/\/www.europesays.com\/es\/wp-json\/wp\/v2\/media\/135812"}],"wp:attachment":[{"href":"https:\/\/www.europesays.com\/es\/wp-json\/wp\/v2\/media?parent=135811"}],"wp:term":[{"taxonomy":"category","embeddable":true,"href":"https:\/\/www.europesays.com\/es\/wp-json\/wp\/v2\/categories?post=135811"},{"taxonomy":"post_tag","embeddable":true,"href":"https:\/\/www.europesays.com\/es\/wp-json\/wp\/v2\/tags?post=135811"}],"curies":[{"name":"wp","href":"https:\/\/api.w.org\/{rel}","templated":true}]}}