{"id":135815,"date":"2025-09-24T14:07:13","date_gmt":"2025-09-24T14:07:13","guid":{"rendered":"https:\/\/www.europesays.com\/es\/135815\/"},"modified":"2025-09-24T14:07:13","modified_gmt":"2025-09-24T14:07:13","slug":"los-socios-de-unionistas-votaran-en-asamblea-llegar-a-un-presupuesto-de-dos-millones-de-euros","status":"publish","type":"post","link":"https:\/\/www.europesays.com\/es\/135815\/","title":{"rendered":"Los socios de Unionistas votar\u00e1n en Asamblea llegar a un presupuesto de dos millones de euros"},"content":{"rendered":"<p class=\"paragraph-atom &#10;        A-500-300-700-N A-550-300-700-N--md  \">Unionistas de Salamanca ha publicado las cuentas econ\u00f3micas que tendr\u00e1n que aprobar o no los socios en la Asamblea General Ordinaria. El pr\u00f3ximo s\u00e1bado, en el CM Juli\u00e1n S\u00e1nchez &#8216;El Charro&#8217;, los socios tomar\u00e1n la palabra para decidir el futuro del club.<\/p>\n<p class=\"paragraph-atom &#10;        A-500-300-700-N A-550-300-700-N--md  \">La directiva ofrecer\u00e1 un prespuesto de dos millones de euros para la pr\u00f3xima temporada y los socios votar\u00e1n la propuesta. El club obtiene 75.000 euros extra por traspasos y pierde 125.000 euros por no participar en la Copa del Rey y gastar\u00e1 1.653 euros en la plantilla y en gastos generales (87.000 euros menos que la pasada campa\u00f1a seg\u00fan el propio club).<\/p>\n<p class=\"paragraph-atom &#10;        A-500-300-700-N A-550-300-700-N--md  \">El resultado real del club tras las facturas pendientes de la RFEF ser\u00e1 de 80.108,25 euros (siempre antes de Impuesto sobre Sociedades). \u00abLos ingresos que se pierden por la no participaci\u00f3n en la Copa del Rey se compensan en parte con ingresos extraordinarios por traspasos de Mikel Serrano y Oriol Riera\u00bb, explican desde el club.<\/p>\n","protected":false},"excerpt":{"rendered":"Unionistas de Salamanca ha publicado las cuentas econ\u00f3micas que tendr\u00e1n que aprobar o no los socios en la&hellip;\n","protected":false},"author":2,"featured_media":135816,"comment_status":"","ping_status":"","sticky":false,"template":"","format":"standard","meta":{"footnotes":""},"categories":[268],"tags":[19345,168,25,24,280,282,660,281,5028,23,167,8849,43017],"class_list":{"0":"post-135815","1":"post","2":"type-post","3":"status-publish","4":"format-standard","5":"has-post-thumbnail","7":"category-futbol","8":"tag-asamblea","9":"tag-deportes","10":"tag-es","11":"tag-espana","12":"tag-football","13":"tag-futbol","14":"tag-llegar","15":"tag-soccer","16":"tag-socios","17":"tag-spain","18":"tag-sports","19":"tag-unionistas","20":"tag-votaran"},"share_on_mastodon":{"url":"","error":""},"_links":{"self":[{"href":"https:\/\/www.europesays.com\/es\/wp-json\/wp\/v2\/posts\/135815","targetHints":{"allow":["GET"]}}],"collection":[{"href":"https:\/\/www.europesays.com\/es\/wp-json\/wp\/v2\/posts"}],"about":[{"href":"https:\/\/www.europesays.com\/es\/wp-json\/wp\/v2\/types\/post"}],"author":[{"embeddable":true,"href":"https:\/\/www.europesays.com\/es\/wp-json\/wp\/v2\/users\/2"}],"replies":[{"embeddable":true,"href":"https:\/\/www.europesays.com\/es\/wp-json\/wp\/v2\/comments?post=135815"}],"version-history":[{"count":0,"href":"https:\/\/www.europesays.com\/es\/wp-json\/wp\/v2\/posts\/135815\/revisions"}],"wp:featuredmedia":[{"embeddable":true,"href":"https:\/\/www.europesays.com\/es\/wp-json\/wp\/v2\/media\/135816"}],"wp:attachment":[{"href":"https:\/\/www.europesays.com\/es\/wp-json\/wp\/v2\/media?parent=135815"}],"wp:term":[{"taxonomy":"category","embeddable":true,"href":"https:\/\/www.europesays.com\/es\/wp-json\/wp\/v2\/categories?post=135815"},{"taxonomy":"post_tag","embeddable":true,"href":"https:\/\/www.europesays.com\/es\/wp-json\/wp\/v2\/tags?post=135815"}],"curies":[{"name":"wp","href":"https:\/\/api.w.org\/{rel}","templated":true}]}}