{"id":135819,"date":"2025-09-24T14:09:18","date_gmt":"2025-09-24T14:09:18","guid":{"rendered":"https:\/\/www.europesays.com\/es\/135819\/"},"modified":"2025-09-24T14:09:18","modified_gmt":"2025-09-24T14:09:18","slug":"un-atico-en-el-madrileno-barrio-de-embajadores-que-marca-tendencia","status":"publish","type":"post","link":"https:\/\/www.europesays.com\/es\/135819\/","title":{"rendered":"un \u00e1tico en el madrile\u00f1o barrio de Embajadores que marca tendencia"},"content":{"rendered":"<p id=\"ei3SP85rzYU\" data-wc=\"61\">La <a class=\"hm-link ho-link\" href=\"https:\/\/www.hola.com\/decoracion\/20250225814872\/como-planificar-reforma-casa-sin-estres-am\/\" data-mrf-recirculation=\"article-body-link\" rel=\"nofollow noopener\" target=\"_blank\">reforma integral\u00a0<\/a>de una vivienda antigua debe <strong>adaptarse<\/strong> al <strong>presente<\/strong>, <strong>respetando<\/strong> el <strong>pasado<\/strong> y teniendo en cuenta el <strong>futuro<\/strong>. Proceso que el arquitecto de interiores Bruno Lavedan ha seguido en este \u00e1tico en el barrio de Embajadores, en pleno centro de Madrid. Un proyecto que desaf\u00eda convenciones, entrelazando la<strong>\u00a0memoria del edificio<\/strong> con un<strong>\u00a0estilo de vida\u00a0<\/strong><strong>contempor\u00e1neo<\/strong> y cosmopolita.\u00a0\u00a0<\/p>\n<p id=\"exN2TMis6L\" data-wc=\"67\">En el proyecto, los <strong>materiales &#8216;raw&#8217;,<\/strong> fr\u00edos y c\u00e1lidos, son los encargados de <strong>dar vida<\/strong> y <strong>forma<\/strong> a un piso acogedor con <strong>gui\u00f1os<\/strong> a la <strong>d\u00e9cada de los 70<\/strong>, \u00e9poca de construcci\u00f3n original de la vivienda. Aqu\u00ed, la pureza de l\u00edneas, los acentos de color y la <strong>reinterpretaci\u00f3n<\/strong> de materiales como el <strong>pav\u00e9s<\/strong> construyen un <strong>hogar con personalidad<\/strong>, dise\u00f1ado para ser vivido y perdurar en el tiempo.<\/p>\n<p>  <img src=\"https:\/\/www.europesays.com\/es\/wp-content\/uploads\/2025\/09\/786418017eac-entrada-brunolavedan.jpg\"   width=\"1920\" height=\"1080\" loading=\"lazy\" decoding=\"async\" alt=\"Entrada al comedor con tabique de pay\u00e9s, mesa de comedor de madera, l\u00e1mpara negra y sillas de comedor met\u00e1licas y negras\" fetchpriority=\"auto\" class=\"image ho-image\"\/>\u00a9 Germ\u00e1n Saiz<\/p>\n<p> Tabiques de pav\u00e9s<\/p>\n<p id=\"eb7gfvXnVZg\">En esta vuelta a los 70, que busca la funcionalidad mediante la creatividad y la est\u00e9tica, Lavedan recuper\u00f3 los<strong>\u00a0tabiques de pav\u00e9s<\/strong>. Una soluci\u00f3n que no solo <strong>tamiza<\/strong> y transporta la <strong>luz<\/strong>, sino que tambi\u00e9n <strong>delimita<\/strong> espacios, a trav\u00e9s de un juego transl\u00facido de gran belleza.\u00a0<\/p>\n<p id=\"eZ3Mfg534k\">\u201cEs un material con una larga trayectoria que, sin embargo, cay\u00f3 en desuso por su uso excesivo y, a menudo, poco acertado sobre todo en los noventa y en los 2000. Pero, como ocurre con muchas <a class=\"hm-link ho-link\" href=\"https:\/\/www.hola.com\/decoracion\/20190318139102\/tendencias-decoracion-vintage\/\" data-mrf-recirculation=\"article-body-link\" rel=\"nofollow noopener\" target=\"_blank\">tendencias<\/a>, no se trata de que un material sea intr\u00ednsecamente &#8216;bueno o malo&#8217;, sino de c\u00f3mo se utiliza. En este proyecto, hemos querido rescatar el pav\u00e9s para demostrar su <strong>versatilidad<\/strong> y <strong>potencial<\/strong>. Su encanto reside en su capacidad para actuar como un lienzo transl\u00facido que juega con la luz, creando efectos visuales y sensaciones \u00fanicas\u201d, se\u00f1ala el interiorista.<\/p>\n<p>  <img src=\"https:\/\/www.europesays.com\/es\/wp-content\/uploads\/2025\/09\/e05da30575aa-salon-cocina-brunolavedan.jpg\"   width=\"1920\" height=\"1080\" loading=\"lazy\" decoding=\"async\" alt=\"Sal\u00f3n con cocina con sof\u00e1 de color naranja, isla de cocina, muebles de madera  hasta el techo, fotograf\u00eda en la pared, l\u00e1mpara de techo roja\" fetchpriority=\"auto\" class=\"image ho-image\"\/>\u00a9 Germ\u00e1n Saiz<\/p>\n<p> Espacios en com\u00fan<\/p>\n<p id=\"eVqKReRjrR\">Este piso madrile\u00f1o contaba con la t\u00edpica <a class=\"hm-link ho-link\" href=\"https:\/\/www.hola.com\/decoracion\/20210908195691\/ideas-decoracion-distribuir-casa-lm\/\" data-mrf-recirculation=\"article-body-link\" rel=\"nofollow noopener\" target=\"_blank\">distribuci\u00f3n<\/a> de la <strong>\u00e9poca<\/strong>, muy <strong>compartimentada<\/strong> con espacios peque\u00f1os y oscuros, por lo que esta era la primera prioridad. Se tiraron tabiques y se dise\u00f1\u00f3 una vivienda pensada para <strong>maximizar<\/strong> la<strong>\u00a0luz natural<\/strong> y adaptarse al <strong>ritmo de vida<\/strong> de sus propietarios. Una organizaci\u00f3n espacial que transforma por completo la funcionalidad del \u00e1tico, que ha <strong>mejorado<\/strong> el <strong>confort<\/strong> con nuevas carpinter\u00edas y climatizaci\u00f3n.\u00a0<\/p>\n<p id=\"eHFxRLL9KO\">Para ello, la <strong>zona de d\u00eda<\/strong> se concibe como un amplio espacio fluido, que integra <strong>sal\u00f3n<\/strong>, <strong>comedor<\/strong> y <strong>cocina<\/strong>, lo que favorece la convivencia y saca partido a los metros.<strong>\u00a0<\/strong>La paleta crom\u00e1tica de este espacio juega con blanco, negro, gris y madera, pero suma viveza con chispas de color, como el tono naranja del sof\u00e1 &#8216;Togo&#8217; de Michel Ducaroy para Ligne Roset de la zona de estar.\u00a0<\/p>\n<p id=\"etdZKf5JdL\">\u00a0<\/p>\n<p>  <img src=\"https:\/\/www.europesays.com\/es\/wp-content\/uploads\/2025\/09\/95cfd7278a13-cocina-brunolavedan.jpg\"   width=\"1080\" height=\"1800\" loading=\"lazy\" decoding=\"async\" alt=\"Cocina con isla de acero inoxidable con taburetes altos, muebles de cocina de madera hasta el techo, l\u00e1mpara de techo sobre la isla de color rojo\" fetchpriority=\"auto\" class=\"image ho-image\"\/>\u00a9 Germ\u00e1n Saiz<\/p>\n<p> Cocina abierta<\/p>\n<p id=\"ekxKBIc-dOr\">En este espacio com\u00fan, la <a class=\"hm-link ho-link\" href=\"https:\/\/www.hola.com\/decoracion\/20240912717668\/cocinas-abiertas-al-salon\/\" data-mrf-recirculation=\"article-body-link\" rel=\"nofollow noopener\" target=\"_blank\">cocina<\/a> juega un papel principal en el d\u00eda a d\u00eda, especialmente gracias a la isla. Los <strong>muebles de mader<\/strong><strong>a<\/strong> (de INKO) se <strong>elevan<\/strong> hasta el <strong>techo<\/strong>, optimizando el espacio, sin recargarlo. Respiro visual que tambi\u00e9n dan la encimera y el antepecho (de Dekton) en color claro, que aligeran ese gran frente.\u00a0<\/p>\n<p id=\"e2OE3X7v84N\">Aqu\u00ed, como ocurre en el resto de las estancias, el<strong>\u00a0toque de color<\/strong> lo pone el <strong>rojo<\/strong> de la gran <strong>l\u00e1mpara de techo<\/strong> sobre la isla de cocina, dise\u00f1ada en exclusiva por Bruno Lavedan.<\/p>\n<p>  <img src=\"https:\/\/www.europesays.com\/es\/wp-content\/uploads\/2025\/09\/d96d29431cd2-cocina-26brunolavedan.jpg\"   width=\"1080\" height=\"1800\" loading=\"lazy\" decoding=\"async\" alt=\"Isla de cocina con la encimera met\u00e1lica, la estructura de madera de roble, l\u00e1mpara de techo de color rojo y fotograf\u00eda en la pared\" fetchpriority=\"auto\" class=\"image ho-image\"\/>\u00a9 Germ\u00e1n Saiz<\/p>\n<p> Alrededor de la isla\u00a0<\/p>\n<p id=\"e8TjM6NgSZ\">Las<a class=\"hm-link ho-link\" href=\"https:\/\/www.hola.com\/decoracion\/20250421827094\/usos-isla-cocina\/\" data-mrf-recirculation=\"article-body-link\" rel=\"nofollow noopener\" target=\"_blank\">\u00a0islas de cocina\u00a0<\/a>juegan un papel importante en los hogares actuales, ya que aumentan la <strong>capacidad de almacenaje<\/strong>, ayudan en la distribuci\u00f3n, multiplican la <strong>superficie de trabajo<\/strong>, brindan un <strong>comedor informal<\/strong> y son un <strong>punto de reuni\u00f3n<\/strong>. Aqu\u00ed, se ha situado una isla central en <strong>acero inoxidable\u00a0<\/strong>macizo de 5 mm y frente de madera <strong>fresno<\/strong> natural, concebida para el disfrute y la conexi\u00f3n.<\/p>\n<p>  <img src=\"https:\/\/www.europesays.com\/es\/wp-content\/uploads\/2025\/09\/558986c496da-comedor-brunolavedan.jpg\"   width=\"1080\" height=\"1800\" loading=\"lazy\" decoding=\"async\" alt=\"Sal\u00f3n comedor con mesa de comedor de madera, pared de hormig\u00f3n, l\u00e1mpara de techo negra, cuadros en la pared, sillas met\u00e1licas y negras, taburete de madera\" fetchpriority=\"auto\" class=\"image ho-image\"\/>\u00a9 Germ\u00e1n Saiz<\/p>\n<p> Zona social para hacer vida<\/p>\n<p id=\"eDj2lDkxbAF\">La intervenci\u00f3n no busca borrar el pasado, sino que lo reinterpreta y lo incorpora. As\u00ed, materiales de siempre, como el lin\u00f3leo natural en los suelos o el yeso de las paredes, recuperan protagonismo con un uso contempor\u00e1neo, aportando car\u00e1cter y calidez. \u201cNo quer\u00eda imponer una est\u00e9tica, sino <strong>escuchar<\/strong> lo que el <strong>espacio<\/strong> ya contaba. La clave fue establecer un <strong>di\u00e1logo\u00a0<\/strong>entre los <strong>materiales<\/strong>, la <strong>luz<\/strong> y la <strong>historia<\/strong> del lugar, para crear una <a class=\"hm-link ho-link\" href=\"https:\/\/www.hola.com\/decoracion\/20250313819823\/casa-con-alma-autenticidad-y-estilo-lm\/\" data-mrf-recirculation=\"article-body-link\" rel=\"nofollow noopener\" target=\"_blank\">casa<\/a> que se sintiera <strong>vivida<\/strong>, <strong>honesta<\/strong> y plenamente <strong>contempor\u00e1nea<\/strong>\u201d explica Bruno Lavedan.<\/p>\n<p id=\"eBUr0Cif3SS\">Una forma de hacer las cosas que est\u00e1 presente en el espacio com\u00fan. Aqu\u00ed, el <strong>sal\u00f3n<\/strong> se sit\u00faa en el <strong>centro<\/strong>, entre la <strong>cocina<\/strong> y el <strong>comedor<\/strong>. De esta manera, se crea, sin divisiones, pero firmemente conectados, un sal\u00f3n comedor al uso, que facilita el d\u00eda a d\u00eda.<\/p>\n<p>  <img src=\"https:\/\/www.europesays.com\/es\/wp-content\/uploads\/2025\/09\/26be0642f279-terraza-brunolavedan.jpg\"   width=\"1080\" height=\"1800\" loading=\"lazy\" decoding=\"async\" alt=\"Terraza con pared de ladrillo, suelo de baldosas, silla\" fetchpriority=\"auto\" class=\"image ho-image\"\/>\u00a9 Germ\u00e1n Saiz<\/p>\n<p> Terraza urbana<\/p>\n<p id=\"emWypc5EydG\">M\u00e1s bien habr\u00eda que hablar de dos. Desde el espacio com\u00fan se accede a estas dos <a class=\"hm-link ho-link\" href=\"https:\/\/www.hola.com\/decoracion\/20220630210954\/decoracion-terrazas-urbanas-claves-de-estilo-am\/\" data-mrf-recirculation=\"article-body-link\" rel=\"nofollow noopener\" target=\"_blank\">terrazas<\/a>, que ofrecen inmejorables <strong>vistas<\/strong>, inundando de <strong>luz<\/strong> cada rinc\u00f3n. Estos espacios exteriores son todo un lujo en el centro de Madrid. Rincones que <strong>oxigenan<\/strong> la casa, proporcionan <strong>bienestar<\/strong> y potencian la <strong>comunicaci\u00f3n<\/strong> con el entorno y la ciudad. Silla Spaghetti de Giandomenico Belotti para Fly Line y aplique de pared de Faro Barcelona. \u00a0<\/p>\n<p>  <img src=\"https:\/\/www.europesays.com\/es\/wp-content\/uploads\/2025\/09\/b0d2396e0cc8-recibidor-brunolavedan.jpg\"   width=\"1080\" height=\"1800\" loading=\"lazy\" decoding=\"async\" alt=\"Pasillo con paredes de pay\u00e9s y de yeso, puertas de madera con u\u00f1era y l\u00e1mpara de pie met\u00e1lica con pantallas blancas\" fetchpriority=\"auto\" class=\"image ho-image\"\/>\u00a9 Germ\u00e1n Saiz<\/p>\n<p> Pasillo distribuidor<\/p>\n<p id=\"ewL8T9Vc2xK\">Los <strong>tabiques de pav\u00e9s\u00a0<\/strong><strong>vertebran<\/strong> las distintas zonas, ofreciendo una soluci\u00f3n <strong>inteligente<\/strong> y <strong>moderna<\/strong>, que demuestra que las tendencias se repiten. \u201cLo que lo hace especialmente atractivo es su capacidad para <strong>preservar<\/strong> la <strong>privacidad<\/strong> sin sacrificar la luminosidad. En este caso concreto, se convierte en un elemento clave para<a class=\"hm-link ho-link\" href=\"https:\/\/www.hola.com\/decoracion\/20240223249819\/ideas-separar-espacios-sin-tabiques-ms\/\" data-mrf-recirculation=\"article-body-link\" rel=\"nofollow noopener\" target=\"_blank\">\u00a0delimitar el espacio<\/a> sin levantar un muro opaco, permitiendo que la <strong>luz fluya<\/strong> y <strong>ampliando<\/strong> visualmente. El secreto de un buen dise\u00f1o es utilizar cada material con un prop\u00f3sito claro y el pav\u00e9s congeniaba perfectamente con la visi\u00f3n de un lugar que respira luz y serenidad\u201d, explica Lavedan.<\/p>\n<p id=\"eLiEt3nDnn\">Ese respeto por el pasado se muestra tambi\u00e9n en una de las paredes principales. As\u00ed, desvela la historia del inmueble, dejando a la vista el yeso original con las marcas del tiempo, un testimonio po\u00e9tico de las capas vividas por el espacio.<\/p>\n<p>  <img src=\"https:\/\/www.europesays.com\/es\/wp-content\/uploads\/2025\/09\/d1fc7db6a82f-puerta-brunolavedan.jpg\"   width=\"1080\" height=\"1800\" loading=\"lazy\" decoding=\"async\" alt=\"Puerta de paso de madera de acceso al dormitorio, tabique de pav\u00e9s\" fetchpriority=\"auto\" class=\"image ho-image\"\/>\u00a9 Germ\u00e1n Saiz<\/p>\n<p> Puertas que marcan el paso<\/p>\n<p id=\"e6K28JroT-\">Todo en este piso del barrio madrile\u00f1o de Embajadores tiene una raz\u00f3n de ser. As\u00ed, las<strong>\u00a0<\/strong><a class=\"hm-link ho-link\" href=\"https:\/\/www.hola.com\/decoracion\/20230314227769\/puertas-interior-casa-mejor-eleccion-am\/\" data-mrf-recirculation=\"article-body-link\" rel=\"nofollow noopener\" target=\"_blank\">puertas de interior<\/a><strong>,\u00a0<\/strong>dise\u00f1adas <strong>a medida<\/strong> por el propio Bruno Lavedan como muchos otros elementos de la vivienda, superan los dos metros y medio de altura y est\u00e1n realizadas en <strong>madera de pino<\/strong>, incorporando un discreto <strong>u\u00f1ero<\/strong>.\u00a0<\/p>\n<p id=\"eSvySrSxUOD\">Esta elecci\u00f3n, tanto del material como del dise\u00f1o, refuerza la <strong>pureza de l\u00edneas<\/strong> y se alinea con la<strong>\u00a0visi\u00f3n limpia<\/strong> y <strong>minimalista<\/strong> del proyecto. La combinaci\u00f3n del pav\u00e9s y la madera funciona a la perfecci\u00f3n.\u00a0<\/p>\n<p>  <img src=\"https:\/\/www.europesays.com\/es\/wp-content\/uploads\/2025\/09\/6c10c581abfd-despacho-brunolavedan.jpg\"   width=\"1080\" height=\"1800\" loading=\"lazy\" decoding=\"async\" alt=\"Despacho en casa con escritorio de madera a medida, sillas, librer\u00eda \" fetchpriority=\"auto\" class=\"image ho-image\"\/>\u00a9 Germ\u00e1n Saiz<\/p>\n<p> Despacho en casa<\/p>\n<p id=\"ecJ3E3uSwgn\">La originalidad y la creatividad definen el proyecto de Bruno Lavedan. As\u00ed, el <strong>espacio de trabajo\u00a0<\/strong>se integra de forma inteligente, <strong>ocult\u00e1ndose<\/strong> tras una <strong>cortina azul<\/strong> de onda perfecta cuando no est\u00e1 en uso, manteniendo la serenidad visual del \u00e1rea social.\u00a0<\/p>\n<p id=\"e2uiXkKHwEK\">La zona de escritorio doble cuenta con una mesa con cajones y armarios superiores a modo de cocina, con balda en el centro. Mientras que la t\u00edpica silla de oficina se ha sustituido por dos taburetes Mezzadro, dise\u00f1o de Achille &amp; Pier Giacomo Castiglioni para Zanotta. Este <a class=\"hm-link ho-link\" href=\"https:\/\/www.hola.com\/decoracion\/20241230738428\/crear-despacho-ideal-para-trabajar-con-exito-desde-casa-lm\/\" data-mrf-recirculation=\"article-body-link\" rel=\"nofollow noopener\" target=\"_blank\">despacho en casa<\/a> logra rentabilizar los metros, sin perder <strong>funcionalidad<\/strong> y <strong>est\u00e9tica<\/strong>. Todo un ejercicio de malabarismo del arquitecto de interiores.<\/p>\n<p>  <img src=\"https:\/\/www.europesays.com\/es\/wp-content\/uploads\/2025\/09\/10fb6ca7d9ac-dormitorio-brunolavedan.jpg\"   width=\"1080\" height=\"1800\" loading=\"lazy\" decoding=\"async\" alt=\"Dormitorio con columnas y vigas de hormig\u00f3n, cuadro en la pared, estor blanco y ropa de cama blanca\" fetchpriority=\"auto\" class=\"image ho-image\"\/>\u00a9 Germ\u00e1n Saiz<\/p>\n<p> Dormitorio en blanco<\/p>\n<p id=\"eWBv92g0s7m\">El <a class=\"hm-link ho-link\" href=\"https:\/\/www.hola.com\/decoracion\/20241118730052\/claves-utilizar-color-blanco-interiorismo-casa\/\" data-mrf-recirculation=\"article-body-link\" rel=\"nofollow noopener\" target=\"_blank\">blanco<\/a> se apodera del <strong>dormitorio<\/strong>, la vivienda cuenta con dos, sin perder en ning\u00fan momento la conexi\u00f3n con el resto de los espacios, gracias nuevamente a los <strong>materiales<\/strong>. Aqui el <strong>yeso<\/strong> y el <strong>suelo de lin\u00f3leo<\/strong> conectan con el esp\u00edritu acogedor y la <strong>personalidad<\/strong> de la vivienda, creando una caja sencilla, pero confortable, al mismo tiempo.<\/p>\n<p>  <img src=\"https:\/\/www.europesays.com\/es\/wp-content\/uploads\/2025\/09\/2b2223ade9fa-bano-brunolavedan.jpg\"   width=\"1080\" height=\"1800\" loading=\"lazy\" decoding=\"async\" alt=\"Ba\u00f1o con encimera de piedra roja, espejo, mueble met\u00e1lico, ducha tras pared de pav\u00e9s\" fetchpriority=\"auto\" class=\"image ho-image\"\/>\u00a9 Germ\u00e1n Saiz<\/p>\n<p> Ba\u00f1o con ducha<\/p>\n<p id=\"eVHTkRBhlkn\">Si hay una estancia en la que se manifiesta la audacia y la personalidad del proyecto es en el <a class=\"hm-link ho-link\" href=\"https:\/\/www.hola.com\/decoracion\/20240925719332\/ideas-para-elevar-decoracion-bano\/\" data-mrf-recirculation=\"article-body-link\" rel=\"nofollow noopener\" target=\"_blank\">ba\u00f1o<\/a>. As\u00ed, un gran<strong>\u00a0lavabo de m\u00e1rmol<\/strong> rojo Alicante, dise\u00f1ado por el estudio, de doble grifer\u00eda y una singular disposici\u00f3n de<strong>\u00a0dos duchas\u00a0<\/strong><strong>enfrentadas<\/strong>.<\/p>\n<p id=\"eiish40wya\">Nuevamente, el <strong>pav\u00e9s<\/strong> tiene un papel protagonista. Un gui\u00f1o l\u00fadico que, combinado con el <strong>gresite<\/strong>, evocan la atm\u00f3sfera de un<strong>\u00a0vestuario cl\u00e1sico<\/strong> con un giro moderno. De esta forma, se permite la circulaci\u00f3n de la luz, pero se mantiene la privacidad en el momento de la higiene, realzando el encanto de la estancia.\u00a0<\/p>\n","protected":false},"excerpt":{"rendered":"La reforma integral\u00a0de una vivienda antigua debe adaptarse al presente, respetando el pasado y teniendo en cuenta el&hellip;\n","protected":false},"author":2,"featured_media":135820,"comment_status":"","ping_status":"","sticky":false,"template":"","format":"standard","meta":{"footnotes":""},"categories":[173],"tags":[229,233,231,230,8372,14046,232,234,146,147,25,24,6120,23,15718],"class_list":{"0":"post-135819","1":"post","2":"type-post","3":"status-publish","4":"format-standard","5":"has-post-thumbnail","7":"category-arte-y-diseno","8":"tag-arte","9":"tag-arte-y-diseno","10":"tag-arts","11":"tag-arts-and-design","12":"tag-decoracion","13":"tag-decoracion-de-interiores","14":"tag-design","15":"tag-diseno","16":"tag-entertainment","17":"tag-entretenimiento","18":"tag-es","19":"tag-espana","20":"tag-reformas","21":"tag-spain","22":"tag-tendencias-decoracion"},"share_on_mastodon":{"url":"","error":""},"_links":{"self":[{"href":"https:\/\/www.europesays.com\/es\/wp-json\/wp\/v2\/posts\/135819","targetHints":{"allow":["GET"]}}],"collection":[{"href":"https:\/\/www.europesays.com\/es\/wp-json\/wp\/v2\/posts"}],"about":[{"href":"https:\/\/www.europesays.com\/es\/wp-json\/wp\/v2\/types\/post"}],"author":[{"embeddable":true,"href":"https:\/\/www.europesays.com\/es\/wp-json\/wp\/v2\/users\/2"}],"replies":[{"embeddable":true,"href":"https:\/\/www.europesays.com\/es\/wp-json\/wp\/v2\/comments?post=135819"}],"version-history":[{"count":0,"href":"https:\/\/www.europesays.com\/es\/wp-json\/wp\/v2\/posts\/135819\/revisions"}],"wp:featuredmedia":[{"embeddable":true,"href":"https:\/\/www.europesays.com\/es\/wp-json\/wp\/v2\/media\/135820"}],"wp:attachment":[{"href":"https:\/\/www.europesays.com\/es\/wp-json\/wp\/v2\/media?parent=135819"}],"wp:term":[{"taxonomy":"category","embeddable":true,"href":"https:\/\/www.europesays.com\/es\/wp-json\/wp\/v2\/categories?post=135819"},{"taxonomy":"post_tag","embeddable":true,"href":"https:\/\/www.europesays.com\/es\/wp-json\/wp\/v2\/tags?post=135819"}],"curies":[{"name":"wp","href":"https:\/\/api.w.org\/{rel}","templated":true}]}}