{"id":135821,"date":"2025-09-24T14:10:07","date_gmt":"2025-09-24T14:10:07","guid":{"rendered":"https:\/\/www.europesays.com\/es\/135821\/"},"modified":"2025-09-24T14:10:07","modified_gmt":"2025-09-24T14:10:07","slug":"migracion-tiempo-y-desarraigo-las-claves-de-una-casa-en-la-ciudad-la-nueva-obra-de-ilu-ros-ocio-y-cultura","status":"publish","type":"post","link":"https:\/\/www.europesays.com\/es\/135821\/","title":{"rendered":"Migraci\u00f3n, tiempo y desarraigo: las claves de Una casa en la ciudad, la nueva obra de Ilu Ros | Ocio y cultura"},"content":{"rendered":"<p class=\"loc\">A Coru\u00f1a<\/p>\n<p>La escritora e ilustradora murciana Ilu Ros visit\u00f3 por primera vez A Coru\u00f1a para participar en el programa Hoy por Hoy de Radio Coru\u00f1a Cadena SER y presentar su \u00faltimo trabajo, \u00abUna casa en la ciudad\u00bb. La autora se dio a conocer con Federico, biograf\u00eda ilustrada de Federico Garc\u00eda Lorca publicada en 2021 y reconocida por diversos medios entre los mejores libros del a\u00f1o.<\/p>\n<p>En esta ocasi\u00f3n, Ros da un paso m\u00e1s hacia lo personal con una obra en la que mezcla c\u00f3mic y libro ilustrado para narrar su propia experiencia vital.<\/p>\n<p>Una mirada a la migraci\u00f3n y a la b\u00fasqueda de un lugar<\/p>\n<p>Una casa en la ciudad surge tras su regreso a Londres en el verano de 2023, ciudad en la que hab\u00eda vivido durante varios a\u00f1os tras la crisis econ\u00f3mica de 2008. \u201cEs un libro sobre migraci\u00f3n, sobre las expectativas que ten\u00edamos los j\u00f3venes y sobre la b\u00fasqueda de un lugar en el mundo\u201d, explic\u00f3 en la entrevista.<\/p>\n<p>La autora refleja las dificultades de encontrar vivienda, la precariedad laboral y la sensaci\u00f3n de desarraigo, temas que conectan directamente con la realidad de muchos j\u00f3venes en Espa\u00f1a: \u201cHoy en d\u00eda la imposibilidad de tener un lugar propio es un problema compartido en ciudades grandes y peque\u00f1as\u201d, apunt\u00f3.<\/p>\n<p>Un juego visual entre color y blanco y negro<\/p>\n<p>La obra, de casi 300 p\u00e1ginas, combina vi\u00f1etas en blanco y negro \u2014que representan los recuerdos\u2014 con ilustraciones en color y collage que recrean el presente. \u201cQuer\u00eda mostrar c\u00f3mo se cruzan la Ilu del pasado y la del presente\u201d, detall\u00f3 Ros, subrayando la importancia de la experimentaci\u00f3n art\u00edstica y de romper las categor\u00edas entre c\u00f3mic y libro ilustrado.<\/p>\n<p>Literatura, arte y amistad como refugio<\/p>\n<p>Para Ros, la literatura y la ilustraci\u00f3n funcionan como una forma de resistencia personal: \u201cCuando estaba en Londres y me sent\u00eda m\u00e1s perdida, el arte era un lugar donde volv\u00eda a encontrarme a m\u00ed misma\u201d, record\u00f3. En Una casa en la ciudad, tambi\u00e9n cobra fuerza el papel de la amistad como soporte frente a la distancia con la familia y la sensaci\u00f3n de no encajar del todo al volver.<\/p>\n<p>Presentaci\u00f3n en A Coru\u00f1a<\/p>\n<p>Ilu Ros presenta su obra esta tarde en la librer\u00eda Moito Conto a las 19:00 horas, en un encuentro con lectores donde comparti\u00f3 reflexiones sobre el proceso creativo y las vivencias que inspiran su nuevo trabajo. \u201cAl final el libro habla de c\u00f3mo el tiempo, m\u00e1s que la distancia, es lo que marca los cambios en nuestra vida\u201d, resumi\u00f3.<\/p>\n","protected":false},"excerpt":{"rendered":"A Coru\u00f1a La escritora e ilustradora murciana Ilu Ros visit\u00f3 por primera vez A Coru\u00f1a para participar en&hellip;\n","protected":false},"author":2,"featured_media":135822,"comment_status":"","ping_status":"","sticky":false,"template":"","format":"standard","meta":{"footnotes":""},"categories":[172],"tags":[224,146,147,25,24,225,23],"class_list":{"0":"post-135821","1":"post","2":"type-post","3":"status-publish","4":"format-standard","5":"has-post-thumbnail","7":"category-libros","8":"tag-books","9":"tag-entertainment","10":"tag-entretenimiento","11":"tag-es","12":"tag-espana","13":"tag-libros","14":"tag-spain"},"share_on_mastodon":{"url":"","error":""},"_links":{"self":[{"href":"https:\/\/www.europesays.com\/es\/wp-json\/wp\/v2\/posts\/135821","targetHints":{"allow":["GET"]}}],"collection":[{"href":"https:\/\/www.europesays.com\/es\/wp-json\/wp\/v2\/posts"}],"about":[{"href":"https:\/\/www.europesays.com\/es\/wp-json\/wp\/v2\/types\/post"}],"author":[{"embeddable":true,"href":"https:\/\/www.europesays.com\/es\/wp-json\/wp\/v2\/users\/2"}],"replies":[{"embeddable":true,"href":"https:\/\/www.europesays.com\/es\/wp-json\/wp\/v2\/comments?post=135821"}],"version-history":[{"count":0,"href":"https:\/\/www.europesays.com\/es\/wp-json\/wp\/v2\/posts\/135821\/revisions"}],"wp:featuredmedia":[{"embeddable":true,"href":"https:\/\/www.europesays.com\/es\/wp-json\/wp\/v2\/media\/135822"}],"wp:attachment":[{"href":"https:\/\/www.europesays.com\/es\/wp-json\/wp\/v2\/media?parent=135821"}],"wp:term":[{"taxonomy":"category","embeddable":true,"href":"https:\/\/www.europesays.com\/es\/wp-json\/wp\/v2\/categories?post=135821"},{"taxonomy":"post_tag","embeddable":true,"href":"https:\/\/www.europesays.com\/es\/wp-json\/wp\/v2\/tags?post=135821"}],"curies":[{"name":"wp","href":"https:\/\/api.w.org\/{rel}","templated":true}]}}