{"id":135843,"date":"2025-09-24T14:21:16","date_gmt":"2025-09-24T14:21:16","guid":{"rendered":"https:\/\/www.europesays.com\/es\/135843\/"},"modified":"2025-09-24T14:21:16","modified_gmt":"2025-09-24T14:21:16","slug":"el-servicio-de-idiomas-de-la-ull-analiza-el-papel-de-la-certificacion-en-la-empleabilidad-y-la-movilidad-internacional-noticias","status":"publish","type":"post","link":"https:\/\/www.europesays.com\/es\/135843\/","title":{"rendered":"El Servicio de Idiomas de la ULL analiza el papel de la certificaci\u00f3n en la empleabilidad y la movilidad internacional &#8211; Noticias"},"content":{"rendered":"<p class=\"date\">mi\u00e9rcoles 24 de septiembre de 2025 &#8211; 14:03 WEST <\/p>\n<p><img width=\"1200\" height=\"800\" src=\"https:\/\/www.europesays.com\/es\/wp-content\/uploads\/2025\/09\/IMG_5841-LOW.jpg\" class=\"attachment-full size-full wp-post-image\" alt=\"\" decoding=\"async\" fetchpriority=\"high\"   data-attachment-id=\"58974\" data-orig-file=\"https:\/\/www.europesays.com\/es\/wp-content\/uploads\/2025\/09\/IMG_5841-LOW.jpg\" data-orig-size=\"1200,800\" data-comments-opened=\"\" data-image-meta=\"{&quot;aperture&quot;:&quot;0&quot;,&quot;credit&quot;:&quot;&quot;,&quot;camera&quot;:&quot;&quot;,&quot;caption&quot;:&quot;&quot;,&quot;created_timestamp&quot;:&quot;0&quot;,&quot;copyright&quot;:&quot;&quot;,&quot;focal_length&quot;:&quot;0&quot;,&quot;iso&quot;:&quot;0&quot;,&quot;shutter_speed&quot;:&quot;0&quot;,&quot;title&quot;:&quot;&quot;,&quot;orientation&quot;:&quot;0&quot;}\" data-image-title=\"IMG_5841 LOW\" data-image-description=\"\" data-medium-file=\"https:\/\/fg.ull.es\/noticias\/wp-content\/uploads\/sites\/2\/2025\/09\/IMG_5841-LOW-300x200.jpg\" data-large-file=\"https:\/\/fg.ull.es\/noticias\/wp-content\/uploads\/sites\/2\/2025\/09\/IMG_5841-LOW-1024x683.jpg\"\/><\/p>\n<p>El <a href=\"https:\/\/fg.ull.es\/idiomas\/\" rel=\"nofollow noopener\" target=\"_blank\">Servicio de Idiomas<\/a> de la Universidad de La Laguna organiz\u00f3 ayer la <a href=\"https:\/\/www.ull.es\/portal\/agenda\/evento\/mesa-redonda-idiomas-y-empleabilidad-la-certificacion-como-pasaporte-para-la-movilidad\/\" rel=\"nofollow noopener\" target=\"_blank\">mesa redonda<\/a> \u201cIdiomas y empleabilidad: la certificaci\u00f3n como pasaporte para la movilidad\u201d, celebrada en el aula F0.6 de la Facultad de Econom\u00eda, Empresa y Turismo y enmarcada en el ciclo \u00abLa importancia de acreditar los idiomas\u00bb con motivo de su 30.\u00ba aniversario. La sesi\u00f3n puso de relieve que, pese al uso creciente de herramientas de traducci\u00f3n autom\u00e1tica, universidades, empresas e instituciones contin\u00faan exigiendo acreditaciones oficiales para acceder a programas Erasmus, pr\u00e1cticas y empleo cualificado.<\/p>\n<p>Participaron Domingo Dom\u00ednguez Mesa, responsable de la Unidad de Asuntos Europeos, Relaciones Institucionales y Coordinaci\u00f3n del Servicio Administrativo de Acci\u00f3n Exterior del Cabildo de Tenerife; <a href=\"https:\/\/portalciencia.ull.es\/investigadores\/152322\/detalle\" rel=\"nofollow noopener\" target=\"_blank\">Pearl Theresa Isidoria Michel<\/a>, profesora del Departamento de Filolog\u00eda Cl\u00e1sica, Francesa, \u00c1rabe y Rom\u00e1nica, de la Universidad de La Laguna; y Emanuela Guidi, docente del Servicio de Idioma). Moder\u00f3 Reinhard Dlugay, docente del Servicio y jefe de estudios.<\/p>\n<p>El debate puso sobre la mesa ventajas y retos: reconocimiento formal de competencias, acceso a becas y movilidad y la necesidad de reforzar el dominio de lenguas extranjeras. Desde la perspectiva docente se remarc\u00f3 que \u00abno solo hay que dominar el idioma, sino certificarlo. Si uno no certifica, el idioma no existe\u00bb; tambi\u00e9n que incluso para programas de voluntariado se requieren idiomas, lo que convierte la acreditaci\u00f3n en un \u201cpasaporte\u201d real para moverse acad\u00e9mica y profesionalmente.<\/p>\n<p>Se record\u00f3, adem\u00e1s, que la instituci\u00f3n acad\u00e9mica, a trav\u00e9s de su Servicio de Idiomas, ofrece diferentes v\u00edas de acreditaci\u00f3n: certificaciones internacionales reconocidas, pruebas de nivel del Servicio de Idiomas, competencias ling\u00fc\u00edsticas en algunas titulaciones y asignaturas espec\u00edficas que permiten acreditar niveles como B1.<\/p>\n<p>En el transcurso de la sesi\u00f3n se presentaron a la comunidad universitaria las l\u00edneas de Becas \u00c1frica y Becas Am\u00e9rica del Cabildo de Tenerife. Becas \u00c1frica no cuenta actualmente con convocatoria abierta. Por su parte, <a href=\"https:\/\/fifede.org\/proyecto-movilidad\/becas-america-2025\/\" rel=\"nofollow noopener\" target=\"_blank\">Becas Am\u00e9rica 2025<\/a> ofrece hasta 10 ayudas para realizar pr\u00e1cticas formativas no laborales en M\u00e9xico, Colombia o Uruguay, con estancias de hasta 8 meses e inicio previsto entre febrero y marzo de 2026; el plazo de solicitudes finaliza el 15 de octubre de 202.5. Adem\u00e1s, se detallaron las condiciones del programa que facilitan la movilidad: vuelos, alojamiento compartido, p\u00f3liza sanitaria y de responsabilidad, visado, vacunas (si procede) y una asignaci\u00f3n mensual de entre 500 y 900 euros, seg\u00fan destino y duraci\u00f3n.<\/p>\n<p>La actividad concluy\u00f3 con un turno de preguntas y el anuncio del sorteo de tres acciones formativas gratuitas del Servicio de Idiomas para el curso 2025\/2026 entre las personas asistentes.<\/p>\n","protected":false},"excerpt":{"rendered":"mi\u00e9rcoles 24 de septiembre de 2025 &#8211; 14:03 WEST El Servicio de Idiomas de la Universidad de La&hellip;\n","protected":false},"author":2,"featured_media":135844,"comment_status":"","ping_status":"","sticky":false,"template":"","format":"standard","meta":{"footnotes":""},"categories":[5],"tags":[17,18,25,24,13,14,11,19,20,9,10,15,16,23,12,21,22],"class_list":{"0":"post-135843","1":"post","2":"type-post","3":"status-publish","4":"format-standard","5":"has-post-thumbnail","7":"category-titulares","8":"tag-breaking-news","9":"tag-breakingnews","10":"tag-es","11":"tag-espana","12":"tag-featured-news","13":"tag-featurednews","14":"tag-headlines","15":"tag-latest-news","16":"tag-latestnews","17":"tag-news","18":"tag-noticias","19":"tag-noticias-destacadas","20":"tag-noticiasdestacadas","21":"tag-spain","22":"tag-titulares","23":"tag-ultimas-noticias","24":"tag-ultimasnoticias"},"share_on_mastodon":{"url":"","error":""},"_links":{"self":[{"href":"https:\/\/www.europesays.com\/es\/wp-json\/wp\/v2\/posts\/135843","targetHints":{"allow":["GET"]}}],"collection":[{"href":"https:\/\/www.europesays.com\/es\/wp-json\/wp\/v2\/posts"}],"about":[{"href":"https:\/\/www.europesays.com\/es\/wp-json\/wp\/v2\/types\/post"}],"author":[{"embeddable":true,"href":"https:\/\/www.europesays.com\/es\/wp-json\/wp\/v2\/users\/2"}],"replies":[{"embeddable":true,"href":"https:\/\/www.europesays.com\/es\/wp-json\/wp\/v2\/comments?post=135843"}],"version-history":[{"count":0,"href":"https:\/\/www.europesays.com\/es\/wp-json\/wp\/v2\/posts\/135843\/revisions"}],"wp:featuredmedia":[{"embeddable":true,"href":"https:\/\/www.europesays.com\/es\/wp-json\/wp\/v2\/media\/135844"}],"wp:attachment":[{"href":"https:\/\/www.europesays.com\/es\/wp-json\/wp\/v2\/media?parent=135843"}],"wp:term":[{"taxonomy":"category","embeddable":true,"href":"https:\/\/www.europesays.com\/es\/wp-json\/wp\/v2\/categories?post=135843"},{"taxonomy":"post_tag","embeddable":true,"href":"https:\/\/www.europesays.com\/es\/wp-json\/wp\/v2\/tags?post=135843"}],"curies":[{"name":"wp","href":"https:\/\/api.w.org\/{rel}","templated":true}]}}