{"id":135851,"date":"2025-09-24T14:28:08","date_gmt":"2025-09-24T14:28:08","guid":{"rendered":"https:\/\/www.europesays.com\/es\/135851\/"},"modified":"2025-09-24T14:28:08","modified_gmt":"2025-09-24T14:28:08","slug":"por-que-se-demora-la-renovacion-de-russell-con-mercedes-f1","status":"publish","type":"post","link":"https:\/\/www.europesays.com\/es\/135851\/","title":{"rendered":"Por qu\u00e9 se demora la renovaci\u00f3n de Russell con Mercedes F1"},"content":{"rendered":"<p>Para Mercedes, la temporada 2026 ser\u00e1 una especie de all-in. Despu\u00e9s de cuatro a\u00f1os en un in\u00e9dito rol de equipo secundario, la escuder\u00eda de Brackley ha apostado todo al nuevo ciclo t\u00e9cnico con el objetivo de volver a ser lo que fue durante ocho temporadas, entre 2014 y 2021.<\/p>\n<p>Los rumores en el paddock se\u00f1alan a la unidad de potencia Mercedes como la referencia a batir, mientras que el equipo t\u00e9cnico dirigido por James Allison pudo desconectarse con mucha antelaci\u00f3n del proyecto 2025 para dedicarse por completo al desarrollo del monoplaza que, el pr\u00f3ximo a\u00f1o, deber\u00e1 relanzar a la escuder\u00eda.<\/p>\n<p>Sin embargo, dentro de un escenario muy prometedor, hay una anomal\u00eda: el equipo que, al menos sobre el papel, parte como uno de los favoritos \u2014si no el principal candidato\u2014 de cara a la pr\u00f3xima temporada, ha llegado a finales de septiembre sin anunciar todav\u00eda la renovaci\u00f3n de su piloto estrella.<\/p>\n<p>En Mercedes intentan restarle importancia al asunto con una explicaci\u00f3n sencilla: \u00abGeorge Russell estar\u00e1, obviamente, con nosotros en el arranque del pr\u00f3ximo Mundial; los retrasos en la finalizaci\u00f3n del acuerdo tienen que ver con los d\u00edas que cada piloto debe dedicar a relaciones p\u00fablicas\u00bb.<\/p>\n<p>Normalmente, cuanto mayor es el estatus de un piloto, menor es la cantidad de compromisos con patrocinadores y socios comerciales que se le exige cumplir.<\/p>\n<p>Lo cierto es que han pasado varias semanas desde la fecha se\u00f1alada para el anuncio (antes del fin de semana de Monza) y todo sigue en silencio. Aunque Wolff y sus colaboradores m\u00e1s cercanos insisten en que no hay dudas de que la dupla Mercedes-Russell estar\u00e1 en la parrilla el pr\u00f3ximo a\u00f1o, tambi\u00e9n resulta evidente que existen problemas que van m\u00e1s all\u00e1 de la simple cantidad de d\u00edas a dedicar a las relaciones p\u00fablicas.<\/p>\n<p>En realidad, hay al menos otros dos factores cruciales que estar\u00edan detr\u00e1s del retraso en la firma.<\/p>\n<p>   <img decoding=\"async\" draggable=\"false\" src=\"https:\/\/www.europesays.com\/es\/wp-content\/uploads\/2025\/09\/1758724088_194_george-russell-mercedes.jpg\" alt=\"George Russell, Mercedes\" width=\"1200\" height=\"800\" loading=\"lazy\"\/> <\/p>\n<p class=\"title\">George Russell, Mercedes<\/p>\n<p class=\"photographer\">Foto di: Ozan Kose \/ AFP via Getty Images<\/p>\n<p>El primero tiene que ver con la retribuci\u00f3n. El rendimiento de Russell en las \u00faltimas dos temporadas ha sido, sin duda, de un piloto top, por lo que no sorprende que busque que ese estatus se vea reflejado tambi\u00e9n en su salario.<\/p>\n<p>El segundo aspecto se refiere a la duraci\u00f3n del contrato. Aqu\u00ed, los rumores que circularon el pasado fin de semana en el paddock de Bak\u00fa no son claros.<\/p>\n<p>Lo habitual en una renovaci\u00f3n de esta magnitud es que se firme por dos temporadas, lo que llevar\u00eda la relaci\u00f3n entre Russell y Mercedes hasta finales de 2027.<\/p>\n<p>Sin embargo, hay quienes aseguran que el acuerdo podr\u00eda estructurarse bajo un formato \u00ab1+1\u00bb: una temporada garantizada y una cl\u00e1usula de salida que cualquiera de las partes podr\u00eda activar al final del primer a\u00f1o. La inc\u00f3gnita es qui\u00e9n est\u00e1 impulsando esta opci\u00f3n: \u00bfMercedes o Russell?<\/p>\n<p>Desde la perspectiva de Mercedes, un acuerdo de este tipo les dar\u00eda la flexibilidad de contar con un asiento libre en caso de que <a href=\"https:\/\/lat.motorsport.com\/driver\/max-verstappen\/465982\/\" target=\"_blank\" rel=\"noopener nofollow\">Max Verstappen<\/a> decidiera dejar Red Bull al final de la pr\u00f3xima temporada.<\/p>\n<p>No ser\u00eda algo sorprendente, ya que el \u00abcoqueteo\u00bb entre ambas partes ha tenido varios episodios, el m\u00e1s reciente durante la \u00faltima primavera europea.<\/p>\n<p>Pero tambi\u00e9n es posible que sea el propio Russell quien prefiera un contrato corto. Aunque Mercedes llegar\u00e1 al nuevo ciclo t\u00e9cnico con todas las herramientas necesarias para volver a lo m\u00e1s alto, su competitividad deber\u00e1 confirmarse en la pista.<\/p>\n<p>En las cuatro temporadas que Russell lleva en el equipo, nunca ha dispuesto de un coche realmente capaz de pelear por el campeonato. Por eso, el piloto brit\u00e1nico podr\u00eda querer evaluar a mitad de 2026 cu\u00e1les son las mejores opciones en un mercado que se anticipa muy movido.\u00a0Adem\u00e1s, ahora que su estatus ha crecido notablemente, podr\u00eda encontrarse con oportunidades muy atractivas si Mercedes no cumple las expectativas en 2026.<\/p>\n<p>En Brackley suelen recordar que Russell, al igual que todos los pilotos que han pasado por el programa junior de Mercedes, est\u00e1 vinculado a la escuder\u00eda mediante un contrato de management, una contrapartida por la inversi\u00f3n realizada en su formaci\u00f3n en categor\u00edas inferiores.<\/p>\n<p>Hasta ahora, ning\u00fan piloto de este programa que haya llegado a la F1 con Mercedes ha querido marcharse. El verdadero problema para el management ha sido encontrar salidas para aquellos pilotos que ya no ten\u00edan cabida en el equipo oficial, como ocurri\u00f3 con <a href=\"https:\/\/lat.motorsport.com\/driver\/valtteri-bottas\/466023\/\" target=\"_blank\" rel=\"noopener nofollow\">Valtteri Bottas<\/a>.<\/p>\n<p>Sin embargo, si en el plazo de un a\u00f1o fuera Russell quien deseara abandonar el equipo, se abrir\u00eda un escenario in\u00e9dito.<\/p>\n<p>Un contrato de management no obliga a permanecer en la escuder\u00eda, y Mercedes no podr\u00eda retenerlo si recibiera una oferta m\u00e1s ventajosa de otro equipo.<\/p>\n<p>Parad\u00f3jicamente, en ese caso, la tarea del propio management de Mercedes ser\u00eda negociar las mejores condiciones para su representado\u2026 con una escuder\u00eda rival directa en la pista.<\/p>\n<p>M\u00e1s de la F\u00f3rmula 1:<\/p>\n","protected":false},"excerpt":{"rendered":"Para Mercedes, la temporada 2026 ser\u00e1 una especie de all-in. Despu\u00e9s de cuatro a\u00f1os en un in\u00e9dito rol&hellip;\n","protected":false},"author":2,"featured_media":135852,"comment_status":"","ping_status":"","sticky":false,"template":"","format":"standard","meta":{"footnotes":""},"categories":[270],"tags":[168,25,24,306,271,272,1230,465,1228,43020,23,167],"class_list":{"0":"post-135851","1":"post","2":"type-post","3":"status-publish","4":"format-standard","5":"has-post-thumbnail","7":"category-formula-1","8":"tag-deportes","9":"tag-es","10":"tag-espana","11":"tag-f1","12":"tag-formula-1","13":"tag-formula1","14":"tag-fu00f3rmula-1","15":"tag-george-russell","16":"tag-mercedes","17":"tag-por-quu00e9-se-demora-la-renovaciu00f3n-de-russell-con-mercedes-f1","18":"tag-spain","19":"tag-sports"},"share_on_mastodon":{"url":"","error":""},"_links":{"self":[{"href":"https:\/\/www.europesays.com\/es\/wp-json\/wp\/v2\/posts\/135851","targetHints":{"allow":["GET"]}}],"collection":[{"href":"https:\/\/www.europesays.com\/es\/wp-json\/wp\/v2\/posts"}],"about":[{"href":"https:\/\/www.europesays.com\/es\/wp-json\/wp\/v2\/types\/post"}],"author":[{"embeddable":true,"href":"https:\/\/www.europesays.com\/es\/wp-json\/wp\/v2\/users\/2"}],"replies":[{"embeddable":true,"href":"https:\/\/www.europesays.com\/es\/wp-json\/wp\/v2\/comments?post=135851"}],"version-history":[{"count":0,"href":"https:\/\/www.europesays.com\/es\/wp-json\/wp\/v2\/posts\/135851\/revisions"}],"wp:featuredmedia":[{"embeddable":true,"href":"https:\/\/www.europesays.com\/es\/wp-json\/wp\/v2\/media\/135852"}],"wp:attachment":[{"href":"https:\/\/www.europesays.com\/es\/wp-json\/wp\/v2\/media?parent=135851"}],"wp:term":[{"taxonomy":"category","embeddable":true,"href":"https:\/\/www.europesays.com\/es\/wp-json\/wp\/v2\/categories?post=135851"},{"taxonomy":"post_tag","embeddable":true,"href":"https:\/\/www.europesays.com\/es\/wp-json\/wp\/v2\/tags?post=135851"}],"curies":[{"name":"wp","href":"https:\/\/api.w.org\/{rel}","templated":true}]}}