{"id":135857,"date":"2025-09-24T14:31:09","date_gmt":"2025-09-24T14:31:09","guid":{"rendered":"https:\/\/www.europesays.com\/es\/135857\/"},"modified":"2025-09-24T14:31:09","modified_gmt":"2025-09-24T14:31:09","slug":"no-echo-de-menos-vender-cosas","status":"publish","type":"post","link":"https:\/\/www.europesays.com\/es\/135857\/","title":{"rendered":"No echo de menos vender cosas"},"content":{"rendered":"<p class=\"c-paragraph\">Tras darse a conocer al p\u00fablico internacional como Hermione Granger en la saga Harry Potter, as\u00ed como protagonizar t\u00edtulos de gran \u00e9xito como Las ventajas de ser un marginado, Regresi\u00f3n o Mujercitas, <b>Emma Watson<\/b> lleva<b> alejada siete a\u00f1os del mundo de la actuaci\u00f3n<\/b>,\u00a0y parece que la cosa seguir\u00e1 as\u00ed por el momento.<\/p>\n<p class=\"c-paragraph\">En una nueva entrevista para\u00a0<a href=\"https:\/\/hollywoodauthentic.com\/emma-watson\/\" rel=\"nofollow noreferrer noopener\" target=\"_blank\">Hollywood Authentic<\/a>, la brit\u00e1nica ha confesado que <b>echa de menos la actuaci\u00f3n, pero no la maquinaria que supone<\/b>\u00a0promocionar una pel\u00edcula o una serie.\u00a0<\/p>\n<p class=\"c-paragraph\">\u00ab<b>Lo m\u00e1s importante en este trabajo es la promoci\u00f3n y la venta <\/b>de esa pieza de arte. La balanza entre la actuaci\u00f3n y eso puede desestabilizarte.\u00a0<b>Ser\u00e9 honesta y dir\u00e9 que no echo de menos vender cosas. Lo encontr\u00e9 bastante devastador para el alma<\/b>\u00ab, declara sobre su distanciamiento del cine.<\/p>\n<p class=\"c-paragraph\">A pesar de ello, Watson s\u00ed que confiesa que <b>echa en falta la parte m\u00e1s art\u00edstica<\/b> de la actuaci\u00f3n. \u00abEcho mucho de menos usar mis habilidades y el arte, pero<b> me di cuenta de que solo pod\u00eda hacer una peque\u00f1a parte de lo que realmente disfrutaba<\/b>\u00ab, agrega la actriz. Watson incide en que amaba sentir que \u00abolvidaba el mundo por completo y solo exist\u00eda ese momento \u00fanico\u00bb, como una especie de \u00abmeditaci\u00f3n\u00bb.\u00a0<\/p>\n<p>Emma Watson habla de sus visitas a Cannes y Venecia\u00a0<\/p>\n<p class=\"c-paragraph\">La brit\u00e1nica valora mucho lo \u00abliberada\u00bb que se encuentra en este instante de su vida. A punto de anunciar un proyecto misterioso, del que a\u00fan no quiere hablar, la actriz de Oxford declara que quiere dejar atr\u00e1s \u00abesa presi\u00f3n\u00bb.\u00a0\u00ab<b>Hice un peque\u00f1o papel para una obra de unos amigos y estaba como: &#8216;Maldita sea, esto es muy estresante&#8217;.<\/b> Y ni siquiera era para una audiencia real. No echo de menos eso\u00bb, reconoce.<\/p>\n<p class=\"c-paragraph\">El <b>\u00faltimo trabajo <\/b>en el cine de Watson se produjo en <b>Mujercitas<\/b>, el filme que rod\u00f3 en 2018 y vio la luz en 2019. Un t\u00edtulo dirigido por <b>Greta Gerwig <\/b>(Barbie) que opt\u00f3 a seis Premios Oscar en 2020, llev\u00e1ndose el de Mejor dise\u00f1o de vestuario. Recientemente, Watson <b>acud\u00eda a Cannes y Venecia, <\/b>aunque se\u00f1alaba que lo hac\u00eda como espectadora, su presencia en ambos festivales hac\u00eda que muchos empezaran a elucubrar sobre su retorno como int\u00e9rprete.\u00a0<\/p>\n<p class=\"c-paragraph\">\u00ab<b>Solo quer\u00eda ir a ver pel\u00edculas y volver a estar en la misma sala con gente completamente obsesionada con el cine.<\/b> Quer\u00eda formar parte del ambiente y tambi\u00e9n de la comunidad\u00bb, confiesa Emma Watson como enamorada del s\u00e9ptimo arte, pero hastiada del mundo que se mueve detr\u00e1s del mismo. En los \u00faltimos a\u00f1os, la actriz se volcaba en su faceta como <b>a<b>ctivista por los derechos de la mujer, directora de anuncios publicitarios<\/b><\/b>\u00a0y empresaria.\u00a0<\/p>\n","protected":false},"excerpt":{"rendered":"Tras darse a conocer al p\u00fablico internacional como Hermione Granger en la saga Harry Potter, as\u00ed como protagonizar&hellip;\n","protected":false},"author":2,"featured_media":135858,"comment_status":"","ping_status":"","sticky":false,"template":"","format":"standard","meta":{"footnotes":""},"categories":[174],"tags":[18103,255,12525,146,147,25,24,5134,256,5043,23,13974],"class_list":{"0":"post-135857","1":"post","2":"type-post","3":"status-publish","4":"format-standard","5":"has-post-thumbnail","7":"category-famosos","8":"tag-18103","9":"tag-celebrities","10":"tag-emma","11":"tag-entertainment","12":"tag-entretenimiento","13":"tag-es","14":"tag-espana","15":"tag-explica","16":"tag-famosos","17":"tag-por","18":"tag-spain","19":"tag-watson"},"share_on_mastodon":{"url":"","error":""},"_links":{"self":[{"href":"https:\/\/www.europesays.com\/es\/wp-json\/wp\/v2\/posts\/135857","targetHints":{"allow":["GET"]}}],"collection":[{"href":"https:\/\/www.europesays.com\/es\/wp-json\/wp\/v2\/posts"}],"about":[{"href":"https:\/\/www.europesays.com\/es\/wp-json\/wp\/v2\/types\/post"}],"author":[{"embeddable":true,"href":"https:\/\/www.europesays.com\/es\/wp-json\/wp\/v2\/users\/2"}],"replies":[{"embeddable":true,"href":"https:\/\/www.europesays.com\/es\/wp-json\/wp\/v2\/comments?post=135857"}],"version-history":[{"count":0,"href":"https:\/\/www.europesays.com\/es\/wp-json\/wp\/v2\/posts\/135857\/revisions"}],"wp:featuredmedia":[{"embeddable":true,"href":"https:\/\/www.europesays.com\/es\/wp-json\/wp\/v2\/media\/135858"}],"wp:attachment":[{"href":"https:\/\/www.europesays.com\/es\/wp-json\/wp\/v2\/media?parent=135857"}],"wp:term":[{"taxonomy":"category","embeddable":true,"href":"https:\/\/www.europesays.com\/es\/wp-json\/wp\/v2\/categories?post=135857"},{"taxonomy":"post_tag","embeddable":true,"href":"https:\/\/www.europesays.com\/es\/wp-json\/wp\/v2\/tags?post=135857"}],"curies":[{"name":"wp","href":"https:\/\/api.w.org\/{rel}","templated":true}]}}