{"id":135861,"date":"2025-09-24T14:33:12","date_gmt":"2025-09-24T14:33:12","guid":{"rendered":"https:\/\/www.europesays.com\/es\/135861\/"},"modified":"2025-09-24T14:33:12","modified_gmt":"2025-09-24T14:33:12","slug":"miguel-alcala-presenta-en-jaen-la-loma-candelas","status":"publish","type":"post","link":"https:\/\/www.europesays.com\/es\/135861\/","title":{"rendered":"Miguel Alcal\u00e1 presenta en Ja\u00e9n &#8216;La Loma Candelas&#8217;"},"content":{"rendered":"<p>El marmoleje\u00f1o Miguel Alcal\u00e1 Merino presenta este mi\u00e9rcoles 24 de septiembre su primera novela, &#8216;La Loma Candelas&#8217; en el Aula de Cultura de la Diputaci\u00f3n  &#8230; de Ja\u00e9n a las siete de la tarde. Este docente ya jubilado hace su primera incursi\u00f3n literaria con un libro que toma como base un tr\u00e1gico suceso que ocurri\u00f3 en la noche del 8 de enero de 1944 en el paraje de Marmolejo que da t\u00edtulo al libro: el asesinato de cuatro huidos y del casero del cortijo que les dio cobijo. <\/p>\n<p class=\"v-p\">A caballo entre la ficci\u00f3n y la realidad, &#8216;La Loma Candelas&#8217; revive este suceso que tuvo lugar en un periodo hist\u00f3rico marcado por la represi\u00f3n. El autor explica que a trav\u00e9s de una \u00abprofunda reconstrucci\u00f3n\u00bb de los hechos que ocurrieron antes, durante y despu\u00e9s del asesinato se invita a los lectores a entender, por un lado, el contexto y, por otro, a conectar con las personas que lo vivieron. <\/p>\n<p class=\"v-p\">\u00abEn el libro desarrollo c\u00f3mo era la vida de estos huidos, rojos, represaliados o maquis, como se les quiera llamar; c\u00f3mo les ayudaban los enlaces y el contexto en el que se enmarca la historia\u00bb, explica Alcal\u00e1 Merino a IDEAL. Y entre medias, una historia de amor.<\/p>\n<p class=\"v-p\">En este sentido, los enlaces juegan un papel crucial en la novela por la ayuda que proporcionaban. \u00abSon gente que se la jug\u00f3 en la sombra y los trato como h\u00e9roes porque considero que as\u00ed lo fueron\u00bb, apunta. Alcal\u00e1 Merino hace hincapi\u00e9 en que &#8216;La Loma Candelas&#8217; no es un ensayo hist\u00f3rico, aunque para escribirlo ha tenido que documentarse \u00ablo m\u00e1s fielmente posible\u00bb. Su \u00abconfidente\u00bb, como as\u00ed lo llama, es una persona mayor que vivi\u00f3 en aquella \u00e9poca y le cuenta muchas historias de entonces. <\/p>\n<p class=\"v-p\">\u00abLos nombres de las v\u00edctimas se mantienen intactos, como un homenaje a sus vidas. La memoria, vigente y necesaria, nos ense\u00f1a lecciones del pasado para evitar que se repitan, mientras nos prepara para un futuro mejor\u00bb, se recoge en la contraportada del libro. <\/p>\n<p>Otras obras<\/p>\n<p class=\"v-p\">Si bien se trata de su primera novela, no es el primer libro que escribe este docente especialista en Lengua Espa\u00f1ola y Literatura e Ingl\u00e9s: antes hab\u00eda publicado otras obras relacionadas con la educaci\u00f3n de la mano de compa\u00f1eros de profesi\u00f3n, as\u00ed como ensayos en dicho \u00e1mbito. <\/p>\n<p class=\"v-p\">El &#8216;gusanillo&#8217; de la escritura siempre lo ha tenido, y en su cabeza siempre han estado esta historia y otras de las que est\u00e1 tirando del hilo ahora que tiene m\u00e1s tiempo libre. Las conversaciones con familiares, amigos y gente mayor de Marmolejo le han servido como fuente directa de informaci\u00f3n de la que nutrirse. <\/p>\n<p class=\"v-p\">No obstante, ha &#8216;buceado&#8217; en los archivos para contrastar la informaci\u00f3n con el objetivo de que la memoria de estas gentes no se pierda.<\/p>\n<p class=\"v-p\">La respuesta por parte del p\u00fablico est\u00e1 siendo buena, de hecho, el libro va ya por su tercera edici\u00f3n. En Marmolejo se hizo una presentaci\u00f3n este verano, a la que ahora se suma la de Ja\u00e9n capital y pr\u00f3ximamente dar\u00e1 a conocer otras fechas y lugares.<\/p>\n","protected":false},"excerpt":{"rendered":"El marmoleje\u00f1o Miguel Alcal\u00e1 Merino presenta este mi\u00e9rcoles 24 de septiembre su primera novela, &#8216;La Loma Candelas&#8217; en&hellip;\n","protected":false},"author":2,"featured_media":135862,"comment_status":"","ping_status":"","sticky":false,"template":"","format":"standard","meta":{"footnotes":""},"categories":[172],"tags":[16155,224,43023,146,147,25,24,3619,225,43022,4098,2782,23],"class_list":{"0":"post-135861","1":"post","2":"type-post","3":"status-publish","4":"format-standard","5":"has-post-thumbnail","7":"category-libros","8":"tag-alcala","9":"tag-books","10":"tag-candelas","11":"tag-entertainment","12":"tag-entretenimiento","13":"tag-es","14":"tag-espana","15":"tag-jaen","16":"tag-libros","17":"tag-loma","18":"tag-miguel","19":"tag-presenta","20":"tag-spain"},"share_on_mastodon":{"url":"","error":""},"_links":{"self":[{"href":"https:\/\/www.europesays.com\/es\/wp-json\/wp\/v2\/posts\/135861","targetHints":{"allow":["GET"]}}],"collection":[{"href":"https:\/\/www.europesays.com\/es\/wp-json\/wp\/v2\/posts"}],"about":[{"href":"https:\/\/www.europesays.com\/es\/wp-json\/wp\/v2\/types\/post"}],"author":[{"embeddable":true,"href":"https:\/\/www.europesays.com\/es\/wp-json\/wp\/v2\/users\/2"}],"replies":[{"embeddable":true,"href":"https:\/\/www.europesays.com\/es\/wp-json\/wp\/v2\/comments?post=135861"}],"version-history":[{"count":0,"href":"https:\/\/www.europesays.com\/es\/wp-json\/wp\/v2\/posts\/135861\/revisions"}],"wp:featuredmedia":[{"embeddable":true,"href":"https:\/\/www.europesays.com\/es\/wp-json\/wp\/v2\/media\/135862"}],"wp:attachment":[{"href":"https:\/\/www.europesays.com\/es\/wp-json\/wp\/v2\/media?parent=135861"}],"wp:term":[{"taxonomy":"category","embeddable":true,"href":"https:\/\/www.europesays.com\/es\/wp-json\/wp\/v2\/categories?post=135861"},{"taxonomy":"post_tag","embeddable":true,"href":"https:\/\/www.europesays.com\/es\/wp-json\/wp\/v2\/tags?post=135861"}],"curies":[{"name":"wp","href":"https:\/\/api.w.org\/{rel}","templated":true}]}}