{"id":135881,"date":"2025-09-24T14:43:12","date_gmt":"2025-09-24T14:43:12","guid":{"rendered":"https:\/\/www.europesays.com\/es\/135881\/"},"modified":"2025-09-24T14:43:12","modified_gmt":"2025-09-24T14:43:12","slug":"rueda-se-enreda-en-la-palabra-prohibida-de-ayuso-un-minuto-de-silencio-contra-el-genocidio-en-gaza-pero-negandolo-espana","status":"publish","type":"post","link":"https:\/\/www.europesays.com\/es\/135881\/","title":{"rendered":"Rueda se enreda en la palabra prohibida de Ayuso: un minuto de silencio contra el genocidio en Gaza pero neg\u00e1ndolo | Espa\u00f1a"},"content":{"rendered":"<p class=\"\">El Parlamento gallego arranc\u00f3 este mi\u00e9rcoles la jornada con un homenaje a las v\u00edctimas del <a href=\"https:\/\/elpais.com\/espana\/2025-09-24\/el-rey-habla-en-la-onu-una-decada-despues-para-solemnizar-la-condena-de-espana-a-la-masacre-de-israel-en-gaza.html\" target=\"_self\" rel=\"nofollow noopener\" title=\"https:\/\/elpais.com\/espana\/2025-09-24\/el-rey-habla-en-la-onu-una-decada-despues-para-solemnizar-la-condena-de-espana-a-la-masacre-de-israel-en-gaza.html\">genocidio que est\u00e1 cometiendo<\/a> el Gobierno de Israel en Gaza. Ha sido solo un minuto de silencio que ha costado horas de negociaci\u00f3n y que finalmente ha llevado al PP de Alfonso Rueda a afirmar y negar el exterminio del pueblo palestino en una misma ma\u00f1ana. Mientras el presidente de la Xunta aseguraba a primera hora en la sesi\u00f3n de control que los populares hab\u00edan permitido el homenaje en la C\u00e1mara a los asesinados en el genocidio \u201cperfectamente conscientes\u201d, su diputado Roberto Rodr\u00edguez recalcaba hacia el mediod\u00eda que el PP gallego \u201cno comparte\u201d esta \u201ccalificaci\u00f3n jur\u00eddica\u201d.<\/p>\n<p class=\"\">El enredo comenz\u00f3 a fraguarse temprano. Los populares, con aplastante mayor\u00eda en la C\u00e1mara, se han resistido hasta el \u00faltimo momento a permitir el minuto de silencio porque fue solicitado por el PSdeG-PSOE con un escrito que emplea el t\u00e9rmino \u201cgenocidio\u201d, <a href=\"https:\/\/news.un.org\/es\/story\/2025\/09\/1540443\" target=\"_self\" rel=\"nofollow noopener\" title=\"https:\/\/news.un.org\/es\/story\/2025\/09\/1540443\">validado ya por la ONU despu\u00e9s de una exhaustiva investigaci\u00f3n<\/a>. Los de Rueda lo han acabado aceptando, pero han echado mano de un subterfugio para evitar que resonase en el hemiciclo la palabra sobre la intenci\u00f3n exterminadora de Israel que tanto irrita a la presidenta de la Comunidad de Madrid, Isabel D\u00edaz Ayuso. El texto que deb\u00eda acompa\u00f1ar al recuerdo a los palestinos asesinados, 20.000 de ellos ni\u00f1os, no fue le\u00eddo en voz alta.<\/p>\n<p class=\"\">El err\u00e1tico comportamiento del PP se ha producido despu\u00e9s de pasar d\u00edas bloqueando el gesto de solidaridad con las v\u00edctimas de los ataques israel\u00edes. Iba ya a iniciarse el pleno de este mi\u00e9rcoles sin mibuto de silencio cuando, por sorpresa, el presidente del Parlamento, el popular Miguel Santalices, anunci\u00f3 que su partido daba marcha atr\u00e1s a su rechazo. Lo ha hecho \u201ccon trampa\u201d, critican los socialistas. Santalices no ha le\u00eddo el escrito en voz alta alegando que \u201cya lo conocen todos\u201d. Para el PSOE, el movimiento del PP solo pretende <a href=\"https:\/\/elpais.com\/deportes\/ciclismo\/2025-09-10\/las-protestas-de-los-activistas-en-favor-de-palestina-sacuden-la-vuelta-a-espana-los-ciclistas-tienen-miedo.html\" target=\"_self\" rel=\"nofollow noopener\" title=\"https:\/\/elpais.com\/deportes\/ciclismo\/2025-09-10\/las-protestas-de-los-activistas-en-favor-de-palestina-sacuden-la-vuelta-a-espana-los-ciclistas-tienen-miedo.html\">enmascarar el \u201caislamiento pol\u00edtico y moral\u201d<\/a> del partido de Alberto N\u00fa\u00f1ez Feij\u00f3o por su tibia posici\u00f3n ante el exterminio que est\u00e1 sufriendo la poblaci\u00f3n gazat\u00ed a manos del Ej\u00e9rcito de Israel.<\/p>\n<p class=\"\">Los socialistas recuerdan que los populares gallegos <a href=\"https:\/\/elpais.com\/espana\/2025-09-23\/vox-se-ausenta-del-minuto-de-silencio-en-el-congreso-por-las-victimas-del-genocidio-en-gaza.html\" target=\"_self\" rel=\"nofollow noopener\" title=\"https:\/\/elpais.com\/espana\/2025-09-23\/vox-se-ausenta-del-minuto-de-silencio-en-el-congreso-por-las-victimas-del-genocidio-en-gaza.html\">han llegado a proponer<\/a> que el texto contra el genocidio, apoyado desde el principio por el BNG y por el \u00fanico diputado de Democracia Ourensana, fuera sustituido por otro que \u201cequiparaba a las v\u00edctimas de Gaza con un atentado terrorista\u201d, el de Ham\u00e1s. A las 10.05 de la ma\u00f1ana, con los diputados ya sentados, el portavoz del PSdeG, Jos\u00e9 Ram\u00f3n G\u00f3mez Besteiro, recibi\u00f3 una llamada en su esca\u00f1o del portavoz popular, Alberto Pazos, intentando in extremis que aceptase el escrito alternativo del PP, se\u00f1alan fuentes del PSOE. Besteiro se neg\u00f3.<\/p>\n<p class=\"\">El sucinto texto que finalmente ha evitado leer el PP en el Parlamento gallego se limita a expresar la \u201csolidaridad\u201d con \u201clas v\u00edctimas inocentes del genocidio\u201d en Gaza y Cisjordania. Manifiesta el \u201crechazo a esta violencia indiscriminada\u201d, aboga por \u201cuna paz justa y duradera en la regi\u00f3n\u201d y expresa su repulsa \u201cpor la profunda injusticia y por la reiterada vulneraci\u00f3n de sus derechos humanos b\u00e1sicos\u201d. Despu\u00e9s de secundar este minuto de silencio contra el genocidio a primera hora de la ma\u00f1ana, el PP gallego ha votado en contra de condenar ese mismo genocidio. Lo ha hecho ya hacia el mediod\u00eda, al debatir una proposici\u00f3n no de ley presentada por el BNG. <\/p>\n<p class=\"\">El diputado popular Roberto Rodr\u00edguez ha explicado que su partido no acepta el uso de la palabra \u201cgenocidio\u201d pese a que una <a href=\"https:\/\/elpais.com\/internacional\/2025-09-23\/una-comision-independiente-de-la-onu-acusa-a-israel-de-buscar-el-control-permanente-de-gaza-y-una-mayoria-judia-en-cisjordania.html\" target=\"_self\" rel=\"nofollow noopener\" title=\"https:\/\/elpais.com\/internacional\/2025-09-23\/una-comision-independiente-de-la-onu-acusa-a-israel-de-buscar-el-control-permanente-de-gaza-y-una-mayoria-judia-en-cisjordania.html\">comisi\u00f3n independiente de Naciones Unidas<\/a> haya concluido que lo que est\u00e1 ocurriendo en Gaza se llama as\u00ed. El PP gallego dice no compartir esta \u201ccalificaci\u00f3n jur\u00eddica\u201d que reconoce que la \u201cintencionalidad\u201d de los ataques militares del Gobierno de Israel es exterminar al pueblo palestino. Acusa a BNG y PSOE de \u201cquerer imponer a toda costa\u201d el t\u00e9rmino que utiliza la ONU \u201cbuscando r\u00e9dito electoral\u201d. \u201cNosotros [ponemos] siempre por delante las personas, y luego los votos\u201d, ha proclamado el popular.<\/p>\n<p class=\"\">Los populares gallegos tambi\u00e9n han rechazado la proposici\u00f3n del BNG para que la Xunta rompa \u201ctodo tipo de relaciones diplom\u00e1ticas\u201d y apoye la \u201ccampa\u00f1a de boicot, desinversiones y sanciones\u201d contra Israel. Consideran que esta propuesta es \u201cincoherente e hip\u00f3crita\u201d. Rodr\u00edguez ha esgrimido que los nacionalistas apoyan al gobierno local del PSOE en A Coru\u00f1a que ha encargado la regeneraci\u00f3n urban\u00edstica del barrio marinero de As Xubias <a href=\"https:\/\/www.ginkgo-advisor.com\/es\/about\" target=\"_self\" rel=\"nofollow noopener\" title=\"https:\/\/www.ginkgo-advisor.com\/es\/about\">al fondo de inversi\u00f3n Ginkgo Advisor<\/a>, fundado por el grupo financiero Edmond de Rothschild. \u201d\u00bfQu\u00e9 puede haber m\u00e1s sionista que el dinero de la familia Rothschild?\u201c, se ha preguntado el diputado del PP.<\/p>\n<p class=\"\">La portavoz del BNG, Ana Pont\u00f3n, ha cargado contra las \u201cexcusas\u201d y \u201cmedias tintas\u201d del partido de Rueda y ha recordado que Israel est\u00e1 matando \u201cde hambre y sed a toda una poblaci\u00f3n\u201d. La nacionalista ha criticado que los populares recibieran al embajador de Israel en la Xunta y el Parlamento cuando llevaba un a\u00f1o masacrando a los gazat\u00edes: \u201cPracticar el negacionismo del genocidio es ser c\u00f3mplices de un Estado que tiene las manos manchadas de sangre con el exterminio de un pueblo\u201d. Besteiro, por su parte, ha evocado las palabras de Elie Wiesel, superviviente de Auschwitz y Premio Nobel de la Paz, sobre c\u00f3mo \u201cla neutralidad ayuda al opresor\u201d y \u201cel silencio ante el horror ayuda al verdugo\u201d: \u201cNo podemos callar nin permanecer neutrales, es el momento de tomar partido\u201d.<\/p>\n","protected":false},"excerpt":{"rendered":"El Parlamento gallego arranc\u00f3 este mi\u00e9rcoles la jornada con un homenaje a las v\u00edctimas del genocidio que est\u00e1&hellip;\n","protected":false},"author":2,"featured_media":135882,"comment_status":"","ping_status":"","sticky":false,"template":"","format":"standard","meta":{"footnotes":""},"categories":[8],"tags":[1484,1482,17,18,68,25,24,13,14,816,79,11,19,20,9,10,15,16,15321,1483,1481,23,12,21,22],"class_list":{"0":"post-135881","1":"post","2":"type-post","3":"status-publish","4":"format-standard","5":"has-post-thumbnail","7":"category-espana","8":"tag-alfonso-rueda","9":"tag-bng","10":"tag-breaking-news","11":"tag-breakingnews","12":"tag-conflicto-arabe-israeli","13":"tag-es","14":"tag-espana","15":"tag-featured-news","16":"tag-featurednews","17":"tag-galicia","18":"tag-genocidio","19":"tag-headlines","20":"tag-latest-news","21":"tag-latestnews","22":"tag-news","23":"tag-noticias","24":"tag-noticias-destacadas","25":"tag-noticiasdestacadas","26":"tag-parlamentos-autonomicos","27":"tag-ppdeg","28":"tag-psdeg-psoe","29":"tag-spain","30":"tag-titulares","31":"tag-ultimas-noticias","32":"tag-ultimasnoticias"},"share_on_mastodon":{"url":"","error":""},"_links":{"self":[{"href":"https:\/\/www.europesays.com\/es\/wp-json\/wp\/v2\/posts\/135881","targetHints":{"allow":["GET"]}}],"collection":[{"href":"https:\/\/www.europesays.com\/es\/wp-json\/wp\/v2\/posts"}],"about":[{"href":"https:\/\/www.europesays.com\/es\/wp-json\/wp\/v2\/types\/post"}],"author":[{"embeddable":true,"href":"https:\/\/www.europesays.com\/es\/wp-json\/wp\/v2\/users\/2"}],"replies":[{"embeddable":true,"href":"https:\/\/www.europesays.com\/es\/wp-json\/wp\/v2\/comments?post=135881"}],"version-history":[{"count":0,"href":"https:\/\/www.europesays.com\/es\/wp-json\/wp\/v2\/posts\/135881\/revisions"}],"wp:featuredmedia":[{"embeddable":true,"href":"https:\/\/www.europesays.com\/es\/wp-json\/wp\/v2\/media\/135882"}],"wp:attachment":[{"href":"https:\/\/www.europesays.com\/es\/wp-json\/wp\/v2\/media?parent=135881"}],"wp:term":[{"taxonomy":"category","embeddable":true,"href":"https:\/\/www.europesays.com\/es\/wp-json\/wp\/v2\/categories?post=135881"},{"taxonomy":"post_tag","embeddable":true,"href":"https:\/\/www.europesays.com\/es\/wp-json\/wp\/v2\/tags?post=135881"}],"curies":[{"name":"wp","href":"https:\/\/api.w.org\/{rel}","templated":true}]}}