{"id":135891,"date":"2025-09-24T14:50:11","date_gmt":"2025-09-24T14:50:11","guid":{"rendered":"https:\/\/www.europesays.com\/es\/135891\/"},"modified":"2025-09-24T14:50:11","modified_gmt":"2025-09-24T14:50:11","slug":"la-vuelta-espana-canarias-el-cabildo-de-tenerife-pide-cautela-con-la-vuelta-y-no-mezclar-la-masacre-de-gaza-con-el-deporte","status":"publish","type":"post","link":"https:\/\/www.europesays.com\/es\/135891\/","title":{"rendered":"LA VUELTA ESPA\u00d1A CANARIAS | El Cabildo de Tenerife pide \u00abcautela\u00bb con &#8216;La Vuelta&#8217; y no mezclar la \u00abmasacre\u00bb de Gaza con el deporte"},"content":{"rendered":"<p class=\"ft-text\">La <a class=\"ft-link ft-link--decoration\" href=\"https:\/\/www.eldia.es\/tags\/rosa-davila\/\" rel=\"nofollow noopener\" target=\"_blank\">presidenta del Cabildo de Tenerife<\/a>, <strong>Rosa D\u00e1vila<\/strong>, ha hecho este mi\u00e9rcoles un <strong>llamamiento a la \u00abcautela\u00bb ante el posible paso de &#8216;La Vuelta&#8217; por la isla<\/strong> el pr\u00f3ximo a\u00f1o e insistido en no mezcla<strong>r la \u00abmasacre\u00bb que se comete en Gaza<\/strong> con los eventos deportivos.<\/p>\n<p class=\"ft-text\">En una rueda de prensa para dar cuenta de los acuerdos del Consejo de Gobierno ha dicho que <strong>los posibles \u00abvetos\u00bb a la participaci\u00f3n de pa\u00edses o equipos corresponde a los organismos internacionales<\/strong> por lo que ha abogado por \u00abesperar a ver qu\u00e9 es lo que dicen\u00bb.<\/p>\n<p class=\"ft-text\">Ha insistido en que la posibilidad de vetar \u00abest\u00e1 fuera\u00bb del alcance de las <a class=\"ft-link ft-link--decoration\" href=\"https:\/\/www.eldia.es\/tags\/nieves-lady-barreto\/\" rel=\"nofollow noopener\" target=\"_blank\">administraciones p\u00fablicas<\/a> y se ha limitado a avanzar que en el pr\u00f3ximo Pleno se suscribir\u00e1 una declaraci\u00f3n institucional similar a la aprobada este martes por el <a class=\"ft-link ft-link--decoration\" href=\"https:\/\/www.eldia.es\/tags\/parlamento-de-canarias\/\" rel=\"nofollow noopener\" target=\"_blank\">Parlamento de Canarias<\/a> en la que se condena la violencia sistem\u00e1tica contra la poblaci\u00f3n palestina &#8211;sin nombrar la palabra genocidio&#8211; y se aboga por la existencia de dos estados independientes.<\/p>\n<p class=\"ft-text\">La presidenta ha detallado que<strong> hay un protocolo suscrito con el <\/strong><a class=\"ft-link ft-link--decoration\" href=\"https:\/\/www.eldia.es\/tags\/gobierno-de-canarias\/\" rel=\"nofollow noopener\" target=\"_blank\"><strong>Gobierno de Canarias<\/strong><\/a><strong> y el <\/strong><a class=\"ft-link ft-link--decoration\" href=\"https:\/\/www.eldia.es\/tags\/cabildo\" rel=\"nofollow noopener\" target=\"_blank\"><strong>Cabildo<\/strong><\/a><strong> de Gran Canaria para traer &#8216;La Vuelta&#8217; al archipi\u00e9lago despu\u00e9s de 40 a\u00f1os<\/strong> y \u00absiempre que tenga connotaciones positivas\u00bb.<\/p>\n<p><img decoding=\"async\" src=\"https:\/\/www.europesays.com\/es\/wp-content\/uploads\/2025\/09\/2b1c690b-fd3b-49fa-b078-f8404fa184df_alta-libre-aspect-ratio_default_0.jpg\" width=\"1200\" height=\"799\" alt=\"Rosa D\u00e1vila se dirige a los jugadores del CB Canarias.\" class=\"ft-helper-img-rd\" loading=\"lazy\" hasdataaida=\"true\"\/><\/p>\n<p class=\"ft-helper-fontColor-quaternary ft-helper-fontSize-body-S ft-helper-spacer-t-xxs\">Rosa D\u00e1vila se dirige a los jugadores del CB Canarias.  \/ Arturo Jim\u00e9nez \/ t<\/p>\n<p class=\"ft-text\">\u00abSi tiene connotaciones negativas, pues ya lo valoraremos en otro momento, pero primero vamos a no poner las carretas por delante de los bueyes, porque en este momento no sabemos ni qu\u00e9 equipos van a participar. O sea, le corresponde a los organismos internacionales, por un lado, establecer un veto, por otro lado, en todo caso, ver qu\u00e9 equipos participan\u00bb, ha indicado.<\/p>\n<p class=\"ft-text\">Cuestionada por el partido de <a class=\"ft-link ft-link--decoration\" href=\"https:\/\/www.eldia.es\/tags\/baloncesto\/\" rel=\"nofollow noopener\" target=\"_blank\">baloncesto<\/a> de <a class=\"ft-link ft-link--decoration\" href=\"https:\/\/www.eldia.es\/tags\/futbol\/\" rel=\"nofollow noopener\" target=\"_blank\">Champions League<\/a> entre el La Laguna-<a class=\"ft-link ft-link--decoration\" href=\"https:\/\/www.eldia.es\/tenerife\/\" rel=\"nofollow noopener\" target=\"_blank\">Tenerife<\/a> y el equipo israel\u00ed Bnei Herzliya, que se celebrar\u00e1 a mediados de octubre, <strong>ha insistido en desvincular el deporte de la invasi\u00f3n de Gaza y en que el Cabildo<\/strong>, aunque sea propietario del pabell\u00f3n, no puede instar al club a que no juegue el partido.<\/p>\n<p class=\"ft-text\">El vicepresidente del Cabildo, Lope Afonso (<a class=\"ft-link ft-link--decoration\" href=\"https:\/\/www.eldia.es\/tags\/politica\/\" rel=\"nofollow noopener\" target=\"_blank\">PP<\/a>), ha cargado contra quienes \u00abse han adelantado a plantear rechazos sin tener fundamentos\u00bb o que haya pruebas que se disputen en su \u00e1mbito municipal, por ejemplo, en referencia al alcalde de La Laguna, <a class=\"ft-link ft-link--decoration\" href=\"https:\/\/www.eldia.es\/tags\/luis-yeray-gutierrez\/\" rel=\"nofollow noopener\" target=\"_blank\">Luis Yeray Guti\u00e9rrez<\/a>.<\/p>\n<p class=\"ft-text\">Ha indicado que se lleva tiempo trabajando con \u00abdiscreci\u00f3n\u00bb y \u00abmucha tenacidad\u00bb para traer &#8216;La Vuelta&#8217; a la isla \u00abpor la complejidad que requiere asumir\u00bb y adem\u00e1s en un \u00abescenario incierto\u00bb, de ah\u00ed que haya cuestionado a quienes \u00abenarbolan discursos\u00bb que generan \u00abm\u00e1s tensi\u00f3n y m\u00e1s divisi\u00f3n\u00bb.<\/p>\n","protected":false},"excerpt":{"rendered":"La presidenta del Cabildo de Tenerife, Rosa D\u00e1vila, ha hecho este mi\u00e9rcoles un llamamiento a la \u00abcautela\u00bb ante&hellip;\n","protected":false},"author":2,"featured_media":135892,"comment_status":"","ping_status":"","sticky":false,"template":"","format":"standard","meta":{"footnotes":""},"categories":[273],"tags":[58,43024,30648,313,312,168,25,24,694,3643,6839,7789,34,23,167,1370,1357],"class_list":{"0":"post-135891","1":"post","2":"type-post","3":"status-publish","4":"format-standard","5":"has-post-thumbnail","7":"category-ciclismo","8":"tag-cabildo","9":"tag-cabildo-de-tenerife","10":"tag-cautela","11":"tag-ciclismo","12":"tag-cycling","13":"tag-deportes","14":"tag-es","15":"tag-espana","16":"tag-gaza","17":"tag-isla","18":"tag-la-laguna","19":"tag-la-vuelta","20":"tag-pide","21":"tag-spain","22":"tag-sports","23":"tag-tenerife","24":"tag-vuelta"},"share_on_mastodon":{"url":"","error":""},"_links":{"self":[{"href":"https:\/\/www.europesays.com\/es\/wp-json\/wp\/v2\/posts\/135891","targetHints":{"allow":["GET"]}}],"collection":[{"href":"https:\/\/www.europesays.com\/es\/wp-json\/wp\/v2\/posts"}],"about":[{"href":"https:\/\/www.europesays.com\/es\/wp-json\/wp\/v2\/types\/post"}],"author":[{"embeddable":true,"href":"https:\/\/www.europesays.com\/es\/wp-json\/wp\/v2\/users\/2"}],"replies":[{"embeddable":true,"href":"https:\/\/www.europesays.com\/es\/wp-json\/wp\/v2\/comments?post=135891"}],"version-history":[{"count":0,"href":"https:\/\/www.europesays.com\/es\/wp-json\/wp\/v2\/posts\/135891\/revisions"}],"wp:featuredmedia":[{"embeddable":true,"href":"https:\/\/www.europesays.com\/es\/wp-json\/wp\/v2\/media\/135892"}],"wp:attachment":[{"href":"https:\/\/www.europesays.com\/es\/wp-json\/wp\/v2\/media?parent=135891"}],"wp:term":[{"taxonomy":"category","embeddable":true,"href":"https:\/\/www.europesays.com\/es\/wp-json\/wp\/v2\/categories?post=135891"},{"taxonomy":"post_tag","embeddable":true,"href":"https:\/\/www.europesays.com\/es\/wp-json\/wp\/v2\/tags?post=135891"}],"curies":[{"name":"wp","href":"https:\/\/api.w.org\/{rel}","templated":true}]}}