{"id":135893,"date":"2025-09-24T14:51:08","date_gmt":"2025-09-24T14:51:08","guid":{"rendered":"https:\/\/www.europesays.com\/es\/135893\/"},"modified":"2025-09-24T14:51:08","modified_gmt":"2025-09-24T14:51:08","slug":"la-nueva-inversion-de-novak-djokovic-que-mezcla-futbol-tenis-y-f1","status":"publish","type":"post","link":"https:\/\/www.europesays.com\/es\/135893\/","title":{"rendered":"La nueva inversi\u00f3n de Novak Djokovic que mezcla f\u00fatbol, tenis y F1"},"content":{"rendered":"<p>\t\t\t\t<strong>Novak Djokovic<\/strong> ha sumado una nueva inversi\u00f3n. Esta vez, fuera del tenis: el serbio decidi\u00f3 invertir en <strong>Le Mans FC<\/strong>, un equipo de f\u00fatbol que juega en la tercera divisi\u00f3n de <strong>Francia<\/strong>. Esta nueva inversi\u00f3n se dio junto a dos nombres fuertes del automovilismo: <strong>Felipe Massa<\/strong> y <strong>Kevin Magnussen<\/strong>, ex pilotos de la <strong>F\u00f3rmula 1<\/strong>.<\/p>\n<p>Esta <strong>nueva inversi\u00f3n<\/strong> re\u00fane tres de los deportes m\u00e1s importantes del mundo: el tenis, el <strong>automovilismo<\/strong> y el <strong>f\u00fatbol<\/strong>. El tenista serbio, con su perfil de atleta global y una carrera marcada por la b\u00fasqueda de proyectos paralelos, encontr\u00f3 en la entidad gala un punto de entrada al negocio futbol\u00edstico. <strong>Massa y Magnussen<\/strong>, por su parte, aportan la pata de la velocidad y la experiencia empresarial que muchos pilotos desarrollan despu\u00e9s de su paso por la <strong>M\u00e1xima<\/strong>.<\/p>\n<p><img decoding=\"async\" class=\"lazyload\" loading=\"lazy\" src=\"\/fotos\/externas\/inversion-novak-djokovic-mezcla-futbol-tenis-f1-1758724702-0.webp\" style=\"width:100%;max-width:600px;height:auto;\" width=\"500\" height=\"250\" alt=\"\"\/><\/p>\n<p><img decoding=\"async\" class=\"lazyload\" loading=\"lazy\" src=\"\/img\/noticias\/thumb\/cerundolo-llevo-250000-dolares-titulo-resto-mundo-laver-cup.webp\" alt=\"Cer\u00fandolo se llev\u00f3 250.000 d\u00f3lares por el t\u00edtulo del Resto del Mundo en la Laver Cup\" width=\"75\" height=\"75\"\/><br \/>\n<br \/>\n<strong>Le Mans FC<\/strong>, hist\u00f3rico club del ascenso franc\u00e9s, quiere <strong>relanzarse con esta inyecci\u00f3n de capital y proyecci\u00f3n medi\u00e1tica<\/strong>. La llegada de inversores con nombres de peso internacional no solo le da visibilidad al club, sino que tambi\u00e9n abre un terreno innovador: el de las asociaciones improbables, donde un hist\u00f3rico del tenis y dos exfiguras del automovilismo apuestan por el mismo equipo. Por supuesto que la ciudad de <strong>Le Mans<\/strong>, donde juega el <strong>club franc\u00e9s<\/strong>, est\u00e1 fuertemente ligada al automovilismo, ya que es donde se corren las <strong>24 horas de Le Mans<\/strong>, una de las carreras m\u00e1s importantes del <strong>mundo<\/strong>.<\/p>\n<p>De todas formas, el caso de <strong>Djokovic<\/strong> no es aislado. Cada vez m\u00e1s deportistas de \u00e9lite eligen diversificar en el mundo del f\u00fatbol: desde <strong>Roger Federer<\/strong> con su v\u00ednculo en el tenis base suizo hasta<strong> LeBron James<\/strong> como accionista del <strong>Liverpool<\/strong>. Lo novedoso ac\u00e1 es la mezcla de disciplinas, que convierte al <strong>Le Mans <\/strong>en un club donde se cruzan <strong>raquetas, motores y pelotas<\/strong>. Un proyecto que une tres mundos y que promete generar m\u00e1s titulares fuera de la cancha que dentro.<\/p>\n<p><img decoding=\"async\" class=\"lazyload\" loading=\"lazy\" src=\"\/fotos\/externas\/inversion-novak-djokovic-mezcla-futbol-tenis-f1-1758724703-1.webp\" style=\"width:100%;max-width:600px;height:auto;\" width=\"500\" height=\"250\" alt=\"\"\/><\/p>\n<p><img decoding=\"async\" class=\"lazyload\" loading=\"lazy\" src=\"\/img\/noticias\/thumb\/laver-cup-llegar-sudamerica-rumor-declaraciones-roger-federer.webp\" alt=\"\u00bfLa Laver Cup podr\u00eda llegar a Sudam\u00e9rica?: el rumor tras las declaraciones de Roger Federer\" width=\"75\" height=\"75\"\/><\/p>\n","protected":false},"excerpt":{"rendered":"Novak Djokovic ha sumado una nueva inversi\u00f3n. Esta vez, fuera del tenis: el serbio decidi\u00f3 invertir en Le&hellip;\n","protected":false},"author":2,"featured_media":135894,"comment_status":"","ping_status":"","sticky":false,"template":"","format":"standard","meta":{"footnotes":""},"categories":[270],"tags":[4597,82,168,25,24,306,271,272,282,2736,11779,1725,2733,23,167,327],"class_list":{"0":"post-135893","1":"post","2":"type-post","3":"status-publish","4":"format-standard","5":"has-post-thumbnail","7":"category-formula-1","8":"tag-basquet","9":"tag-business","10":"tag-deportes","11":"tag-es","12":"tag-espana","13":"tag-f1","14":"tag-formula-1","15":"tag-formula1","16":"tag-futbol","17":"tag-marketing","18":"tag-marketing-registrado","19":"tag-nba","20":"tag-negocios","21":"tag-spain","22":"tag-sports","23":"tag-tenis"},"share_on_mastodon":{"url":"","error":""},"_links":{"self":[{"href":"https:\/\/www.europesays.com\/es\/wp-json\/wp\/v2\/posts\/135893","targetHints":{"allow":["GET"]}}],"collection":[{"href":"https:\/\/www.europesays.com\/es\/wp-json\/wp\/v2\/posts"}],"about":[{"href":"https:\/\/www.europesays.com\/es\/wp-json\/wp\/v2\/types\/post"}],"author":[{"embeddable":true,"href":"https:\/\/www.europesays.com\/es\/wp-json\/wp\/v2\/users\/2"}],"replies":[{"embeddable":true,"href":"https:\/\/www.europesays.com\/es\/wp-json\/wp\/v2\/comments?post=135893"}],"version-history":[{"count":0,"href":"https:\/\/www.europesays.com\/es\/wp-json\/wp\/v2\/posts\/135893\/revisions"}],"wp:featuredmedia":[{"embeddable":true,"href":"https:\/\/www.europesays.com\/es\/wp-json\/wp\/v2\/media\/135894"}],"wp:attachment":[{"href":"https:\/\/www.europesays.com\/es\/wp-json\/wp\/v2\/media?parent=135893"}],"wp:term":[{"taxonomy":"category","embeddable":true,"href":"https:\/\/www.europesays.com\/es\/wp-json\/wp\/v2\/categories?post=135893"},{"taxonomy":"post_tag","embeddable":true,"href":"https:\/\/www.europesays.com\/es\/wp-json\/wp\/v2\/tags?post=135893"}],"curies":[{"name":"wp","href":"https:\/\/api.w.org\/{rel}","templated":true}]}}