{"id":135897,"date":"2025-09-24T14:53:08","date_gmt":"2025-09-24T14:53:08","guid":{"rendered":"https:\/\/www.europesays.com\/es\/135897\/"},"modified":"2025-09-24T14:53:08","modified_gmt":"2025-09-24T14:53:08","slug":"cuando-eres-delantero-tienes-mas-focos","status":"publish","type":"post","link":"https:\/\/www.europesays.com\/es\/135897\/","title":{"rendered":"Cuando eres delantero tienes m\u00e1s focos"},"content":{"rendered":"<p>                        El alem\u00e1n, que destac\u00f3 en rueda de prensa que \u00abeste tipo de actos no son los que m\u00e1s me gustan\u00bb, alab\u00f3 el nivel del canario\n<\/p>\n<p><img src=\"https:\/\/www.mundodeportivo.com\/files\/image_449_220\/files\/fp\/uploads\/2025\/09\/24\/68d3dfa6237e9.r_d.440-368-4907.jpeg\" data-full-src=\"https:\/\/www.europesays.com\/es\/wp-content\/uploads\/2025\/09\/68d3dfa6237e9.jpeg\" alt=\"Flick atendi\u00f3 a los medios en la previa del duelo ante el Oviedo\" width=\"449\" height=\"220\" class=\"nolazy\" decoding=\"async\" fetchpriority=\"high\"\/><\/p>\n<p class=\"caption-title \">Flick atendi\u00f3 a los medios en la previa del duelo ante el Oviedo<\/p>\n<p>Pere Punt\u00ed<\/p>\n<p>                <img loading=\"lazy\" decoding=\"async\" width=\"60\" height=\"60\" alt=\"Flick, sobre Pedri y el Bal\u00f3n de Oro: \" cuando=\"\" eres=\"\" delantero=\"\" tienes=\"\" m=\"\" focos=\"\" title=\"\" src=\"\/files\/image_60_60\/uploads\/2024\/03\/12\/65f078ff6fdb8.png\" class=\"lazy\"\/><\/p>\n<p>\n                        Actualizado a  24\/09\/2025 14:11 CEST\n                    <\/p>\n<p data-gtm-element-container=\"modulo-texto-link\" class=\"paragraph\"><strong>Flick <\/strong>sali\u00f3 en defensa de <strong>Pedri <\/strong>despu\u00e9s de que el canario se quedara fuera del Top-10 de la clasificaci\u00f3n del Bal\u00f3n de Oro. El alem\u00e1n se uni\u00f3 al gran tsunami de halagos que el canario est\u00e1 recibiendo tras sus \u00faltimas actuaciones:<\/p>\n<p>    Lee tambi\u00e9n<\/p>\n<p data-gtm-element-container=\"modulo-texto-link\" class=\"paragraph\">\u00abCuando eres un atacante tienes m\u00e1s focos. Si dice eso <strong>Scholes<\/strong>, que era un jugador maravilloso es algo bueno, porque sabe de lo que habla. Pedri est\u00e1 a un nivel incre\u00edble, igual que <strong>Frenkie. <\/strong>Estoy muy contento con lo que veo en los entrenamientos, el estado de \u00e1nimo es muy bueno, y nos ayuda para seguir creciendo\u00bb, destac\u00f3 el t\u00e9cnico alem\u00e1n en rueda de prensa.<\/p>\n<p data-gtm-element-container=\"modulo-texto-link\" class=\"paragraph\">Tambi\u00e9n habl\u00f3 sobre la Gala: \u00abPara ser sincero, este tipo de actos no son los que m\u00e1s me gustan, pero no pasa nada, forma parte de mi trabajo. Por eso fui con el resto de la expedici\u00f3n. Estuve all\u00ed con &#8216;celebridades&#8217; y coincid\u00ed con <strong>Matthaus <\/strong>o otros del <strong>Bayern de M\u00fanich<\/strong> que alabaron el juego del Bar\u00e7a. Lo que puedo decir es que estoy muy orgulloso de mi equipo\u00bb.<\/p>\n<p>\n        Mostrar comentarios\n    <\/p>\n<p>{\u00aballowComment\u00bb:\u00bballowed\u00bb,\u00bbarticleId\u00bb:\u00bbarticle-1002538110&#8243;,\u00bburl\u00bb:\u00bbhttps:\\\/\\\/www.mundodeportivo.com\\\/futbol\\\/fc-barcelona\\\/20250924\\\/1002538110\\\/flick-sobre-pedri-balon-oro-delantero-tienes-mas-focos.html\u00bb,\u00bblivefyre-url\u00bb:\u00bbarticle-1002538110&#8243;}<\/p>\n<p>Cargando siguiente contenido&#8230;\n                <\/p>\n","protected":false},"excerpt":{"rendered":"El alem\u00e1n, que destac\u00f3 en rueda de prensa que \u00abeste tipo de actos no son los que m\u00e1s&hellip;\n","protected":false},"author":2,"featured_media":135898,"comment_status":"","ping_status":"","sticky":false,"template":"","format":"standard","meta":{"footnotes":""},"categories":[268],"tags":[168,25,24,280,282,281,23,167],"class_list":{"0":"post-135897","1":"post","2":"type-post","3":"status-publish","4":"format-standard","5":"has-post-thumbnail","7":"category-futbol","8":"tag-deportes","9":"tag-es","10":"tag-espana","11":"tag-football","12":"tag-futbol","13":"tag-soccer","14":"tag-spain","15":"tag-sports"},"share_on_mastodon":{"url":"","error":""},"_links":{"self":[{"href":"https:\/\/www.europesays.com\/es\/wp-json\/wp\/v2\/posts\/135897","targetHints":{"allow":["GET"]}}],"collection":[{"href":"https:\/\/www.europesays.com\/es\/wp-json\/wp\/v2\/posts"}],"about":[{"href":"https:\/\/www.europesays.com\/es\/wp-json\/wp\/v2\/types\/post"}],"author":[{"embeddable":true,"href":"https:\/\/www.europesays.com\/es\/wp-json\/wp\/v2\/users\/2"}],"replies":[{"embeddable":true,"href":"https:\/\/www.europesays.com\/es\/wp-json\/wp\/v2\/comments?post=135897"}],"version-history":[{"count":0,"href":"https:\/\/www.europesays.com\/es\/wp-json\/wp\/v2\/posts\/135897\/revisions"}],"wp:featuredmedia":[{"embeddable":true,"href":"https:\/\/www.europesays.com\/es\/wp-json\/wp\/v2\/media\/135898"}],"wp:attachment":[{"href":"https:\/\/www.europesays.com\/es\/wp-json\/wp\/v2\/media?parent=135897"}],"wp:term":[{"taxonomy":"category","embeddable":true,"href":"https:\/\/www.europesays.com\/es\/wp-json\/wp\/v2\/categories?post=135897"},{"taxonomy":"post_tag","embeddable":true,"href":"https:\/\/www.europesays.com\/es\/wp-json\/wp\/v2\/tags?post=135897"}],"curies":[{"name":"wp","href":"https:\/\/api.w.org\/{rel}","templated":true}]}}