{"id":135903,"date":"2025-09-24T14:56:08","date_gmt":"2025-09-24T14:56:08","guid":{"rendered":"https:\/\/www.europesays.com\/es\/135903\/"},"modified":"2025-09-24T14:56:08","modified_gmt":"2025-09-24T14:56:08","slug":"de-cuanto-es-la-fortuna-de-jenny-han-autora-del-libro-the-summer-i-turned-pretty","status":"publish","type":"post","link":"https:\/\/www.europesays.com\/es\/135903\/","title":{"rendered":"De cu\u00e1nto es la fortuna de Jenny Han, autora del libro The Summer I Turned Pretty"},"content":{"rendered":"\n<p>      24 de septiembre 2025 &#8211; 11:45<\/p>\n<p class=\"ignore-parser\">Las dos trilog\u00edas m\u00e1s famosas de esta escritora obtuvieron adaptaciones a streaming, una formato de pel\u00edculas y la otra, como una serie de 3 temporadas.<\/p>\n<p>      <img decoding=\"async\" src=\"https:\/\/www.europesays.com\/es\/wp-content\/uploads\/2025\/09\/jenny-han-2.jpg\" class=\"detail-highlighted-multimedia__figure-img img-fluid\" alt=\"Jenny Han es autora y productora ejecutiva de la serie de Prime Video, The Summer I Turned Pretty.\" width=\"1280\" height=\"720\" crossorigin=\"anonymous\" fetchpriority=\"high\" decode=\"async\"\/>       <\/p>\n<p><strong> Jenny Han <\/strong>es reconocida por ser la autora de algunas de las <strong>novelas rom\u00e1nticas<\/strong> m\u00e1s populares del momento. Con varias adaptaciones en el <strong>cine <\/strong>y la <strong>televisi\u00f3n<\/strong>, como es el caso del libro<strong> \u201cThe Summer I Turned Pretty\u201d<\/strong>, la escritora logr\u00f3 ganarse el coraz\u00f3n de millones de lectores y recaudar una considerable <strong><a href=\"https:\/\/www.ambito.com\/negocios\/el-autor-multimillonario-que-formo-un-patrimonio-mas-100-millones-dolares-un-metodo-poco-conocido-n6106916\" target=\"_blank\" rel=\"follow nofollow noopener\">fortuna<\/a><\/strong>.<\/p>\n<p>El contenido al que quiere acceder es exclusivo para suscriptores.<\/p>\n<p>   suscribirse   ya estoy suscripto  <\/p>\n<p>\u201cThe Summer I Turned Pretty\u201d es <strong>una de las series del momento<\/strong>. Semana a semana, los fans <strong>debatieron los sucesos ocurridos<\/strong> durante estos cap\u00edtulos y se encari\u00f1aron con sus personajes. Con la finalizaci\u00f3n del show, Han anunci\u00f3 la producci\u00f3n de una <strong>pel\u00edcula <\/strong>que continuar\u00e1 con la historia de sus protagonistas, <strong>Belly <\/strong>y <strong>Conrad<\/strong>.<\/p>\n<p>\t\t\tInformate m\u00e1s\t\t\t\t\t\t\t\t\t\t<a href=\"https:\/\/www.ambito.com\/negocios\/fundo-una-las-cadenas-comida-mas-populares-17-anos-y-mil-dolares-la-historia-fred-deluca-n6193884\" target=\"\" title=\"\u00e1mbito.com | Fund\u00f3 una de las cadenas de comida m\u00e1s populares con 17 a\u00f1os y mil d\u00f3lares: la historia de Fred DeLuca\" alt=\"\u00e1mbito.com | Fund\u00f3 una de las cadenas de comida m\u00e1s populares con 17 a\u00f1os y mil d\u00f3lares: la historia de Fred DeLuca\" rel=\"noindex nofollow noreferrer noopener\"><br \/>\n\t\t\t\t\t\t\t\t\t\t\t<img loading=\"lazy\" decoding=\"async\" src=\"https:\/\/www.ambito.com\/css-custom\/239\/lazy.svg\" data-td-src-property=\"https:\/\/media.ambito.com\/p\/0bdde5fcc820af9f03ad7fb532f8e72c\/adjuntos\/239\/imagenes\/042\/790\/0042790058\/93x52\/smart\/fred-deluca.webp\" alt=\"Tuvo la visi\u00f3n para iniciar un negocio que gener\u00f3 millones y derroc\u00f3 a los grandes de la industria de las comidas r\u00e1pidas.\" title=\"Tuvo la visi\u00f3n para iniciar un negocio que gener\u00f3 millones y derroc\u00f3 a los grandes de la industria de las comidas r\u00e1pidas.\" width=\"93\" height=\"52\" class=\"news-article__figure-img figure-img img-fluid\"\/>\t\t<\/a>\t\t\t\t\t\t\t\t\t\t\t\t<a href=\"https:\/\/www.ambito.com\/deportes\/los-millones-dolares-que-se-juegan-racing-velez-river-y-estudiantes-llegar-semifinales-copa-libertadores-n6193998\" target=\"\" title=\"\u00e1mbito.com | Los millones de d\u00f3lares que se juegan Racing, V\u00e9lez, River y Estudiantes por llegar a semifinales de Copa Libertadores\" alt=\"\u00e1mbito.com | Los millones de d\u00f3lares que se juegan Racing, V\u00e9lez, River y Estudiantes por llegar a semifinales de Copa Libertadores\" rel=\"noindex nofollow noreferrer noopener\"><br \/>\n\t\t\t\t\t\t\t\t\t\t\t<img loading=\"lazy\" decoding=\"async\" src=\"https:\/\/www.ambito.com\/css-custom\/239\/lazy.svg\" data-td-src-property=\"https:\/\/media.ambito.com\/p\/18e3781f5198577871f5919238b4f074\/adjuntos\/239\/imagenes\/042\/791\/0042791625\/velez-racing-river-estudiantes.png\" alt=\"Los millones de d\u00f3lares que se juegan Racing, V\u00e9lez, River y Estudiantes por llegar a semifinales de Copa Libertadores\" title=\"Los millones de d\u00f3lares que se juegan Racing, V\u00e9lez, River y Estudiantes por llegar a semifinales de Copa Libertadores\" width=\"93\" height=\"52\" class=\"news-article__figure-img figure-img img-fluid\"\/>\t\t<\/a>\t\t\t\t\t\t <\/p>\n<p>  Carrera de Jenny Han  <\/p>\n<p>Jenny Han 1   <\/p>\n<p>  <img decoding=\"async\" src=\"https:\/\/www.ambito.com\/css-custom\/239\/lazy.svg\" data-td-src-property=\"https:\/\/media.ambito.com\/p\/05417843e4573b9b390ee5479cdc1384\/adjuntos\/239\/imagenes\/042\/792\/0042792143\/730x0\/smart\/jenny-han-1.jpg\" alt=\"\" title=\"\" width=\"730\" height=\"undefined\" id=\"8130926-Libre-341452611_embed\"\/>      <\/p>\n<p>Jenny Han comenz\u00f3 a escribir cuando estaba en la universidad y public\u00f3 su<strong> primer libro <\/strong>en 2006, que se trataba de un <strong>cuento infantil <\/strong>llamado<strong> \u201cShug\u201d.<\/strong> Sin embargo, su nombre comenz\u00f3 a aparecer en las listas de los libros m\u00e1s vendidos con la publicaci\u00f3n del primer libro de <strong>\u201cEl Verano En El Que Me Enamor\u00e9\u201d<\/strong> en 2009.<\/p>\n<p>La trilog\u00eda completa se convirti\u00f3 en <strong>Best Seller de Nueva York<\/strong>. A\u00f1os despu\u00e9s lleg\u00f3 su segundo gran \u00e9xito, <strong>\u201cA Todos Los Chicos De Los Que Me Enamor\u00e9\u201d<\/strong>, que tambi\u00e9n es una trilog\u00eda especialmente <strong>viral<\/strong>. Esto lleg\u00f3 a tal punto que los 3 libros obtuvieron su <strong>adaptaci\u00f3n a streaming <\/strong>entre 2018 y 2021 y una<strong> serie spin-off <\/strong>desde el 2023 hasta la actualidad.<\/p>\n<p>  Patrimonio neto de Jenny Han  <\/p>\n<p>Jenny Han   <\/p>\n<p>  <img decoding=\"async\" src=\"https:\/\/www.ambito.com\/css-custom\/239\/lazy.svg\" data-td-src-property=\"https:\/\/media.ambito.com\/p\/8786ee71c1e964edfb6785ed8581c4fa\/adjuntos\/239\/imagenes\/042\/792\/0042792142\/730x0\/smart\/jenny-han.jpg\" alt=\"\" title=\"\" width=\"730\" height=\"undefined\" id=\"8130925-Libre-1509100596_embed\"\/>     <\/p>\n<p>Tras casi 20 a\u00f1os de su debut como escritora, actualmente Jenny Han posee un patrimonio estimado de <strong>entre 2 y 5 millones de d\u00f3lares<\/strong>, seg\u00fan un art\u00edculo publicado por Prestige Online.<\/p>\n<p>Hasta hoy en d\u00eda, la autora vendi\u00f3 un total de <strong>8 millones de copias<\/strong> de la trilog\u00eda de \u201cThe Summer I Turned Pretty\u201d, mientras que los libros de \u201cTo All The Boys I Loved Before\u201d todav\u00eda se mantienen como algunos de<strong> los m\u00e1s vendidos en el mundo<\/strong>.<\/p>\n","protected":false},"excerpt":{"rendered":"24 de septiembre 2025 &#8211; 11:45 Las dos trilog\u00edas m\u00e1s famosas de esta escritora obtuvieron adaptaciones a streaming,&hellip;\n","protected":false},"author":2,"featured_media":135904,"comment_status":"","ping_status":"","sticky":false,"template":"","format":"standard","meta":{"footnotes":""},"categories":[172],"tags":[224,146,147,25,24,225,23],"class_list":{"0":"post-135903","1":"post","2":"type-post","3":"status-publish","4":"format-standard","5":"has-post-thumbnail","7":"category-libros","8":"tag-books","9":"tag-entertainment","10":"tag-entretenimiento","11":"tag-es","12":"tag-espana","13":"tag-libros","14":"tag-spain"},"share_on_mastodon":{"url":"","error":""},"_links":{"self":[{"href":"https:\/\/www.europesays.com\/es\/wp-json\/wp\/v2\/posts\/135903","targetHints":{"allow":["GET"]}}],"collection":[{"href":"https:\/\/www.europesays.com\/es\/wp-json\/wp\/v2\/posts"}],"about":[{"href":"https:\/\/www.europesays.com\/es\/wp-json\/wp\/v2\/types\/post"}],"author":[{"embeddable":true,"href":"https:\/\/www.europesays.com\/es\/wp-json\/wp\/v2\/users\/2"}],"replies":[{"embeddable":true,"href":"https:\/\/www.europesays.com\/es\/wp-json\/wp\/v2\/comments?post=135903"}],"version-history":[{"count":0,"href":"https:\/\/www.europesays.com\/es\/wp-json\/wp\/v2\/posts\/135903\/revisions"}],"wp:featuredmedia":[{"embeddable":true,"href":"https:\/\/www.europesays.com\/es\/wp-json\/wp\/v2\/media\/135904"}],"wp:attachment":[{"href":"https:\/\/www.europesays.com\/es\/wp-json\/wp\/v2\/media?parent=135903"}],"wp:term":[{"taxonomy":"category","embeddable":true,"href":"https:\/\/www.europesays.com\/es\/wp-json\/wp\/v2\/categories?post=135903"},{"taxonomy":"post_tag","embeddable":true,"href":"https:\/\/www.europesays.com\/es\/wp-json\/wp\/v2\/tags?post=135903"}],"curies":[{"name":"wp","href":"https:\/\/api.w.org\/{rel}","templated":true}]}}