{"id":135905,"date":"2025-09-24T14:57:08","date_gmt":"2025-09-24T14:57:08","guid":{"rendered":"https:\/\/www.europesays.com\/es\/135905\/"},"modified":"2025-09-24T14:57:08","modified_gmt":"2025-09-24T14:57:08","slug":"no-he-sido-capaz-de-volver-a-mi-ciudad","status":"publish","type":"post","link":"https:\/\/www.europesays.com\/es\/135905\/","title":{"rendered":"No he sido capaz de volver a mi ciudad"},"content":{"rendered":"<p class=\"c-paragraph\"><a href=\"https:\/\/www.20minutos.es\/tags\/temas\/cruz-sanchez-de-lara.html\" title=\"Cruz S\u00e1nchez de Lara\" rel=\"nofollow noopener\" target=\"_blank\">Cruz S\u00e1nchez de Lara<\/a>, colaboradora habitual de <a href=\"https:\/\/www.20minutos.es\/tags\/instituciones-empresas\/espejo-publico.html\" title=\"Espejo P\u00fablico\" rel=\"nofollow noopener\" target=\"_blank\">Espejo P\u00fablico<\/a>, ha visitado este mi\u00e9rcoles el plat\u00f3 del matinal de <a href=\"https:\/\/www.20minutos.es\/tags\/instituciones-empresas\/antena-3.html\" title=\"Antena 3\" rel=\"nofollow noopener\" target=\"_blank\">Antena 3<\/a> para desvelar uno de los episodios m\u00e1s complicados de su vida: cuando tuvo que <b>huir de su pueblo hace m\u00e1s de dos d\u00e9cadas<\/b>.<\/p>\n<p class=\"c-paragraph\">Tal como ha explicado la abogada, pese a que este 24 de septiembre no sea su cumplea\u00f1os, s\u00ed fue el d\u00eda que volvi\u00f3 a nacer, pues se trata de la jornada en la que consigui\u00f3 dejar atr\u00e1s las constantes amenazas y agresiones que sufr\u00eda por parte de su exmarido: \u00abLo m\u00edo pas\u00f3 en la antigua ley. Entonces, <b>no hab\u00eda recursos<\/b> y ten\u00edamos que invent\u00e1rnoslos para protegernos\u00bb.<\/p>\n<p class=\"c-paragraph\">\u00ab<b>No he sido capaz de volver a la ciudad de la que sal\u00ed<\/b>\u00ab, ha destacado la colaboradora que, adem\u00e1s, ha reconocido que solo ha regresado en ocasiones muy puntuales y siempre acompa\u00f1ada de protecci\u00f3n policial y con la orden de alejamiento vigente.<\/p>\n<p class=\"c-paragraph\">Ahora, Cruz se ha propuesto regresar a ese lugar del que tuvo que salir y, adem\u00e1s, ha se\u00f1alado que quiere que este viaje le sirva como reconciliaci\u00f3n personal y que su hijo pueda conocer el lugar del que procede su madre: \u00ab<b>Hoy estoy aqu\u00ed para prestar mi voz a las mujeres que no pueden hablar<\/b> porque est\u00e1n ofendidas, muertas de miedo&#8230; No hace falta que te asesinen o que te aniquilen, con que te anulen y tengas ganas de estar muerta en vida&#8230; Creo que se lo debo a estas mujeres\u00bb.<\/p>\n<p class=\"c-paragraph\">\u00abLlegu\u00e9 a Madrid con <b>una maleta, un ni\u00f1o de cuatro a\u00f1os y un problema muy grave que no sab\u00eda reconocer<\/b>\u00ab, ha se\u00f1alado la abogada que, de la misma manera, ha destacado que no ha contado este testimonio en otros plat\u00f3s, pese a que podr\u00eda haber obtenido una gran cantidad de dinero. Asimismo, Cruz S\u00e1nchez de Lara ha agradecido la labor de \u00c1ngeles \u00c1lvarez, exdiputada y exportavoz de Igualdad del PSOE, y ha pedido disculpas a sus padres y su hijo por si su testimonio les ofend\u00eda: \u00abPerdonadme, pero <b>creo que se lo debo a las dem\u00e1s<\/b>\u00ab.<\/p>\n<p class=\"c-paragraph\">\u00abYo he sufrido un estr\u00e9s postraum\u00e1tico grave y al acercarme a la ciudad donde yo resid\u00eda las manos me temblaban. <b>Yo ten\u00eda much\u00edsimo miedo<\/b>. Quiero explicar la diferencia entre el miedo y el riesgo: el miedo es subjetivo; el riesgo es objetivo. Cuando una mujer tiene una orden de alejamiento, bien sea por una medida cautelar o por una condena, lo que ha valorado un juez es que existe un riesgo objetivo para su integridad (&#8230;). Y <b>tu integridad no implica solo que te asesinen<\/b>\u00ab, ha agregado la abogada.<\/p>\n<p class=\"c-paragraph\">\u00abSi una ministra de Igualdad se pone en el Congreso de los Diputados a decir que no ha habido ninguna mujer asesinada, es que <b>no entiende de qu\u00e9 va la violencia de g\u00e9nero<\/b>. Muchas mujeres que nos est\u00e9n viendo hoy est\u00e1n sufriendo, est\u00e1n muertas de miedo, con sus vidas hechas una ruina y lo \u00fanico que quieren es que las crean, que las dejen en paz, no quieren que condenen a sus maltratadores, no quieren ver en la c\u00e1rcel a los padres de sus hijos porque tienen un sentimiento interno de culpa y un s\u00edndrome de Estocolmo. Tienen la vida hecha ciscos porque han vivido y <b>han dormido con el terrorista que se ha adue\u00f1ado de su cerebro<\/b>\u00ab, ha sentenciado Cruz S\u00e1nchez de Lara.\u00a0<\/p>\n","protected":false},"excerpt":{"rendered":"Cruz S\u00e1nchez de Lara, colaboradora habitual de Espejo P\u00fablico, ha visitado este mi\u00e9rcoles el plat\u00f3 del matinal de&hellip;\n","protected":false},"author":2,"featured_media":135906,"comment_status":"","ping_status":"","sticky":false,"template":"","format":"standard","meta":{"footnotes":""},"categories":[171],"tags":[7383,146,147,25,24,610,33788,1731,199,23,214],"class_list":{"0":"post-135905","1":"post","2":"type-post","3":"status-publish","4":"format-standard","5":"has-post-thumbnail","7":"category-tv","8":"tag-cruz","9":"tag-entertainment","10":"tag-entretenimiento","11":"tag-es","12":"tag-espana","13":"tag-infierno","14":"tag-lara","15":"tag-relata","16":"tag-sanchez","17":"tag-spain","18":"tag-tv"},"share_on_mastodon":{"url":"","error":""},"_links":{"self":[{"href":"https:\/\/www.europesays.com\/es\/wp-json\/wp\/v2\/posts\/135905","targetHints":{"allow":["GET"]}}],"collection":[{"href":"https:\/\/www.europesays.com\/es\/wp-json\/wp\/v2\/posts"}],"about":[{"href":"https:\/\/www.europesays.com\/es\/wp-json\/wp\/v2\/types\/post"}],"author":[{"embeddable":true,"href":"https:\/\/www.europesays.com\/es\/wp-json\/wp\/v2\/users\/2"}],"replies":[{"embeddable":true,"href":"https:\/\/www.europesays.com\/es\/wp-json\/wp\/v2\/comments?post=135905"}],"version-history":[{"count":0,"href":"https:\/\/www.europesays.com\/es\/wp-json\/wp\/v2\/posts\/135905\/revisions"}],"wp:featuredmedia":[{"embeddable":true,"href":"https:\/\/www.europesays.com\/es\/wp-json\/wp\/v2\/media\/135906"}],"wp:attachment":[{"href":"https:\/\/www.europesays.com\/es\/wp-json\/wp\/v2\/media?parent=135905"}],"wp:term":[{"taxonomy":"category","embeddable":true,"href":"https:\/\/www.europesays.com\/es\/wp-json\/wp\/v2\/categories?post=135905"},{"taxonomy":"post_tag","embeddable":true,"href":"https:\/\/www.europesays.com\/es\/wp-json\/wp\/v2\/tags?post=135905"}],"curies":[{"name":"wp","href":"https:\/\/api.w.org\/{rel}","templated":true}]}}