{"id":135911,"date":"2025-09-24T15:00:08","date_gmt":"2025-09-24T15:00:08","guid":{"rendered":"https:\/\/www.europesays.com\/es\/135911\/"},"modified":"2025-09-24T15:00:08","modified_gmt":"2025-09-24T15:00:08","slug":"comienza-la-venta-preferente-para-los-abonados-del-malaga-cf-malaga-cf","status":"publish","type":"post","link":"https:\/\/www.europesays.com\/es\/135911\/","title":{"rendered":"Comienza la venta preferente para los abonados del M\u00e1laga CF | M\u00e1laga CF"},"content":{"rendered":"<p>La Rosaleda acoger\u00e1 el partido de ida de la UEFA Women\u2019s Nations League, que enfrentar\u00e1 a las selecciones absolutas femeninas de Espa\u00f1a y de Suecia el pr\u00f3ximo 24 de octubre (20:00 horas).<\/p>\n<p>Para este encuentro internacional disputado en Martiricos, los abonados malaguistas dispondr\u00e1n de venta preferente de entradas. Desde el mi\u00e9rcoles 24 de septiembre a las 12:00h hasta las 12:00 horas del jueves 25 de septiembre, o hasta agotar existencias, los aficionados malaguistas podr\u00e1n adquirir sus entradas a trav\u00e9s de <a href=\"https:\/\/tickets.rfef.es\/evento\/espana-suecia-uefa-womens-nations-league\/\" rel=\"nofollow noopener\" target=\"_blank\">tickets.rfef.es<\/a>. El n\u00famero m\u00e1ximo ser\u00e1 de 4 entradas por cada carnet de socio (1 entrada de socio + 3 acompa\u00f1antes). Se podr\u00e1n validar varios socios en la misma operaci\u00f3n. \u00a0<\/p>\n<p>Una vez finalizado el plazo -12:00h del jueves 25 de septiembre-, se activar\u00e1 la venta al p\u00fablico general de manera online hasta el inicio del partido o agotar existencias. El n\u00famero m\u00e1ximo ser\u00e1 de 6 entradas por cada operaci\u00f3n de compra.<\/p>\n<p>Los precios de las entradas son los siguientes:<\/p>\n<p>\u2022 \u00a0 \u00a0Tribuna: 24\u20ac<br \/>\u2022 \u00a0 \u00a0Preferencia 18\u20ac<br \/>\u2022 \u00a0 \u00a0Fondos: 12\u20ac<\/p>\n<p>Sobre estos precios se establece una promoci\u00f3n de venta anticipada para todas aquellas personas que adquieran sus entradas en los siguientes periodos de venta:<\/p>\n<p>\u00b7 \u00a0 \u00a0 \u00a0 \u00a0 50% de descuento sobre el precio de la entrada para compras hasta el 10 de octubre<br \/>\u00b7 \u00a0 \u00a0 \u00a0 \u00a0 30% de descuento sobre el precio de la entrada para compras desde el 11 de octubre hasta el 18 de octubre.<br \/>\u00b7 \u00a0 \u00a0 \u00a0 \u00a0 10% de descuento sobre el precio de la entrada para compras desde el 19 de octubre hasta el 23 de octubre.<\/p>\n<p>M\u00e1s informaci\u00f3n, y venta de entradas, <strong><a href=\"https:\/\/tickets.rfef.es\/evento\/espana-suecia-uefa-womens-nations-league\/\" rel=\"nofollow noopener\" target=\"_blank\">aqu\u00ed<\/a><\/strong>.\u00a0<\/p>\n","protected":false},"excerpt":{"rendered":"La Rosaleda acoger\u00e1 el partido de ida de la UEFA Women\u2019s Nations League, que enfrentar\u00e1 a las selecciones&hellip;\n","protected":false},"author":2,"featured_media":135912,"comment_status":"","ping_status":"","sticky":false,"template":"","format":"standard","meta":{"footnotes":""},"categories":[93],"tags":[168,25,24,23,167],"class_list":{"0":"post-135911","1":"post","2":"type-post","3":"status-publish","4":"format-standard","5":"has-post-thumbnail","7":"category-deportes","8":"tag-deportes","9":"tag-es","10":"tag-espana","11":"tag-spain","12":"tag-sports"},"share_on_mastodon":{"url":"","error":""},"_links":{"self":[{"href":"https:\/\/www.europesays.com\/es\/wp-json\/wp\/v2\/posts\/135911","targetHints":{"allow":["GET"]}}],"collection":[{"href":"https:\/\/www.europesays.com\/es\/wp-json\/wp\/v2\/posts"}],"about":[{"href":"https:\/\/www.europesays.com\/es\/wp-json\/wp\/v2\/types\/post"}],"author":[{"embeddable":true,"href":"https:\/\/www.europesays.com\/es\/wp-json\/wp\/v2\/users\/2"}],"replies":[{"embeddable":true,"href":"https:\/\/www.europesays.com\/es\/wp-json\/wp\/v2\/comments?post=135911"}],"version-history":[{"count":0,"href":"https:\/\/www.europesays.com\/es\/wp-json\/wp\/v2\/posts\/135911\/revisions"}],"wp:featuredmedia":[{"embeddable":true,"href":"https:\/\/www.europesays.com\/es\/wp-json\/wp\/v2\/media\/135912"}],"wp:attachment":[{"href":"https:\/\/www.europesays.com\/es\/wp-json\/wp\/v2\/media?parent=135911"}],"wp:term":[{"taxonomy":"category","embeddable":true,"href":"https:\/\/www.europesays.com\/es\/wp-json\/wp\/v2\/categories?post=135911"},{"taxonomy":"post_tag","embeddable":true,"href":"https:\/\/www.europesays.com\/es\/wp-json\/wp\/v2\/tags?post=135911"}],"curies":[{"name":"wp","href":"https:\/\/api.w.org\/{rel}","templated":true}]}}