{"id":135919,"date":"2025-09-24T15:04:10","date_gmt":"2025-09-24T15:04:10","guid":{"rendered":"https:\/\/www.europesays.com\/es\/135919\/"},"modified":"2025-09-24T15:04:10","modified_gmt":"2025-09-24T15:04:10","slug":"salvador-garcia-ruiz-sustituira-a-eduardo-navarro-al-frente-de-la-direccion-de-comunicacion-de-telefonica-economia","status":"publish","type":"post","link":"https:\/\/www.europesays.com\/es\/135919\/","title":{"rendered":"Salvador Garc\u00eda-Ruiz sustituir\u00e1 a Eduardo Navarro al frente de la Direcci\u00f3n de Comunicaci\u00f3n de Telef\u00f3nica | Econom\u00eda"},"content":{"rendered":"<p class=\"\">Salvador Garc\u00eda-Ruiz sustituir\u00e1 a Eduardo Navarro al frente de la Direcci\u00f3n de Comunicaci\u00f3n y Marketing Corporativo de Telef\u00f3nica, un puesto estrat\u00e9gico en la compa\u00f1\u00eda que a\u00fana marca, patrocinios y medios de comunicaci\u00f3n. El directivo catal\u00e1n se integrar\u00e1 en el Comit\u00e9 Ejecutivo de la compa\u00f1\u00eda, reportando directamente al presidente del grupo, Marc Murtra.<\/p>\n<p class=\"\">Navarro, uno de los pocos ejecutivos proveniente de la anterior etapa de Jos\u00e9 Mar\u00eda \u00c1lvarez-Pallete como presidente que se manten\u00eda en la c\u00fapula directiva, mantendr\u00e1 su cargo como presidente de Telef\u00f3nica Brasil y ser\u00e1 asesor en asuntos corporativos de Presidencia, posici\u00f3n desde la que facilitar\u00e1 el proceso de transici\u00f3n en los pr\u00f3ximos meses. El relevo, que se har\u00e1 efectivo en los pr\u00f3ximos d\u00edas,<a href=\"https:\/\/elpais.com\/economia\/2025-09-15\/murtra-presentara-el-nuevo-plan-estrategico-de-telefonica-el-4-de-noviembre.html\" target=\"_self\" rel=\"nofollow noopener\" title=\"https:\/\/elpais.com\/economia\/2025-09-15\/murtra-presentara-el-nuevo-plan-estrategico-de-telefonica-el-4-de-noviembre.html\"> se produce apenas un mes antes de que se presente el nuevo plan estrat\u00e9gico el pr\u00f3ximo 4 de noviembre.<\/a> <\/p>\n<p class=\"\">El cargo al frente de la Direcci\u00f3n de Comunicaci\u00f3n tiene una gran relevancia medi\u00e1tica puesto que Telef\u00f3nica es el tercer anunciante privado en Espa\u00f1a, con una inversi\u00f3n de 63,1 millones de euros en 2024, seg\u00fan Infoadex. <\/p>\n<p class=\"\">Salvador Garc\u00eda-Ruiz (Santa Perp\u00e8tua de Mogoda, 1976) es economista de formaci\u00f3n y con una dilatada carrera en medios de comunicaci\u00f3n, el sector financiero y la tecnolog\u00eda de Catalu\u00f1a. Entre los cargos que ha ocupado destacan <a href=\"https:\/\/www.ara.cat\/media\/salvador-garcia-ruiz-conseller-delegat_1_2946331.html\" target=\"_self\" rel=\"nofollow noopener\" title=\"https:\/\/www.ara.cat\/media\/salvador-garcia-ruiz-conseller-delegat_1_2946331.html\">los de ex consejero delegado del diario Ara <\/a>(2013-2019) y de la cooperativa de consumo Abacus (2021-2023) y director general de la Caja de Ingenieros. Actualmente, ocupaba el cargo de director general de Indra en Catalu\u00f1a, la firma tecnol\u00f3gica y de defensa que lider\u00f3 Murtra hasta que fue nombrado presidente de Telef\u00f3nica. Tambi\u00e9n ha ocupado cargos de responsabilidad en Caixa Manresa y en la Fundaci\u00f3 Catalunya\u2013La Pedrera.<\/p>\n<p class=\"\">Garc\u00eda-Ruiz form\u00f3 parte del colectivo Enma para hacer llegar los argumentos catalanistas a los medios de comunicaci\u00f3n internacionales, y es coautor, junto con David Boronat, del libro Catalunya Last Call: Propostes per tornar a fer enlairar el pa\u00eds. Es licenciado en Econom\u00eda por la Universitat Pompeu Fabra (UPF) y M\u00e1ster en Administraci\u00f3n de Empresas (MBA) por la Universidad de Nueva York (NYU). Inici\u00f3 su carrera en consultor\u00eda en McKinsey &amp; Company y en banca de inversi\u00f3n en Goldman Sachs.<\/p>\n<p>Larga trayectoria de Navarro<\/p>\n<p class=\"\">Navarro se incorpor\u00f3 a Telef\u00f3nica en 1999, procedente de McKinsey &amp; Co, como vicepresidente de Estrategia Corporativa y Asuntos Regulatorios de su filial en Brasil, en la que posteriormente ejerci\u00f3 como presidente y consejero delegado.<\/p>\n<p class=\"\">A nivel de grupo, ha desempe\u00f1ado distintas funciones en los \u00faltimos a\u00f1os, como la de Chief Commercial Digital Officer (CCDO) y director global de Estrategia y Desarrollo de Negocios. Tambi\u00e9n fue director de Planificaci\u00f3n Estrat\u00e9gica y Asuntos Regulatorios de Telef\u00f3nica Internacional.<\/p>\n<p class=\"\">En la completa remodelaci\u00f3n que llev\u00f3 a cabo Murtra cuando accedi\u00f3 a la presidencia de Telef\u00f3nica en enero pasado, fue junto con la directora de finanzas, Laura Abasolo, el \u00fanico ejecutivo que se mantuvo en la c\u00fapula directiva, aunque durante estos meses hab\u00eda pedido reiteradamente al presidente su traslado a Brasil por motivos personales. <\/p>\n","protected":false},"excerpt":{"rendered":"Salvador Garc\u00eda-Ruiz sustituir\u00e1 a Eduardo Navarro al frente de la Direcci\u00f3n de Comunicaci\u00f3n y Marketing Corporativo de Telef\u00f3nica,&hellip;\n","protected":false},"author":2,"featured_media":135920,"comment_status":"","ping_status":"","sticky":false,"template":"","format":"standard","meta":{"footnotes":""},"categories":[80],"tags":[3216,82,95,94,25,24,8335,23,6538,1826,1852],"class_list":{"0":"post-135919","1":"post","2":"type-post","3":"status-publish","4":"format-standard","5":"has-post-thumbnail","7":"category-economia","8":"tag-brasil","9":"tag-business","10":"tag-economia","11":"tag-economy","12":"tag-es","13":"tag-espana","14":"tag-marc-murtra","15":"tag-spain","16":"tag-telecomunicaciones","17":"tag-telefonica","18":"tag-vivo"},"share_on_mastodon":{"url":"","error":""},"_links":{"self":[{"href":"https:\/\/www.europesays.com\/es\/wp-json\/wp\/v2\/posts\/135919","targetHints":{"allow":["GET"]}}],"collection":[{"href":"https:\/\/www.europesays.com\/es\/wp-json\/wp\/v2\/posts"}],"about":[{"href":"https:\/\/www.europesays.com\/es\/wp-json\/wp\/v2\/types\/post"}],"author":[{"embeddable":true,"href":"https:\/\/www.europesays.com\/es\/wp-json\/wp\/v2\/users\/2"}],"replies":[{"embeddable":true,"href":"https:\/\/www.europesays.com\/es\/wp-json\/wp\/v2\/comments?post=135919"}],"version-history":[{"count":0,"href":"https:\/\/www.europesays.com\/es\/wp-json\/wp\/v2\/posts\/135919\/revisions"}],"wp:featuredmedia":[{"embeddable":true,"href":"https:\/\/www.europesays.com\/es\/wp-json\/wp\/v2\/media\/135920"}],"wp:attachment":[{"href":"https:\/\/www.europesays.com\/es\/wp-json\/wp\/v2\/media?parent=135919"}],"wp:term":[{"taxonomy":"category","embeddable":true,"href":"https:\/\/www.europesays.com\/es\/wp-json\/wp\/v2\/categories?post=135919"},{"taxonomy":"post_tag","embeddable":true,"href":"https:\/\/www.europesays.com\/es\/wp-json\/wp\/v2\/tags?post=135919"}],"curies":[{"name":"wp","href":"https:\/\/api.w.org\/{rel}","templated":true}]}}