{"id":135922,"date":"2025-09-24T15:06:15","date_gmt":"2025-09-24T15:06:15","guid":{"rendered":"https:\/\/www.europesays.com\/es\/135922\/"},"modified":"2025-09-24T15:06:15","modified_gmt":"2025-09-24T15:06:15","slug":"estos-son-los-requisitos-y-los-beneficiarios","status":"publish","type":"post","link":"https:\/\/www.europesays.com\/es\/135922\/","title":{"rendered":"estos son los requisitos y los beneficiarios"},"content":{"rendered":"<p><img decoding=\"async\" class=\"voc-author__img\" src=\"https:\/\/www.europesays.com\/es\/wp-content\/uploads\/2025\/07\/autor-4170-foto-2.jpeg\" alt=\"Mar\u00eda Jos\u00e9 Lora\"\/><\/p>\n<p class=\"voc-p\" style=\"\">Los andaluces podr\u00e1n obtener una rebaja fiscal con los<strong> gastos derivados de sus mascotas<\/strong>, una medida pionera a nivel nacional y que se establecer\u00e1 en la regi\u00f3n, seg\u00fan lo anunciaba este martes el presidente de la Junta de Andaluc\u00eda, Juanma Moreno, dentro del nuevo paquete de rebajas fiscales que acompa\u00f1ar\u00e1 a los presupuestos auton\u00f3micos 2026.<\/p>\n<p class=\"voc-p\" style=\"\">La propuesta viene a aliviar los costes que supone tener un animal de compa\u00f1\u00eda en casa, as\u00ed como el fomento de la adopci\u00f3n de animales en refugios, reconociendo el papel de los de asistencia a la vez que se promueve el bienestar animal y la protecci\u00f3n de la salud p\u00fablica. <\/p>\n<p>\n\u00bfQu\u00e9 gastos se podr\u00e1n deducir?\n<\/p>\n<p class=\"voc-p\" style=\"\">Los due\u00f1os de los animales de compa\u00f1\u00eda se podr\u00e1n deducir <strong>el 30% en gastos veterinarios<\/strong>, con un <strong>l\u00edmite de 100 euros <\/strong>durante el primer a\u00f1o para las familias que adquieran una mascota, pero en el caso de adoptar en un<strong> centro de acogida <\/strong>se podr\u00e1n acoger a una deducci\u00f3n <strong>durante tres a\u00f1os del 30% de dichos gastos <\/strong>en su declaraci\u00f3n de la renta. <\/p>\n<p class=\"voc-p\" style=\"\">Habr\u00e1 <strong>casos especiales <\/strong>como los perros gu\u00eda, los animales de asistencia para personas con discapacidad o las mascotas vinculadas a situaciones de violencia de g\u00e9nero, en las que la deducci\u00f3n se prolongar\u00e1 durante <strong>toda la vida del animal<\/strong>.<\/p>\n<p>\nRequisitos y condiciones\n<\/p>\n<p class=\"voc-p\" style=\"\">Existen una serie de requisitos a tener en cuenta: <\/p>\n<p class=\"voc-p\" style=\"\">-La adquisici\u00f3n de las mascotas debe haberse producido<strong> a partir del 1 de enero <\/strong>de 2025.<\/p>\n<p class=\"voc-p\" style=\"\">-Los gastos tienen que estar <strong>debidamente justificados <\/strong>mediante factura profesional o centro veterinario autorizado.<\/p>\n<p class=\"voc-p\" style=\"\">-La medida se aplicar\u00e1 <strong>con car\u00e1cter retroactivo <\/strong>desde el 1 de enero de 2025, por lo que ya se podr\u00e1n deducir los de este a\u00f1o en la siguiente declaraci\u00f3n de la renta.<\/p>\n<p class=\"voc-p\" style=\"\">-La adquisici\u00f3n del animal de compa\u00f1\u00eda mediante<strong> venta, cesi\u00f3n o adopci\u00f3n<\/strong> deber\u00e1 realizarse conforme a lo previsto en los art\u00edculos 55, 56, 57 y 58 de la Ley 7\/2023, de 28 de marzo.<\/p>\n<p class=\"voc-p\" style=\"\">-La suma de la base imponible general y del ahorro del contribuyente<strong> no supere los 80.000 euros <\/strong>en tributaci\u00f3n <strong>individual<\/strong> ni los 100.000 euros en tributaci\u00f3n conjunta.<\/p>\n<p class=\"voc-p\" style=\"\">-Se entiende que los gastos proceden de <strong>vacunaciones, desparasitaci\u00f3n y dem\u00e1s tratamientos obligatorios<\/strong> estipulados. <\/p>\n<p class=\"voc-p\" style=\"\">Seg\u00fan los c\u00e1lculos de la Consejer\u00eda de Hacienda, ser\u00e1n unos 182.000 andaluces los que podr\u00e1n acogerse a esta medida, que tendr\u00e1 un impacto estimado de <strong>12 millones de euros al a\u00f1o <\/strong>para las arcas p\u00fablicas.<\/p>\n<p>Reportar un error<\/p>\n","protected":false},"excerpt":{"rendered":"Los andaluces podr\u00e1n obtener una rebaja fiscal con los gastos derivados de sus mascotas, una medida pionera a&hellip;\n","protected":false},"author":2,"featured_media":135923,"comment_status":"","ping_status":"","sticky":false,"template":"","format":"standard","meta":{"footnotes":""},"categories":[8],"tags":[21882,259,43035,17,18,11687,43032,25,24,1557,13,14,11,19,20,43033,9,10,15,16,43034,23,12,21,22],"class_list":{"0":"post-135922","1":"post","2":"type-post","3":"status-publish","4":"format-standard","5":"has-post-thumbnail","7":"category-espana","8":"tag-21882","9":"tag-andalucia","10":"tag-beneficiarios","11":"tag-breaking-news","12":"tag-breakingnews","13":"tag-conseguir","14":"tag-deduccion","15":"tag-es","16":"tag-espana","17":"tag-euros","18":"tag-featured-news","19":"tag-featurednews","20":"tag-headlines","21":"tag-latest-news","22":"tag-latestnews","23":"tag-mascota","24":"tag-news","25":"tag-noticias","26":"tag-noticias-destacadas","27":"tag-noticiasdestacadas","28":"tag-requisitos","29":"tag-spain","30":"tag-titulares","31":"tag-ultimas-noticias","32":"tag-ultimasnoticias"},"share_on_mastodon":{"url":"","error":""},"_links":{"self":[{"href":"https:\/\/www.europesays.com\/es\/wp-json\/wp\/v2\/posts\/135922","targetHints":{"allow":["GET"]}}],"collection":[{"href":"https:\/\/www.europesays.com\/es\/wp-json\/wp\/v2\/posts"}],"about":[{"href":"https:\/\/www.europesays.com\/es\/wp-json\/wp\/v2\/types\/post"}],"author":[{"embeddable":true,"href":"https:\/\/www.europesays.com\/es\/wp-json\/wp\/v2\/users\/2"}],"replies":[{"embeddable":true,"href":"https:\/\/www.europesays.com\/es\/wp-json\/wp\/v2\/comments?post=135922"}],"version-history":[{"count":0,"href":"https:\/\/www.europesays.com\/es\/wp-json\/wp\/v2\/posts\/135922\/revisions"}],"wp:featuredmedia":[{"embeddable":true,"href":"https:\/\/www.europesays.com\/es\/wp-json\/wp\/v2\/media\/135923"}],"wp:attachment":[{"href":"https:\/\/www.europesays.com\/es\/wp-json\/wp\/v2\/media?parent=135922"}],"wp:term":[{"taxonomy":"category","embeddable":true,"href":"https:\/\/www.europesays.com\/es\/wp-json\/wp\/v2\/categories?post=135922"},{"taxonomy":"post_tag","embeddable":true,"href":"https:\/\/www.europesays.com\/es\/wp-json\/wp\/v2\/tags?post=135922"}],"curies":[{"name":"wp","href":"https:\/\/api.w.org\/{rel}","templated":true}]}}