{"id":135924,"date":"2025-09-24T15:07:13","date_gmt":"2025-09-24T15:07:13","guid":{"rendered":"https:\/\/www.europesays.com\/es\/135924\/"},"modified":"2025-09-24T15:07:13","modified_gmt":"2025-09-24T15:07:13","slug":"osakidetza-comenzara-a-desplegar-psicologos-y-psicologas-como-proyecto-piloto-en-13-centros-de-salud-de-atencion-primaria-gobierno-vasco-euskadi-eus","status":"publish","type":"post","link":"https:\/\/www.europesays.com\/es\/135924\/","title":{"rendered":"Osakidetza comenzar\u00e1 a desplegar psic\u00f3logos y psic\u00f3logas como proyecto piloto en 13 centros de salud de Atenci\u00f3n Primaria &#8211; Gobierno Vasco &#8211; Euskadi.eus"},"content":{"rendered":"<ol>\n<li><a href=\"https:\/\/news.google.com\/rss\/articles\/CBMi-AFBVV95cUxPNDRLOXNOVFFael8ybUEzQmUtYlRPWTRqU0x0dVVBNF9xS3g0cl9mMlpEYjg5amMzcUlWa0J5SjRyUy1kd0xrTXBOSVBLbTRnbTdNclhoT1A4b1RSMHh5ajBxb3U0N0lFcHY4OVNuMmFWazVCT040RGZlN1pfU2x1RGtsRjVsZWpjUktMYkk4YU1SU2ZuT1Y4bFQ0UXhjS0VrTXlOWGpqMk0wcnF5Ql96bmpTQWpvWmNVVzEyN3QtRUsydVMwVVg3azQwNldFZTQxMGItcjhqZXRaQ0lLN2cyNlRBUDVtVUdQNWtXUjV0M25hQlRET3FENA?oc=5\" target=\"_blank\" rel=\"nofollow noopener\">Osakidetza comenzar\u00e1 a desplegar psic\u00f3logos y psic\u00f3logas como proyecto piloto en 13 centros de salud de Atenci\u00f3n Primaria &#8211; Gobierno Vasco<\/a>&nbsp;&nbsp;Euskadi.eus<\/li>\n<li><a href=\"https:\/\/news.google.com\/rss\/articles\/CBMixwFBVV95cUxNemN4U20yei1Lamg2ZXR3LURFaDJOUVdidEdNaHRRU2FieWExMFRRYUU4V2RaWWlGa0NKSmpLZmdFaGhIR0JxNF9yNU5wMXFTUkdadnRLb0g4eTVDR2hPc2NqOHhURTVXWDlMN2dLV0VyRUxzYUVLN1JpM1NFU2Mya0hFTXFUa2psTTlaM0RrdkJQZlUyRjY5Z0V4d3FrQ0RZTi12anN2SHJ5RlQyaWdLZ3liX1MybDBWVmJweUN3QW9zY0ZaN3BR?oc=5\" target=\"_blank\" rel=\"nofollow noopener\">Osakidetza incorporar\u00e1 psic\u00f3logos en cuatro ambulatorios de Gipuzkoa<\/a>&nbsp;&nbsp;El Diario Vasco<\/li>\n<li><a href=\"https:\/\/news.google.com\/rss\/articles\/CBMiugFBVV95cUxNcmhQNmFWZE9TMGhsMTJxc3lmblk1RGN3SmhXdG9rVzZlYXJkY0hESTB6dDYxc3ZTZHBERERiYlhNZjJac0tEeG1xYnhqS2tGT1NMcm9EQUJ4R2FqdFVzZU02d1NnNkNpTmNvbF9pei1vRmM0VVhNelhrOUE4WFN3RWtxZElXcm9EeXR5a3BhUlJJNzVnRkptXy1jOU1rWW9xSHRXYTBmZzJZNGliMGFRWmpQZXJ3RnBKSEE?oc=5\" target=\"_blank\" rel=\"nofollow noopener\">Osakidetza incorporar\u00e1 psic\u00f3logos en 7 centros de salud de Bizkaia<\/a>&nbsp;&nbsp;El Correo<\/li>\n<li><a href=\"https:\/\/news.google.com\/rss\/articles\/CBMilwFBVV95cUxQaVRJWVNqY1Fzd29lZmNaUUxWWUV2NW1kd296SHRWRDk4czkta2g4cUhQczRMZkljUHNvenZSQkZ6ZHc2SG1SRk8xcVlRb1dYRE9CeFNOc2VpVFRSN1RwenpXSlMwd1Z4WVJiYVVQSzhXSXlEVmhIMUZYOFRoN2w4MnZWZlhkTVp4U3ptZ2Z1MWZyV2NoVV9v?oc=5\" target=\"_blank\" rel=\"nofollow noopener\">El Lehendakari fija cuatro l\u00edneas principales de trabajo en Sanidad durante el Debate de Pol\u00edtica General<\/a>&nbsp;&nbsp;Gaceta M\u00e9dica<\/li>\n<li><a href=\"https:\/\/news.google.com\/rss\/articles\/CBMiogFBVV95cUxNaEZsS09Qb2x6U1NsaTM3T3NRRmdqZ1pWZlY0Z0FPMEJfSDhic0FhbC12NWdNZ3VkdUZfaDd2SXNqbEgwN1YwNHlpcjBNU3JZeU9DQTN1cTdHdkY3REZfc2tGS3UzaXpISC1NREVUTVM1OHY0eGNvSFpqM3pHQUpGenREUXV5NnV2SkxFSHlab1FpTGVEVW9pN3FxamlWeXVBN0HSAacBQVVfeXFMT19YdncwMmhieXlxYXVUeVhIMU80eDZIR0txdUNnNmctb3JoNTc0YVZFb1kyUDd4RVo5dksyTmQ3V3R6d2RKeDJ3OTlOTnJ2bWVBYXEtMVpZaERIblBTc25lc2d2OEdZalhSMlpwdDNxdEdCeFQ0M2plM1pKWGVZcGdZbkdFUXVUVFA2SlVsQXpoVlFpT3dXZTY3Uk9faG1idUszUTZuYnc?oc=5\" target=\"_blank\" rel=\"nofollow noopener\">Por un pacto para el acceso de los ni\u00f1os a los m\u00f3viles<\/a>&nbsp;&nbsp;Cr\u00f3nica Vasca<\/li>\n<\/ol>\n","protected":false},"excerpt":{"rendered":"Osakidetza comenzar\u00e1 a desplegar psic\u00f3logos y psic\u00f3logas como proyecto piloto en 13 centros de salud de Atenci\u00f3n Primaria&hellip;\n","protected":false},"author":2,"featured_media":134493,"comment_status":"","ping_status":"","sticky":false,"template":"","format":"standard","meta":{"footnotes":""},"categories":[5],"tags":[17,18,25,24,13,14,11,19,20,9,10,15,16,23,12,21,22],"class_list":{"0":"post-135924","1":"post","2":"type-post","3":"status-publish","4":"format-standard","5":"has-post-thumbnail","7":"category-titulares","8":"tag-breaking-news","9":"tag-breakingnews","10":"tag-es","11":"tag-espana","12":"tag-featured-news","13":"tag-featurednews","14":"tag-headlines","15":"tag-latest-news","16":"tag-latestnews","17":"tag-news","18":"tag-noticias","19":"tag-noticias-destacadas","20":"tag-noticiasdestacadas","21":"tag-spain","22":"tag-titulares","23":"tag-ultimas-noticias","24":"tag-ultimasnoticias"},"share_on_mastodon":{"url":"","error":""},"_links":{"self":[{"href":"https:\/\/www.europesays.com\/es\/wp-json\/wp\/v2\/posts\/135924","targetHints":{"allow":["GET"]}}],"collection":[{"href":"https:\/\/www.europesays.com\/es\/wp-json\/wp\/v2\/posts"}],"about":[{"href":"https:\/\/www.europesays.com\/es\/wp-json\/wp\/v2\/types\/post"}],"author":[{"embeddable":true,"href":"https:\/\/www.europesays.com\/es\/wp-json\/wp\/v2\/users\/2"}],"replies":[{"embeddable":true,"href":"https:\/\/www.europesays.com\/es\/wp-json\/wp\/v2\/comments?post=135924"}],"version-history":[{"count":0,"href":"https:\/\/www.europesays.com\/es\/wp-json\/wp\/v2\/posts\/135924\/revisions"}],"wp:featuredmedia":[{"embeddable":true,"href":"https:\/\/www.europesays.com\/es\/wp-json\/wp\/v2\/media\/134493"}],"wp:attachment":[{"href":"https:\/\/www.europesays.com\/es\/wp-json\/wp\/v2\/media?parent=135924"}],"wp:term":[{"taxonomy":"category","embeddable":true,"href":"https:\/\/www.europesays.com\/es\/wp-json\/wp\/v2\/categories?post=135924"},{"taxonomy":"post_tag","embeddable":true,"href":"https:\/\/www.europesays.com\/es\/wp-json\/wp\/v2\/tags?post=135924"}],"curies":[{"name":"wp","href":"https:\/\/api.w.org\/{rel}","templated":true}]}}