{"id":135925,"date":"2025-09-24T15:08:22","date_gmt":"2025-09-24T15:08:22","guid":{"rendered":"https:\/\/www.europesays.com\/es\/135925\/"},"modified":"2025-09-24T15:08:22","modified_gmt":"2025-09-24T15:08:22","slug":"oriol-ferre-la-falta-de-rotacion-y-el-cansancio-nos-afecto-pero-el-equipo-nunca-perdio-la-cara","status":"publish","type":"post","link":"https:\/\/www.europesays.com\/es\/135925\/","title":{"rendered":"Oriol Ferr\u00e9: \u201cLa falta de rotaci\u00f3n y el cansancio nos afect\u00f3, pero el equipo nunca perdi\u00f3 la cara\u201d"},"content":{"rendered":"<p>\n\t\t\t\t\tEl Melilla Balonmano Virgen de la Victoria perdi\u00f3 ante D\u00f3lmenes Antequera (30-27), rompiendo su racha positiva. El entrenador, Oriol Ferr\u00e9, destac\u00f3 el esfuerzo del equipo y la preparaci\u00f3n para el pr\u00f3ximo partido contra Balonmano Ciudad de Algeciras.\t\t\t\t<\/p>\n<p><strong>El Melilla Balonmano Virgen de la Victoria sufri\u00f3 este domingo la primera derrota del campeonato en la cancha del D\u00f3lmenes Antequera por 30-27, frenando la buena racha iniciada en la primera jornada ante el BM Bola\u00f1os. Ahora, los melillenses ya concentran sus esfuerzos en el pr\u00f3ximo encuentro, que disputar\u00e1n este s\u00e1bado en el Pabell\u00f3n Municipal L\u00e1zaro Fern\u00e1ndez (17\u201900 horas) ante el Balonmano Ciudad de Algeciras, que llega a la tercera jornada de Liga tras dos victorias consecutivas ante el Ciudad Real (28-30) y el Helvetia Montequinto (34-27).<\/strong><\/p>\n<p>El entrenador del Melilla Balonmano, Oriol Ferr\u00e9, valor\u00f3 en primer lugar la derrota frente al conjunto antequerano, destacando la competitividad del equipo pese al resultado: \u201cHemos perdido de tres goles contra un equipo muy fuerte, descendido de la divisi\u00f3n de Plata con el objetivo de recuperar la categor\u00eda. Hicimos una primera parte s\u00f3lida, sobre todo en los primeros minutos, aunque nos cost\u00f3 mantener el ritmo. Los resultados fueron siempre de empate o ventajas m\u00ednimas para nosotros, salvo un inicio de 1-4. Conseguimos ir al descanso con un gol de ventaja y la sensaci\u00f3n de que pod\u00edamos sacar algo positivo del desplazamiento\u201d.<\/p>\n<p><strong>Segundo tiempo<\/strong><\/p>\n<p>Sobre la segunda mitad, se\u00f1al\u00f3 los factores que condicionaron el resultado: \u201cEn el primer minuto ellos hicieron un parcial de 2-0, lo que les dio ventaja demasiado pronto, y en el minuto 5 tuvimos una doble exclusi\u00f3n que complic\u00f3 la remontada. La falta de rotaci\u00f3n y el cansancio de piernas y cabeza afectaron nuestro rendimiento. Tuvimos algunos errores de interpretaci\u00f3n en los ataques, pero el equipo nunca se rindi\u00f3 y acabamos solo a tres goles\u201d.<\/p>\n<p>El t\u00e9cnico tambi\u00e9n resalt\u00f3 el esfuerzo de los jugadores y las dificultades de la semana previa: \u201cTuvimos bajas por lesi\u00f3n, enfermedad y un problema v\u00edrico, lo que limit\u00f3 los entrenamientos. Los jugadores en mejores condiciones tuvieron que asumir m\u00e1s repeticiones y menos descansos, aumentando la carga. Aun as\u00ed, competir contra un equipo as\u00ed dice mucho del trabajo del equipo y esperamos recuperar efectivos en las pr\u00f3ximas semanas\u201d.<\/p>\n<p><strong>Entrenamientos y actualidad<\/strong><\/p>\n<p>Por \u00faltimo, Ferr\u00e9 detall\u00f3 la preparaci\u00f3n para el partido ante Ciudad de Algeciras: \u201cEsta semana comenzamos los entrenamientos el martes, ya que el lunes hubo descanso y un entrenamiento voluntario en el gimnasio. Retomamos as\u00ed la actividad normal, preparando el partido del s\u00e1bado en casa. Adem\u00e1s, esperamos recuperar a Franco Quijano desde Argentina, cuya incorporaci\u00f3n como zurdo en la primera l\u00ednea ser\u00e1 muy importante para nuestro equipo\u201d.<\/p>\n<p id=\"pvc_stats_10326768\" class=\"pvc_stats total_only  pvc_load_by_ajax_update\" data-element-id=\"10326768\" style=\"\"> <img loading=\"lazy\" class=\"lazy\" decoding=\"async\" width=\"16\" height=\"16\" alt=\"Loading\" src=\"https:\/\/www.europesays.com\/es\/wp-content\/uploads\/2025\/09\/ajax-loader-2x.gif\" border=\"0\"\/><\/p>\n<p>\t\t\t<img decoding=\"async\" class=\"aioseo-author-bio-compact-image lazy\" src=\"https:\/\/www.europesays.com\/es\/wp-content\/uploads\/2025\/09\/1758726502_591_12617fd1044ec1cdf84c9fcc894e40ee529e9240cb60f6449ec8152bfef3fe40\" alt=\"avatar de autor\"\/><\/p>\n","protected":false},"excerpt":{"rendered":"El Melilla Balonmano Virgen de la Victoria perdi\u00f3 ante D\u00f3lmenes Antequera (30-27), rompiendo su racha positiva. El entrenador,&hellip;\n","protected":false},"author":2,"featured_media":135926,"comment_status":"","ping_status":"","sticky":false,"template":"","format":"standard","meta":{"footnotes":""},"categories":[278],"tags":[376,168,25,24,375,23,167],"class_list":{"0":"post-135925","1":"post","2":"type-post","3":"status-publish","4":"format-standard","5":"has-post-thumbnail","7":"category-balonmano","8":"tag-balonmano","9":"tag-deportes","10":"tag-es","11":"tag-espana","12":"tag-handball","13":"tag-spain","14":"tag-sports"},"share_on_mastodon":{"url":"","error":""},"_links":{"self":[{"href":"https:\/\/www.europesays.com\/es\/wp-json\/wp\/v2\/posts\/135925","targetHints":{"allow":["GET"]}}],"collection":[{"href":"https:\/\/www.europesays.com\/es\/wp-json\/wp\/v2\/posts"}],"about":[{"href":"https:\/\/www.europesays.com\/es\/wp-json\/wp\/v2\/types\/post"}],"author":[{"embeddable":true,"href":"https:\/\/www.europesays.com\/es\/wp-json\/wp\/v2\/users\/2"}],"replies":[{"embeddable":true,"href":"https:\/\/www.europesays.com\/es\/wp-json\/wp\/v2\/comments?post=135925"}],"version-history":[{"count":0,"href":"https:\/\/www.europesays.com\/es\/wp-json\/wp\/v2\/posts\/135925\/revisions"}],"wp:featuredmedia":[{"embeddable":true,"href":"https:\/\/www.europesays.com\/es\/wp-json\/wp\/v2\/media\/135926"}],"wp:attachment":[{"href":"https:\/\/www.europesays.com\/es\/wp-json\/wp\/v2\/media?parent=135925"}],"wp:term":[{"taxonomy":"category","embeddable":true,"href":"https:\/\/www.europesays.com\/es\/wp-json\/wp\/v2\/categories?post=135925"},{"taxonomy":"post_tag","embeddable":true,"href":"https:\/\/www.europesays.com\/es\/wp-json\/wp\/v2\/tags?post=135925"}],"curies":[{"name":"wp","href":"https:\/\/api.w.org\/{rel}","templated":true}]}}