{"id":135927,"date":"2025-09-24T15:09:12","date_gmt":"2025-09-24T15:09:12","guid":{"rendered":"https:\/\/www.europesays.com\/es\/135927\/"},"modified":"2025-09-24T15:09:12","modified_gmt":"2025-09-24T15:09:12","slug":"andy-cartagena-corta-la-temporada","status":"publish","type":"post","link":"https:\/\/www.europesays.com\/es\/135927\/","title":{"rendered":"Andy Cartagena corta la temporada"},"content":{"rendered":"<p>            <a href=\"https:\/\/www.europesays.com\/es\/wp-content\/uploads\/2025\/09\/Andy-Cartagena-corta-la-temporada.jpg\" data-caption=\"\"><img loading=\"lazy\" decoding=\"async\" width=\"425\" height=\"406\" class=\"entry-thumb td-modal-image\" src=\"https:\/\/www.europesays.com\/es\/wp-content\/uploads\/2025\/09\/Andy-Cartagena-corta-la-temporada.jpg\"   alt=\"\" title=\"Andy Cartagena corta la temporada\"\/><\/a><\/p>\n<p><strong>El rejoneador alicantino contin\u00faa su puesta apunto de la mano del doctor Cugat para viajar a M\u00e9xico a mediados de octubre<\/strong><\/p>\n<p><strong>Andy Cartagena<\/strong>\u00a0contin\u00faa en plena rehabilitaci\u00f3n de su lesi\u00f3n de abductor y ha tomado la decisi\u00f3n de cortar su temporada europea y dar por finalizada su campa\u00f1a para terminar de recuperarse. As\u00ed podr\u00e1 afrontar con todas las garant\u00edas la intensa temporada mexicana que le aguarda desde mediados de octubre.<\/p>\n<p>El alicantino se encuentra en manos del prestigioso\u00a0<strong>Doctor Cugat<\/strong>, quien esta dirigiendo su recuperaci\u00f3n y va marcando los plazos para volver a los ruedos lo antes posible y con todas las garant\u00edas.<\/p>\n<p><strong>Andy Cartagena<\/strong>\u00a0tuvo que parar de torear al presentar una rotura de abductor de 5 cent\u00edmetros en su pierna derecha, rotura que ha remitido de forma notable gracias al tratamiento a base de plasma y c\u00e9lulas de regeneraci\u00f3n.<\/p>\n<p>Con la decisi\u00f3n de cortar temporada,\u00a0<strong>Andy Cartagena<\/strong>\u00a0cierra una campa\u00f1a de gran regularidad y triunfos muy notables en las plazas del circuito que ha pisado. Sus triunfos han tenido gran eco, logrando abrir las puertas grandes de ferias tan importantes como Arles, Sanl\u00facar de Barrameda, Granada, Burgos, Ja\u00e9n o Alicante, adem\u00e1s de otros \u00e9xitos como los cosechados Los Barrios, Osuna o La Palma.<\/p>\n<p><a href=\"#\"><img decoding=\"async\" src=\"https:\/\/www.lascosasdeltoro.com\/wp-content\/uploads\/2016\/10\/rec728.jpg\"\/><\/a>        <\/p>\n","protected":false},"excerpt":{"rendered":"El rejoneador alicantino contin\u00faa su puesta apunto de la mano del doctor Cugat para viajar a M\u00e9xico a&hellip;\n","protected":false},"author":2,"featured_media":135928,"comment_status":"","ping_status":"","sticky":false,"template":"","format":"standard","meta":{"footnotes":""},"categories":[277],"tags":[373,168,25,24,23,167,374],"class_list":{"0":"post-135927","1":"post","2":"type-post","3":"status-publish","4":"format-standard","5":"has-post-thumbnail","7":"category-toreo","8":"tag-bullfighting","9":"tag-deportes","10":"tag-es","11":"tag-espana","12":"tag-spain","13":"tag-sports","14":"tag-toreo"},"share_on_mastodon":{"url":"","error":""},"_links":{"self":[{"href":"https:\/\/www.europesays.com\/es\/wp-json\/wp\/v2\/posts\/135927","targetHints":{"allow":["GET"]}}],"collection":[{"href":"https:\/\/www.europesays.com\/es\/wp-json\/wp\/v2\/posts"}],"about":[{"href":"https:\/\/www.europesays.com\/es\/wp-json\/wp\/v2\/types\/post"}],"author":[{"embeddable":true,"href":"https:\/\/www.europesays.com\/es\/wp-json\/wp\/v2\/users\/2"}],"replies":[{"embeddable":true,"href":"https:\/\/www.europesays.com\/es\/wp-json\/wp\/v2\/comments?post=135927"}],"version-history":[{"count":0,"href":"https:\/\/www.europesays.com\/es\/wp-json\/wp\/v2\/posts\/135927\/revisions"}],"wp:featuredmedia":[{"embeddable":true,"href":"https:\/\/www.europesays.com\/es\/wp-json\/wp\/v2\/media\/135928"}],"wp:attachment":[{"href":"https:\/\/www.europesays.com\/es\/wp-json\/wp\/v2\/media?parent=135927"}],"wp:term":[{"taxonomy":"category","embeddable":true,"href":"https:\/\/www.europesays.com\/es\/wp-json\/wp\/v2\/categories?post=135927"},{"taxonomy":"post_tag","embeddable":true,"href":"https:\/\/www.europesays.com\/es\/wp-json\/wp\/v2\/tags?post=135927"}],"curies":[{"name":"wp","href":"https:\/\/api.w.org\/{rel}","templated":true}]}}