{"id":135929,"date":"2025-09-24T15:12:09","date_gmt":"2025-09-24T15:12:09","guid":{"rendered":"https:\/\/www.europesays.com\/es\/135929\/"},"modified":"2025-09-24T15:12:09","modified_gmt":"2025-09-24T15:12:09","slug":"el-tenista-que-odia-su-deporte-y-ya-es-el-segundo-mejor-del-ano-solo-juego-por-dinero","status":"publish","type":"post","link":"https:\/\/www.europesays.com\/es\/135929\/","title":{"rendered":"El tenista que &#8216;odia&#8217; su deporte y ya es el segundo mejor del a\u00f1o: \u00abSolo juego por dinero\u00bb"},"content":{"rendered":"<p><strong>Alexander Bublik<\/strong> gan\u00f3 su cuarto t\u00edtulo de la temporada, octavo en total, en la ciudad china de Hangzhou y confirma as\u00ed su gran momento en el circuito. A sus 28 a\u00f1os, el kazajo se encuentra en el n\u00famero 16 del ranking ATP y es el segundo tenista con m\u00e1s t\u00edtulos durante esta temporada 2025 gracias a sus victorias en Halle, Gstaad, Kitzb\u00fcchel y Hangzhou. Por delante de \u00e9l, solo se encuentra <strong>Carlos Alcaraz<\/strong> con siete.<\/p>\n<p>En su palmar\u00e9s figuran los cuatro t\u00edtulos anteriores a los que se a\u00f1aden Montpellier por partida doble, otro en Halle y Amberes. Gracias a su rendimiento, Bublik es actualmente duod\u00e9cimo en la Race con 2.370 puntos, a 775 puntos de <a href=\"https:\/\/www.libertaddigital.com\/deportes\/tenis\/2025-08-04\/de-minaur-firma-un-punto-imposible-y-toronto-enloquece-7282968\/\" rel=\"nofollow noopener\" target=\"_blank\"><strong>Alex de Mi\u00f1aur<\/strong><\/a>, quien marca el corte para las <strong>ATP Finals<\/strong> de Tur\u00edn, que se jugar\u00e1n del 9 al 16 de noviembre. El margen es complicado, pero mantiene vivas sus opciones de clasificarse.<\/p>\n<p>Odio a su deporte<\/p>\n<p>La trayectoria del kazajo no ha estado exenta de pol\u00e9mica. \u00abOdio el tenis con todo mi coraz\u00f3n. Odio todos los d\u00edas que tengo que jugar. Para ser sincero, no veo un punto positivo en ser tenista. <strong>Solo juego por dinero<\/strong>. Si no hubiera dinero en juego, me detendr\u00eda de inmediato\u00bb, asegur\u00f3 en una entrevista en 2023. Profesional desde 2016, acumula <strong>m\u00e1s de ocho millones y medio en premios met\u00e1licos<\/strong>. \u00abNo creo que haya ganado lo suficiente. De lo contrario ya me habr\u00eda retirado\u00bb, lleg\u00f3 a afirmar.<\/p>\n<p>&#13;<br \/>\n    Relacionado&#13;<br \/>\n    &#13;<\/p>\n<p>Pese a su discurso, Bublik ha demostrado talento y versatilidad. Es uno de los 14 jugadores en activo que ha ganado al menos un <a href=\"https:\/\/www.libertaddigital.com\/deportes\/tenis\/2025-01-07\/el-record-historico-que-carlos-alcaraz-tiene-al-alcance-en-el-open-de-australia-7204251\/\" rel=\"nofollow noopener\" target=\"_blank\"><strong>t\u00edtulo ATP Tour en todas las superficies<\/strong><\/a>. En 2025 sum\u00f3 sus dos primeros en tierra batida \u2013Gstaad 2025 y Kitzb\u00fcchel\u2013. Adem\u00e1s, es el tercer tenista en los \u00faltimos cinco a\u00f1os que logra un doblete Gstaad-Kitzb\u00fcchel, junto a <strong>Casper Ruud<\/strong> (2021) y Matteo Berrettini (2024).<\/p>\n","protected":false},"excerpt":{"rendered":"Alexander Bublik gan\u00f3 su cuarto t\u00edtulo de la temporada, octavo en total, en la ciudad china de Hangzhou&hellip;\n","protected":false},"author":2,"featured_media":135930,"comment_status":"","ping_status":"","sticky":false,"template":"","format":"standard","meta":{"footnotes":""},"categories":[274],"tags":[33151,43036,545,634,168,534,25,24,4653,23,167,327,326],"class_list":{"0":"post-135929","1":"post","2":"type-post","3":"status-publish","4":"format-standard","5":"has-post-thumbnail","7":"category-tenis","8":"tag-alexander-bublik","9":"tag-atp-finals","10":"tag-carlos-alcaraz","11":"tag-deporte","12":"tag-deportes","13":"tag-dinero","14":"tag-es","15":"tag-espana","16":"tag-odio","17":"tag-spain","18":"tag-sports","19":"tag-tenis","20":"tag-tennis"},"share_on_mastodon":{"url":"","error":""},"_links":{"self":[{"href":"https:\/\/www.europesays.com\/es\/wp-json\/wp\/v2\/posts\/135929","targetHints":{"allow":["GET"]}}],"collection":[{"href":"https:\/\/www.europesays.com\/es\/wp-json\/wp\/v2\/posts"}],"about":[{"href":"https:\/\/www.europesays.com\/es\/wp-json\/wp\/v2\/types\/post"}],"author":[{"embeddable":true,"href":"https:\/\/www.europesays.com\/es\/wp-json\/wp\/v2\/users\/2"}],"replies":[{"embeddable":true,"href":"https:\/\/www.europesays.com\/es\/wp-json\/wp\/v2\/comments?post=135929"}],"version-history":[{"count":0,"href":"https:\/\/www.europesays.com\/es\/wp-json\/wp\/v2\/posts\/135929\/revisions"}],"wp:featuredmedia":[{"embeddable":true,"href":"https:\/\/www.europesays.com\/es\/wp-json\/wp\/v2\/media\/135930"}],"wp:attachment":[{"href":"https:\/\/www.europesays.com\/es\/wp-json\/wp\/v2\/media?parent=135929"}],"wp:term":[{"taxonomy":"category","embeddable":true,"href":"https:\/\/www.europesays.com\/es\/wp-json\/wp\/v2\/categories?post=135929"},{"taxonomy":"post_tag","embeddable":true,"href":"https:\/\/www.europesays.com\/es\/wp-json\/wp\/v2\/tags?post=135929"}],"curies":[{"name":"wp","href":"https:\/\/api.w.org\/{rel}","templated":true}]}}