{"id":135931,"date":"2025-09-24T15:13:07","date_gmt":"2025-09-24T15:13:07","guid":{"rendered":"https:\/\/www.europesays.com\/es\/135931\/"},"modified":"2025-09-24T15:13:07","modified_gmt":"2025-09-24T15:13:07","slug":"ktm-y-mavic-presentan-su-xco-de-32-en-lenzerheide","status":"publish","type":"post","link":"https:\/\/www.europesays.com\/es\/135931\/","title":{"rendered":"KTM y Mavic presentan su XCO de 32&#8243; en Lenzerheide"},"content":{"rendered":"<p>Las mountain bikes de 32&#8243; contin\u00faan ganando terreno para sorpresa de todos. Despu\u00e9s de que BMC fuera la primera marca en mostrar una XCO rodar por un circuito de la Copa del Mundo con ruedsa de este tama\u00f1o, ahora es <strong>el fabricante austr\u00edaco KTM el que ha presentado, junto a Mavic, su\u00a0Project 64.<\/strong><\/p>\n<p><img class=\" lazyload\" border=\"0\" alt=\"KTM y Mavic presentan su XCO de 32\" en=\"\" lenzerheide=\"\" width=\"1075\" height=\"833\"  data-\/><\/p>\n<p>En la pasada Copa del Mundo de Lenzerheide, KTM atrajo todas las miradas con un nuevo prototipo de 32&#8243; completamente funcional pero con un enfoque m\u00e1s simple y directo del que nos mostr\u00f3<a href=\"https:\/\/www.brujulabike.com\/bicis-32-llegan-a-copa-del-mundo-bmc-29\/\" rel=\"nofollow noopener\" target=\"_blank\"> BMC en su Project Fahrenheit.<\/a><\/p>\n<p><img class=\" lazyload\" border=\"0\" alt=\"KTM y Mavic presentan su XCO de 32\" en=\"\" lenzerheide=\"\" width=\"1080\" height=\"1431\"  data-\/><\/p>\n<p>\u00a0<\/p>\n<p>KTM ha optado por un cuadro r\u00edgido de aluminio que facilita la integraci\u00f3n de sus enormes ruedas de 32&#8243; a una geometr\u00eda acorde a las tendencias actuales del XCO.<\/p>\n<p><img class=\" lazyload\" border=\"0\" alt=\"KTM y Mavic presentan su XCO de 32\" en=\"\" lenzerheide=\"\" width=\"1080\" height=\"1431\"  data-\/><\/p>\n<p>Las llantas est\u00e1n firmadas por Mavic, Toda una declaraci\u00f3n de intenciones que nos confirma que el fabricante franc\u00e9s tambi\u00e9n est\u00e1 dedicando tiempo y recursos a lo que podr\u00eda ser un cambio de paradigma en la modalidad.<\/p>\n<p><img class=\" lazyload\" border=\"0\" alt=\"KTM y Mavic presentan su XCO de 32\" en=\"\" lenzerheide=\"\" width=\"1080\" height=\"1431\"  data-\/><\/p>\n<p>En los neum\u00e1ticos vemos de nuevo las cubiertas\u00a0Maxxis Aspen de 32&#8243;x 2,4. Pr\u00e1cticamente las unicas cubiertas de este tama\u00f1o en el mercado y a ra\u00edz de las cuales supimos que<a href=\"https:\/\/www.brujulabike.com\/xco-32-ganaran-proximos-jjoo\/\" rel=\"nofollow noopener\" target=\"_blank\"> la industria ten\u00eda planeado que las mountain bikes ya tuvieran este tama\u00f1o de rueda implementado para los pasado JJ.OO de Par\u00eds, pero algo les hizo cambiar el plan.<\/a><\/p>\n<p><img class=\" lazyload\" border=\"0\" alt=\"KTM y Mavic presentan su XCO de 32\" en=\"\" lenzerheide=\"\" width=\"1079\" height=\"986\"  data-\/><\/p>\n<p>KTM le hada dado el nombre de Project 64 (2&#215;32&#8243;) a este modelo que <strong>ya ha podido rodar por Lenzerheide.<\/strong> Ahora solo nos queda esperar a que el resto de marcas presenten sus opciones para comprobar definitivamente que estamos \u00a0ante una tendencia real e intentar aadivinar cu\u00e1ndo veremos la primera de ellas en el mercado.<\/p>\n<p>\u00a0<\/p>\n","protected":false},"excerpt":{"rendered":"Las mountain bikes de 32&#8243; contin\u00faan ganando terreno para sorpresa de todos. Despu\u00e9s de que BMC fuera la&hellip;\n","protected":false},"author":2,"featured_media":135932,"comment_status":"","ping_status":"","sticky":false,"template":"","format":"standard","meta":{"footnotes":""},"categories":[273],"tags":[313,312,168,25,24,23,167],"class_list":{"0":"post-135931","1":"post","2":"type-post","3":"status-publish","4":"format-standard","5":"has-post-thumbnail","7":"category-ciclismo","8":"tag-ciclismo","9":"tag-cycling","10":"tag-deportes","11":"tag-es","12":"tag-espana","13":"tag-spain","14":"tag-sports"},"share_on_mastodon":{"url":"","error":""},"_links":{"self":[{"href":"https:\/\/www.europesays.com\/es\/wp-json\/wp\/v2\/posts\/135931","targetHints":{"allow":["GET"]}}],"collection":[{"href":"https:\/\/www.europesays.com\/es\/wp-json\/wp\/v2\/posts"}],"about":[{"href":"https:\/\/www.europesays.com\/es\/wp-json\/wp\/v2\/types\/post"}],"author":[{"embeddable":true,"href":"https:\/\/www.europesays.com\/es\/wp-json\/wp\/v2\/users\/2"}],"replies":[{"embeddable":true,"href":"https:\/\/www.europesays.com\/es\/wp-json\/wp\/v2\/comments?post=135931"}],"version-history":[{"count":0,"href":"https:\/\/www.europesays.com\/es\/wp-json\/wp\/v2\/posts\/135931\/revisions"}],"wp:featuredmedia":[{"embeddable":true,"href":"https:\/\/www.europesays.com\/es\/wp-json\/wp\/v2\/media\/135932"}],"wp:attachment":[{"href":"https:\/\/www.europesays.com\/es\/wp-json\/wp\/v2\/media?parent=135931"}],"wp:term":[{"taxonomy":"category","embeddable":true,"href":"https:\/\/www.europesays.com\/es\/wp-json\/wp\/v2\/categories?post=135931"},{"taxonomy":"post_tag","embeddable":true,"href":"https:\/\/www.europesays.com\/es\/wp-json\/wp\/v2\/tags?post=135931"}],"curies":[{"name":"wp","href":"https:\/\/api.w.org\/{rel}","templated":true}]}}