{"id":135939,"date":"2025-09-24T15:17:10","date_gmt":"2025-09-24T15:17:10","guid":{"rendered":"https:\/\/www.europesays.com\/es\/135939\/"},"modified":"2025-09-24T15:17:10","modified_gmt":"2025-09-24T15:17:10","slug":"angelica-liddell-premio-nacional-de-teatro-2025","status":"publish","type":"post","link":"https:\/\/www.europesays.com\/es\/135939\/","title":{"rendered":"Ang\u00e9lica Liddell, Premio Nacional de Teatro 2025"},"content":{"rendered":"<p class=\"article-text\">\n        Ang\u00e9lica Liddell ha ganado el Premio Nacional de Teatro 2025. El jurado ha destacado especialmente la repercusi\u00f3n de su obra <a href=\"https:\/\/www.eldiario.es\/cultura\/teatro\/angelica-liddell-desnuda-ultima-escena-damon-funeral-bergman-apunta-metamorfosis_129_11654020.html\" data-mrf-recirculation=\"links-noticia\" class=\"link\" rel=\"nofollow noopener\" target=\"_blank\">D\u00e4mon. El funeral de Bergman<\/a> (2024), con la que se convirti\u00f3 en la primera artista espa\u00f1ola en inaugurar el prestigioso Festival de Avignon, se\u00f1alando que \u201csintetiza una forma de trabajar cr\u00edtica, que no hace concesiones e invita a la reflexi\u00f3n y el debate\u201d. El fallo del premio pone en valor, adem\u00e1s, que \u201cla artista ha mostrado adem\u00e1s otras creaciones como <a href=\"https:\/\/www.eldiario.es\/cultura\/teatro\/angelica-liddell-da-luz-obra-maestra-oficia-propio-entierro_129_10699450.html\" data-mrf-recirculation=\"links-noticia\" class=\"link\" rel=\"nofollow noopener\" target=\"_blank\">Vud\u00fa (3318) Blixen<\/a> y Terebrante, con las que ha consolidado una carrera como dramaturga, directora e int\u00e9rprete\u201d.\n    <\/p>\n<p>    <a href=\"https:\/\/www.eldiario.es\/cultura\/teatro\/caridad-arte-crimen-angelica-liddell_129_9609912.html\" data-mrf-recirculation=\"saber-mas\" data-dl-event=\"saber-mas\" rel=\"nofollow noopener\" target=\"_blank\"><\/p>\n<p class=\"know-more__title\">La caridad, el arte y el crimen en Ang\u00e9lica Liddell<\/p>\n<p>            <img decoding=\"async\" class=\"lazy\" loading=\"lazy\" data-src=\"https:\/\/static.eldiario.es\/clip\/63602ccb-fcff-4e10-acaa-0746e229dadb_16-9-aspect-ratio_default_0.jpg\" src=\"data:image\/svg+xml,%3Csvg xmlns=\" http:=\"\" viewbox=\"0 0 880 495\" alt=\"La caridad, el arte y el crimen en Ang\u00e9lica Liddell\"\/><\/p>\n<p>                        <\/a><\/p>\n<p class=\"article-text\">\n        El comit\u00e9 ha a\u00f1adido que su trayectoria ha sido definida \u201cpor un lenguaje de enorme riesgo y calidad, que la ha confirmado como un referente dentro y fuera de Espa\u00f1a para la creaci\u00f3n esc\u00e9nica contempor\u00e1nea\u201d. Licenciada en Psicolog\u00eda y Arte Dram\u00e1tico, la actriz inici\u00f3 su carrera ramat\u00fargica en 1988 con la obra Greta quiere suicidarse, por la que recibe el Premio Ciudad de Alcorc\u00f3n. Durante sus inicios escribe tambi\u00e9n La condesa y la importancia de las matem\u00e1ticas (1990), El jard\u00edn de las Mandr\u00e1goras (1991), La cuarta rosa (1992) y Leda (1993), que crea en el marco de un taller del Centro Nacional de Nuevas Tendencias Esc\u00e9nicas (CNNTE), unidad del INAEM que estuvo en funcionamiento entre los a\u00f1os 1984 y 1994.\n    <\/p>\n<p class=\"article-text\">\n        En 1993 inicia una nueva etapa art\u00edstica con la compa\u00f1\u00eda Atra Bilis Teatro, que funda junto a Gumersindo Puche, y con la que ha montado espect\u00e1culos de \u00e9xito con los que ha girado por los principales festivales y escenarios del mundo, como el Festival de Avignon, el Wiener Festwochen y el Teatro del Ode\u00f3n de Par\u00eds.  Los textos de Liddell han sido traducidos al portugu\u00e9s, alem\u00e1n y franc\u00e9s, entre otros idiomas, y ha recibido numerosos galardones como el Premio SGAE de Teatro 2004 por Mi relaci\u00f3n con la comida, el Premio Nacional de Literatura Dram\u00e1tica 2012 por La casa de la fuerza o el Le\u00f3n de Plata de la Bienal de Venecia de Teatro como reconocimiento a toda su obra.\n    <\/p>\n<p>            <img decoding=\"async\" class=\"lazy\" loading=\"lazy\" data-src=\"https:\/\/static.eldiario.es\/clip\/0f015369-06a7-469e-a3c0-cc1acce406ae_16-9-discover-aspect-ratio_default_1126481.jpg\" src=\"data:image\/svg+xml,%3Csvg xmlns=\" http:=\"\" viewbox=\"0 0 1227 690\" alt=\"La actriz Ang\u00e9lica Liddell\"\/><\/p>\n<p class=\"article-text\">\n        El Premio Nacional de Teatro se concede como recompensa y reconocimiento a la labor de una persona o entidad en el \u00e1mbito teatral, puesta de manifiesto preferentemente a trav\u00e9s de una obra o actuaci\u00f3n hecha p\u00fablica o representada durante el a\u00f1o 2024. Tambi\u00e9n pueden otorgarse como reconocimiento a una trayectoria profesional.\n    <\/p>\n<p>    <a href=\"https:\/\/www.eldiario.es\/cultura\/teatro\/angelica-liddell-da-luz-obra-maestra-oficia-propio-entierro_129_10699450.html\" data-mrf-recirculation=\"saber-mas-abajo\" data-dl-event=\"saber-mas-abajo\" rel=\"nofollow noopener\" target=\"_blank\"><\/p>\n<p class=\"know-more__title\">Ang\u00e9lica Liddell da a luz una obra maestra en la que oficia su propio entierro<\/p>\n<p>            <img decoding=\"async\" class=\"lazy\" loading=\"lazy\" data-src=\"https:\/\/static.eldiario.es\/clip\/2fff5706-fac7-4559-8e00-c7cf6d2d448e_16-9-aspect-ratio_default_0.jpg\" src=\"data:image\/svg+xml,%3Csvg xmlns=\" http:=\"\" viewbox=\"0 0 880 495\" alt=\"Ang\u00e9lica Liddell da a luz una obra maestra en la que oficia su propio entierro\"\/><\/p>\n<p>                        <\/a><\/p>\n<p class=\"article-text\">\n        Se trata de un reconocimiento que concede el Ministerio de Cultura dotado en 30.000 euros. Coge el relevo a Teatro del Barrio, que se hizo con el galard\u00f3n el a\u00f1o pasado y fue destacado por el comit\u00e9 por \u201cla innovaci\u00f3n y el riesgo en las artes esc\u00e9nicas\u201d, as\u00ed como por \u201csu concepci\u00f3n de teatro como hogar y espacio de proximidad con el territorio en el que se integra\u201d y \u201csu apuesta por la descentralizaci\u00f3n\u201d. Noticia en desarrollo.\n    <\/p>\n","protected":false},"excerpt":{"rendered":"Ang\u00e9lica Liddell ha ganado el Premio Nacional de Teatro 2025. El jurado ha destacado especialmente la repercusi\u00f3n de&hellip;\n","protected":false},"author":2,"featured_media":135940,"comment_status":"","ping_status":"","sticky":false,"template":"","format":"standard","meta":{"footnotes":""},"categories":[174],"tags":[45,21291,255,146,147,25,24,256,43037,813,843,23,1651],"class_list":{"0":"post-135939","1":"post","2":"type-post","3":"status-publish","4":"format-standard","5":"has-post-thumbnail","7":"category-famosos","8":"tag-45","9":"tag-angelica","10":"tag-celebrities","11":"tag-entertainment","12":"tag-entretenimiento","13":"tag-es","14":"tag-espana","15":"tag-famosos","16":"tag-liddell","17":"tag-nacional","18":"tag-premio","19":"tag-spain","20":"tag-teatro"},"share_on_mastodon":{"url":"","error":""},"_links":{"self":[{"href":"https:\/\/www.europesays.com\/es\/wp-json\/wp\/v2\/posts\/135939","targetHints":{"allow":["GET"]}}],"collection":[{"href":"https:\/\/www.europesays.com\/es\/wp-json\/wp\/v2\/posts"}],"about":[{"href":"https:\/\/www.europesays.com\/es\/wp-json\/wp\/v2\/types\/post"}],"author":[{"embeddable":true,"href":"https:\/\/www.europesays.com\/es\/wp-json\/wp\/v2\/users\/2"}],"replies":[{"embeddable":true,"href":"https:\/\/www.europesays.com\/es\/wp-json\/wp\/v2\/comments?post=135939"}],"version-history":[{"count":0,"href":"https:\/\/www.europesays.com\/es\/wp-json\/wp\/v2\/posts\/135939\/revisions"}],"wp:featuredmedia":[{"embeddable":true,"href":"https:\/\/www.europesays.com\/es\/wp-json\/wp\/v2\/media\/135940"}],"wp:attachment":[{"href":"https:\/\/www.europesays.com\/es\/wp-json\/wp\/v2\/media?parent=135939"}],"wp:term":[{"taxonomy":"category","embeddable":true,"href":"https:\/\/www.europesays.com\/es\/wp-json\/wp\/v2\/categories?post=135939"},{"taxonomy":"post_tag","embeddable":true,"href":"https:\/\/www.europesays.com\/es\/wp-json\/wp\/v2\/tags?post=135939"}],"curies":[{"name":"wp","href":"https:\/\/api.w.org\/{rel}","templated":true}]}}