{"id":135949,"date":"2025-09-24T15:22:12","date_gmt":"2025-09-24T15:22:12","guid":{"rendered":"https:\/\/www.europesays.com\/es\/135949\/"},"modified":"2025-09-24T15:22:12","modified_gmt":"2025-09-24T15:22:12","slug":"es-un-sueno-que-este-documental-se-proyecte-en-el-zinemaldia-y-que-la-gente-sepa-quien-era-gregorio","status":"publish","type":"post","link":"https:\/\/www.europesays.com\/es\/135949\/","title":{"rendered":"\u00abEs un sue\u00f1o que este documental se proyecte en el Zinemaldia y que la gente sepa qui\u00e9n era Gregorio\u00bb"},"content":{"rendered":"<p><img fetchpriority=\"high\" class=\"v-a-img\" src=\"https:\/\/www.europesays.com\/es\/wp-content\/uploads\/2025\/09\/ana-iribar.jpg\" loading=\"eager\" decoding=\"async\" alt=\"Ana Ir\u00edbar, minutos antes de la proyecci\u00f3n del documental en los Cines Pr\u00edncipe.\"  width=\"1200\" height=\"840\"\/><\/p>\n<p>Ana Ir\u00edbar, minutos antes de la proyecci\u00f3n del documental en los Cines Pr\u00edncipe.                  <\/p>\n<p>Consuelo Ord\u00f3\u00f1ez y Ana Ir\u00edbar, hermana y viuda del concejal del PP asesinado por ETA, asisten emocionadas al estreno en el Festival de Cine del documental producido por El Diario Vasco<\/p>\n<p><a class=\"v-mdl-ath__fig-a\" href=\"https:\/\/www.diariovasco.com\/autor\/elisa-lopez-2245.html\" title=\"Elisa L\u00f3pez\" rel=\"nofollow noopener\" target=\"_blank\"><br \/>\n<img decoding=\"async\" class=\"v-mdl-ath__img\" src=\"https:\/\/www.europesays.com\/es\/wp-content\/uploads\/2025\/09\/autor-2245-foto-9.jpeg\" alt=\"Elisa L\u00f3pez\"\/><br \/>\n<\/a><\/p>\n<p class=\"v-mdl-ath__p v-mdl-ath__p--6\">\nMi\u00e9rcoles, 24 de septiembre 2025, 16:21<\/p>\n<p>| Actualizado 17:21h.<\/p>\n<p class=\"v-p\">Emocionadas, Consuelo Ord\u00f3\u00f1ez y Ana Ir\u00edbar han asistido este mi\u00e9rcoles al estreno en el Zinemaldia del documental de El Diario Vasco &#8216;Gregorio Ord\u00f3\u00f1ez, el asesinato que despert\u00f3 la rebeli\u00f3n contra ETA&#8217;. Una cinta que refleja la figura del concejal del PP en Donostia asesinado por ETA hace 30 a\u00f1os.<\/p>\n<p class=\"v-p\">Minutos antes de su proyecci\u00f3n, la hermana y la viuda del edil donostiarra se han mostrado muy agradecidas con este peri\u00f3dico por haber dado visibilidad a la historia de &#8216;Goyo&#8217; y al Zinemaldia por haber acogido entre las proyecciones seleccionadas este documental. <\/p>\n<p class=\"v-p\">\u00abEstamos en el Festival Internacional de Cine de San Sebasti\u00e1n presentando el documental sobre Gregorio Ord\u00f3\u00f1ez y es algo important\u00edsimo, un paso de gigante\u00bb, ha se\u00f1alado Ir\u00edbar a las puertas de los Cines Pr\u00edncipe, donde ha atendido a los medios de comunicaci\u00f3n para se\u00f1alar que \u00abmiles de personas van a tener acceso a saber qui\u00e9n fue Gregorio y qu\u00e9 hizo\u00bb. <\/p>\n<p class=\"v-p\">La viuda de Gregorio Ord\u00f3\u00f1ez ha destacado en la misma l\u00ednea la relevancia de que la gente sepa \u00abcu\u00e1l es el valor\u00bb de su marido para que hoy un festival de cine como el de San Sebasti\u00e1n d\u00e9 cabida a un documental sobre su persona. \u00abMe parece important\u00edsimo y estoy emocionada y muy agradecida a todos los profesionales del Diario Vasco por haberse hecho este documental\u00bb, ha manifestado Ir\u00edbar. <\/p>\n<p><img decoding=\"async\" loading=\"lazy\" src=\"https:\/\/www.europesays.com\/es\/wp-content\/uploads\/2025\/09\/consule-kEoB--650x455@Diario Vasco.jpg\" class=\"v-a-img\" width=\"650\" height=\"455\" alt=\"Consuelo Ord\u00f3\u00f1ez.\" data-voc-vtm-id=\"in-text-traffic\"\/><\/p>\n<p>Consuelo Ord\u00f3\u00f1ez.<\/p>\n<p><img loading=\"lazy\" decoding=\"async\" src=\"https:\/\/www.europesays.com\/es\/wp-content\/uploads\/2025\/09\/consule-kEoB--1920x1344@Diario Vasco.jpg\" class=\"v-mdl__img-z\" width=\"1920\" height=\"1344\" alt=\"\"\/><\/p>\n<p class=\"v-p\">Consuelo Ord\u00f3\u00f1ez, por su parte, no ha podido ocultar su emoci\u00f3n por el hecho de que un documental de estas caracter\u00edsticas se proyecte en el Zinemaldia. \u00abEs como si nos hubiera tocado la loter\u00eda\u00bb, ha asegurado la hermana del concejal asesinado. <\/p>\n<p class=\"v-p\">Consuelo Ord\u00f3\u00f1ez ha agradecido a DV por todo el trabajo que hay detr\u00e1s de esta cinta. \u00abPara m\u00ed es un sue\u00f1o que este documental se proyecte dentro del escaparate que supone el Festival de Cine de San Sebasti\u00e1n\u00bb, ha renocido la tambi\u00e9n presidenta de Covite, que ha asegurado que esta cinta \u00abes la forma de dejar inmortalizado para el p\u00fablico qui\u00e9n era mi hermano y qu\u00e9 signific\u00f3 mi hermano\u00bb.<\/p>\n<p class=\"v-p\">\u00abLa verdad es que hoy en d\u00eda lo que m\u00e1s llega son las im\u00e1genes, lo audiovisual es lo que llega a todo el mundo&#8230; Y esto va a quedar ah\u00ed para siempre\u00bb, ha manifestado emocionada.<\/p>\n<p>Comenta<\/p>\n<p>Reporta un error<\/p>\n","protected":false},"excerpt":{"rendered":"Ana Ir\u00edbar, minutos antes de la proyecci\u00f3n del documental en los Cines Pr\u00edncipe. Consuelo Ord\u00f3\u00f1ez y Ana Ir\u00edbar,&hellip;\n","protected":false},"author":2,"featured_media":135950,"comment_status":"","ping_status":"","sticky":false,"template":"","format":"standard","meta":{"footnotes":""},"categories":[169],"tags":[177,6084,146,147,981,25,24,176,260,8727,175,43042,24767,23,3466,24803],"class_list":{"0":"post-135949","1":"post","2":"type-post","3":"status-publish","4":"format-standard","5":"has-post-thumbnail","7":"category-cine","8":"tag-cine","9":"tag-documental","10":"tag-entertainment","11":"tag-entretenimiento","12":"tag-era","13":"tag-es","14":"tag-espana","15":"tag-film","16":"tag-gente","17":"tag-gregorio","18":"tag-movies","19":"tag-proyecte","20":"tag-sepa","21":"tag-spain","22":"tag-sueno","23":"tag-zinemaldia"},"share_on_mastodon":{"url":"","error":""},"_links":{"self":[{"href":"https:\/\/www.europesays.com\/es\/wp-json\/wp\/v2\/posts\/135949","targetHints":{"allow":["GET"]}}],"collection":[{"href":"https:\/\/www.europesays.com\/es\/wp-json\/wp\/v2\/posts"}],"about":[{"href":"https:\/\/www.europesays.com\/es\/wp-json\/wp\/v2\/types\/post"}],"author":[{"embeddable":true,"href":"https:\/\/www.europesays.com\/es\/wp-json\/wp\/v2\/users\/2"}],"replies":[{"embeddable":true,"href":"https:\/\/www.europesays.com\/es\/wp-json\/wp\/v2\/comments?post=135949"}],"version-history":[{"count":0,"href":"https:\/\/www.europesays.com\/es\/wp-json\/wp\/v2\/posts\/135949\/revisions"}],"wp:featuredmedia":[{"embeddable":true,"href":"https:\/\/www.europesays.com\/es\/wp-json\/wp\/v2\/media\/135950"}],"wp:attachment":[{"href":"https:\/\/www.europesays.com\/es\/wp-json\/wp\/v2\/media?parent=135949"}],"wp:term":[{"taxonomy":"category","embeddable":true,"href":"https:\/\/www.europesays.com\/es\/wp-json\/wp\/v2\/categories?post=135949"},{"taxonomy":"post_tag","embeddable":true,"href":"https:\/\/www.europesays.com\/es\/wp-json\/wp\/v2\/tags?post=135949"}],"curies":[{"name":"wp","href":"https:\/\/api.w.org\/{rel}","templated":true}]}}