{"id":135955,"date":"2025-09-24T15:25:13","date_gmt":"2025-09-24T15:25:13","guid":{"rendered":"https:\/\/www.europesays.com\/es\/135955\/"},"modified":"2025-09-24T15:25:13","modified_gmt":"2025-09-24T15:25:13","slug":"jimmy-kimmel-vuelve-tras-la-cancelacion-de-su-programa-por-presiones-del-trumpismo-con-un-discurso-por-la-libertad-de-expresion-cine-y-tv","status":"publish","type":"post","link":"https:\/\/www.europesays.com\/es\/135955\/","title":{"rendered":"Jimmy Kimmel vuelve tras la cancelaci\u00f3n de su programa por presiones del trumpismo con un discurso por la libertad de expresi\u00f3n | Cine y TV"},"content":{"rendered":"<p class=\"loc\">Los \u00c1ngeles<\/p>\n<p>El programa de Jimmy Kimmel ha vuelto tras una semana cancelado por las presiones del trumpismo <a href=\"https:\/\/cadenaser.com\/nacional\/2025\/09\/18\/suspenden-el-late-night-de-jimmy-kimmel-tras-acusar-al-trumpismo-de-sacar-redito-politico-del-asesinato-de-charlie-kirk-cadena-ser\/\" target=\"_blank\" rel=\"nofollow noopener\" title=\"https:\/\/cadenaser.com\/nacional\/2025\/09\/18\/suspenden-el-late-night-de-jimmy-kimmel-tras-acusar-al-trumpismo-de-sacar-redito-politico-del-asesinato-de-charlie-kirk-cadena-ser\/\">a ra\u00edz de sus comentarios sobre el asesinato del agitador ultra Charlie Kirk<\/a>.<\/p>\n<p>M\u00e1s informaci\u00f3n<\/p>\n<p>El c\u00f3mico estadounidense <a href=\"https:\/\/cadenaser.com\/nacional\/2025\/09\/23\/jimmy-kimmel-rompe-su-silencio-y-lanza-esta-indirecta-a-su-propia-cadena-horas-antes-de-su-esperado-regreso-cadena-ser\/\" target=\"_blank\" rel=\"nofollow noopener\" title=\"https:\/\/cadenaser.com\/nacional\/2025\/09\/23\/jimmy-kimmel-rompe-su-silencio-y-lanza-esta-indirecta-a-su-propia-cadena-horas-antes-de-su-esperado-regreso-cadena-ser\/\">ha vuelto con fuerza<\/a> despu\u00e9s de que la cadena ABC, propiedad de Disney, decidiera dar marcha atr\u00e1s a la suspensi\u00f3n temporal del show. Y lo ha hecho <a href=\"https:\/\/cadenaser.com\/nacional\/2025\/09\/19\/el-aplaudido-alegato-de-jimmy-fallon-tras-la-cancelacion-del-programa-de-jimmy-kimmel-cadena-ser\/\" target=\"_blank\" rel=\"nofollow noopener\" title=\"https:\/\/cadenaser.com\/nacional\/2025\/09\/19\/el-aplaudido-alegato-de-jimmy-fallon-tras-la-cancelacion-del-programa-de-jimmy-kimmel-cadena-ser\/\">agradeciendo a quienes se han volcado en apoyarlo frente a la censura<\/a>. <\/p>\n<p>\u00abEste show no es importante, lo que importa es que vivamos en un pa\u00eds donde pueda haber shows como este\u00bb, ha dicho Kimmel, que no se ha guardado bromas \u00e1cidas contra Trump.<\/p>\n<p>\u00abNunca fue mi intenci\u00f3n tomar a la ligera el asesinato de un joven. No creo que haya nada gracioso en ello\u00bb, ha sostenido Kimmel, ante su audiencia, con la voz entrecortada por la emoci\u00f3n.<\/p>\n<p>\u00abTampoco fue mi intenci\u00f3n culpar a ning\u00fan grupo espec\u00edfico por las acciones de lo que obviamente fue una persona profundamente perturbada. Eso era justo lo contrario del mensaje que intentaba transmitir\u00bb, ha a\u00f1adido.<\/p>\n<p>Tras su explicaci\u00f3n m\u00e1s seria, ha vuelto al humor: \u00abNo s\u00e9 qui\u00e9n habr\u00e1 tenido las peores 48 horas, yo o el CEO de Tylenol\u00bb, en referencia al paracetamol estadounidense que Trump vincula sin pruebas con el autismo.<\/p>\n<p>S\u00e1tira frente al acoso <\/p>\n<p>Jimmy Kimmel ha regresado a la televisi\u00f3n nocturna defendiendo la s\u00e1tira pol\u00edtica estadounidense frente al <a href=\"https:\/\/cadenaser.com\/nacional\/2025\/09\/18\/trump-celebra-la-cancelacion-del-programa-de-jimmy-kimmel-deberia-haberlo-hecho-hace-mucho-tiempo-cadena-ser\/\" target=\"_blank\" rel=\"nofollow noopener\" title=\"https:\/\/cadenaser.com\/nacional\/2025\/09\/18\/trump-celebra-la-cancelacion-del-programa-de-jimmy-kimmel-deberia-haberlo-hecho-hace-mucho-tiempo-cadena-ser\/\">\u00abacoso\u00bb de la administraci\u00f3n Trump<\/a>, seis d\u00edas despu\u00e9s de que sus comentarios en directo sobre el asesinato del activista de derechas Charlie Kirk llevaran a Walt Disney a suspender su programa.<\/p>\n<p>Humor para combatir la censura, aunque <a href=\"https:\/\/cadenaser.com\/nacional\/2025\/09\/23\/jimmy-kimmel-vuelve-pero-no-a-todas-las-ciudades-dos-redes-de-emisoras-locales-se-niegan-a-emitir-el-programa-de-la-abc-cadena-ser\/\" target=\"_blank\" rel=\"nofollow noopener\" title=\"https:\/\/cadenaser.com\/nacional\/2025\/09\/23\/jimmy-kimmel-vuelve-pero-no-a-todas-las-ciudades-dos-redes-de-emisoras-locales-se-niegan-a-emitir-el-programa-de-la-abc-cadena-ser\/\">decenas de emisoras asociadas a la ABC han optado por no emitir el programa<\/a> para evitar el conflicto con Trump, quien ha escrito en su red social: \u00abNo puedo creer que ABC Fake News le haya devuelto el trabajo a Jimmy Kimmel\u00bb.<\/p>\n<p>Disney, empresa matriz de la cadena ABC que emite Jimmy Kimmel Live!, interrumpi\u00f3 la producci\u00f3n del programa el 17 de septiembre, dos d\u00edas despu\u00e9s de que Kimmel dijera en su mon\u00f3logo de apertura que los seguidores del presidente Donald Trump estaban desesperados por caracterizar al presunto asesino de Kirk \u00abcomo cualquier cosa menos uno de los suyos\u00bb, y los acus\u00f3 de intentar \u00absacar r\u00e9dito pol\u00edtico\u00bb del asesinato.<\/p>\n<p><img decoding=\"async\" src=\"https:\/\/www.europesays.com\/es\/wp-content\/uploads\/2025\/09\/https:\/\/sdmedia.playser.cadenaser.com\/playser\/image\/20219\/09\/1631183669_asset_still.jpeg\" alt=\"&quot;Todos somos Jimmy Kimmel&quot;: los grandes humoristas de EEUU muestran su apoyo al presentador tras la cancelaci\u00f3n de su programa\" width=\"655\"   loading=\"lazy\"\/><\/p>\n<p class=\"tit\">\u00abTodos somos Jimmy Kimmel\u00bb: los grandes humoristas de EEUU muestran su apoyo al presentador tras la cancelaci\u00f3n de su programa<\/p>\n<p>00:00:0003:11<\/p>\n<p>El c\u00f3digo iframe se ha copiado en el portapapeles<\/p>\n<p>FacebookTwitterLinkedinWhatsAppCerrar<\/p>\n<p>Antes de la emisi\u00f3n del programa de Kimmel, Trump ha escrito que \u00abno puede creer\u00bb que ABC le haya devuelto el programa, y ha dejado entrever posibles acciones contra la cadena.<\/p>\n<p>\u00ab\u00bfPor qu\u00e9 querr\u00edan de vuelta a alguien que lo hace tan mal, que no es gracioso y que pone en peligro a la cadena al emitir BASURA dem\u00f3crata 99% positiva?\u00bb, escribi\u00f3 Trump en Truth Social.<\/p>\n<p>\u00abEs otro brazo del DNC (Comit\u00e9 Nacional Dem\u00f3crata) y, hasta donde s\u00e9, eso ser\u00eda una gran contribuci\u00f3n ilegal a la campa\u00f1a. Creo que vamos a poner a prueba a ABC con esto.\u00bb<\/p>\n<p><img loading=\"lazy\" decoding=\"async\" src=\"https:\/\/www.europesays.com\/es\/wp-content\/uploads\/2025\/09\/https:\/\/sdmedia.playser.cadenaser.com\/playser\/image\/20259\/24\/1758705896502_1758706588_asset_still.jp.jpeg\" width=\"16\" height=\"9\"\/><\/p>\n","protected":false},"excerpt":{"rendered":"Los \u00c1ngeles El programa de Jimmy Kimmel ha vuelto tras una semana cancelado por las presiones del trumpismo&hellip;\n","protected":false},"author":2,"featured_media":135956,"comment_status":"","ping_status":"","sticky":false,"template":"","format":"standard","meta":{"footnotes":""},"categories":[91],"tags":[146,147,28733,25,24,23],"class_list":{"0":"post-135955","1":"post","2":"type-post","3":"status-publish","4":"format-standard","5":"has-post-thumbnail","7":"category-entretenimiento","8":"tag-entertainment","9":"tag-entretenimiento","10":"tag-episodic","11":"tag-es","12":"tag-espana","13":"tag-spain"},"share_on_mastodon":{"url":"","error":""},"_links":{"self":[{"href":"https:\/\/www.europesays.com\/es\/wp-json\/wp\/v2\/posts\/135955","targetHints":{"allow":["GET"]}}],"collection":[{"href":"https:\/\/www.europesays.com\/es\/wp-json\/wp\/v2\/posts"}],"about":[{"href":"https:\/\/www.europesays.com\/es\/wp-json\/wp\/v2\/types\/post"}],"author":[{"embeddable":true,"href":"https:\/\/www.europesays.com\/es\/wp-json\/wp\/v2\/users\/2"}],"replies":[{"embeddable":true,"href":"https:\/\/www.europesays.com\/es\/wp-json\/wp\/v2\/comments?post=135955"}],"version-history":[{"count":0,"href":"https:\/\/www.europesays.com\/es\/wp-json\/wp\/v2\/posts\/135955\/revisions"}],"wp:featuredmedia":[{"embeddable":true,"href":"https:\/\/www.europesays.com\/es\/wp-json\/wp\/v2\/media\/135956"}],"wp:attachment":[{"href":"https:\/\/www.europesays.com\/es\/wp-json\/wp\/v2\/media?parent=135955"}],"wp:term":[{"taxonomy":"category","embeddable":true,"href":"https:\/\/www.europesays.com\/es\/wp-json\/wp\/v2\/categories?post=135955"},{"taxonomy":"post_tag","embeddable":true,"href":"https:\/\/www.europesays.com\/es\/wp-json\/wp\/v2\/tags?post=135955"}],"curies":[{"name":"wp","href":"https:\/\/api.w.org\/{rel}","templated":true}]}}