{"id":135961,"date":"2025-09-24T15:28:07","date_gmt":"2025-09-24T15:28:07","guid":{"rendered":"https:\/\/www.europesays.com\/es\/135961\/"},"modified":"2025-09-24T15:28:07","modified_gmt":"2025-09-24T15:28:07","slug":"detenido-en-inglaterra-por-su-supuesta-relacion-con-el-ciberataque-que-afecto-a-aeropuertos","status":"publish","type":"post","link":"https:\/\/www.europesays.com\/es\/135961\/","title":{"rendered":"Detenido en Inglaterra por su supuesta relaci\u00f3n con el ciberataque que afect\u00f3 a aeropuertos"},"content":{"rendered":"<p>Un hombre de unos 40 a\u00f1os ha sido <strong>detenido <\/strong>en el sur de <strong>Inglaterra <\/strong>por su<strong> supuesta vinculaci\u00f3n con el ciberataque <\/strong>que afect\u00f3 a varios aeropuertos europeos durante el pasado fin de semana, seg\u00fan ha informado este mi\u00e9rcoles la Agencia Nacional del Crimen del Reino Unido.<\/p>\n<p>La NCA ha se\u00f1alado que el var\u00f3n fue arrestado la noche del martes en el condado de West Sussex bajo sospecha de delitos contra la Ley de uso indebido de computadoras. Se encuentra en <strong>libertad condicional <\/strong>mientras permanece abierta la investigaci\u00f3n.<\/p>\n<p>Seg\u00fan ha se\u00f1alado el jefe de la unidad de ciberdelincuencia, Paul Foster, en declaraciones recogidas por la BBC, <strong>la investigaci\u00f3n se encuentra \u00aben una fase inicial\u00bb, <\/strong>aunque se considera el arresto como \u00abun paso positivo\u00bb.<\/p>\n<p>Tanto las autoridades brit\u00e1nicas como la Agencia de Ciberseguridad de la Uni\u00f3n Europea (ENISA) han atribuido las incidencias a un ciberataque, aunque no han lanzado ninguna hip\u00f3tesis sobre la autor\u00eda. <strong>Tampoco ha sido reivindicado por ning\u00fan grupo<\/strong> o gobierno. <\/p>\n<p>Contin\u00faan las afecciones en el aeropuerto de Bruselas<\/p>\n<p>Varios aeropuertos, entre ellos el de <strong>Bruselas, Berl\u00edn, Londres y Dubl\u00edn,<\/strong> se vieron obligados a<strong> retrasar o cancelar vuelos<\/strong> tras el ataque inform\u00e1tico contra el proveedor externo de servicios de procesamiento de datos <strong>Collins Aerospace,<\/strong> filial del grupo estadounidense de defensa RTX, antes Raytheon.<\/p>\n<p>La alteraci\u00f3n de los sistemas electr\u00f3nicos de facturaci\u00f3n y embarque se detect\u00f3 el pasado viernes en el aeropuerto de Bruselas, que este mi\u00e9rcoles <strong>a\u00fan no ha podido restablecer sus operaciones<\/strong> con normalidad. \u00abSe esperan perturbaciones limitadas el 23 y 24 de septiembre, que provocar\u00e1n algunos <strong>retrasos y cancelaciones<\/strong> de vuelos\u00bb, ha explicado en su web el <strong>aeropuerto de Bruselas-Zaventem,<\/strong> que pide verificar el estado de su vuelo antes de acudir al aeropuerto.<\/p>\n<p>La radiotelevisi\u00f3n p\u00fablica belga RTBF ha informado de que se espera que este mi\u00e9rcoles se vean <strong>afectados el 10% de los vuelos, <\/strong>en niveles similares a los del martes, jornada en la que se programaron 255 vuelos, algo m\u00e1s que los 237 que operaron el lunes, de un total de 277 salidas previstas inicialmente.<\/p>\n<p>En Londres, el <strong>aeropuerto de Heathrow<\/strong> \u2014el de mayor actividad de Europa\u2014 se vio obligado a modificar su programa debido a la ca\u00edda del sistema, lo que provoc\u00f3 la <strong>cancelaci\u00f3n <\/strong>el s\u00e1bado de <strong>\u00abuna docena\u00bb de vuelos de ida y \u00abotra docena\u00bb de vuelta, <\/strong>en torno a un 1% del total de los aproximadamente 1.300 programados. Un portavoz explic\u00f3 que, al tratarse de un problema de un tercero,<strong> el incidente solo hab\u00eda afectado a algunas aerol\u00edneas<\/strong> que utilizaban el sistema de la empresa afectada, por lo que la Terminal 5, la de mayor afluencia y operada principalmente por British Airways, apenas hab\u00eda sufrido contratiempos.<\/p>\n<p>La <strong>Comisi\u00f3n Europea <\/strong>inst\u00f3 este lunes a los Estados miembros a trasponer y<strong> aplicar plenamente la nueva directiva sobre redes<\/strong> y los sistemas de informaci\u00f3n (conocida como NIS2) para intentar <strong>evitar amenazas e incidentes cibern\u00e9ticos <\/strong>como este \u00faltimo ataque al software de facturaci\u00f3n y embarque de varios aeropuertos comunitarios.<\/p>\n","protected":false},"excerpt":{"rendered":"Un hombre de unos 40 a\u00f1os ha sido detenido en el sur de Inglaterra por su supuesta vinculaci\u00f3n&hellip;\n","protected":false},"author":2,"featured_media":135962,"comment_status":"","ping_status":"","sticky":false,"template":"","format":"standard","meta":{"footnotes":""},"categories":[42],"tags":[17,18,13,14,11,61,62,63,64,19,20,9,10,15,16,12,21,22,65,66,67],"class_list":{"0":"post-135961","1":"post","2":"type-post","3":"status-publish","4":"format-standard","5":"has-post-thumbnail","7":"category-internacional","8":"tag-breaking-news","9":"tag-breakingnews","10":"tag-featured-news","11":"tag-featurednews","12":"tag-headlines","13":"tag-internacional","14":"tag-international","15":"tag-international-news","16":"tag-internationalnews","17":"tag-latest-news","18":"tag-latestnews","19":"tag-news","20":"tag-noticias","21":"tag-noticias-destacadas","22":"tag-noticiasdestacadas","23":"tag-titulares","24":"tag-ultimas-noticias","25":"tag-ultimasnoticias","26":"tag-world","27":"tag-world-news","28":"tag-worldnews"},"share_on_mastodon":{"url":"","error":""},"_links":{"self":[{"href":"https:\/\/www.europesays.com\/es\/wp-json\/wp\/v2\/posts\/135961","targetHints":{"allow":["GET"]}}],"collection":[{"href":"https:\/\/www.europesays.com\/es\/wp-json\/wp\/v2\/posts"}],"about":[{"href":"https:\/\/www.europesays.com\/es\/wp-json\/wp\/v2\/types\/post"}],"author":[{"embeddable":true,"href":"https:\/\/www.europesays.com\/es\/wp-json\/wp\/v2\/users\/2"}],"replies":[{"embeddable":true,"href":"https:\/\/www.europesays.com\/es\/wp-json\/wp\/v2\/comments?post=135961"}],"version-history":[{"count":0,"href":"https:\/\/www.europesays.com\/es\/wp-json\/wp\/v2\/posts\/135961\/revisions"}],"wp:featuredmedia":[{"embeddable":true,"href":"https:\/\/www.europesays.com\/es\/wp-json\/wp\/v2\/media\/135962"}],"wp:attachment":[{"href":"https:\/\/www.europesays.com\/es\/wp-json\/wp\/v2\/media?parent=135961"}],"wp:term":[{"taxonomy":"category","embeddable":true,"href":"https:\/\/www.europesays.com\/es\/wp-json\/wp\/v2\/categories?post=135961"},{"taxonomy":"post_tag","embeddable":true,"href":"https:\/\/www.europesays.com\/es\/wp-json\/wp\/v2\/tags?post=135961"}],"curies":[{"name":"wp","href":"https:\/\/api.w.org\/{rel}","templated":true}]}}