{"id":135975,"date":"2025-09-24T15:37:09","date_gmt":"2025-09-24T15:37:09","guid":{"rendered":"https:\/\/www.europesays.com\/es\/135975\/"},"modified":"2025-09-24T15:37:09","modified_gmt":"2025-09-24T15:37:09","slug":"el-elogio-de-colapinto-a-briatore-y-las-diferencias-entre-el-alpine-2025-y-el-williams-2024","status":"publish","type":"post","link":"https:\/\/www.europesays.com\/es\/135975\/","title":{"rendered":"El elogio de Colapinto a Briatore y las diferencias entre el Alpine 2025 y el Williams 2024"},"content":{"rendered":"<p class=\"com-paragraph   --s\"><strong>Franco Colapinto<\/strong>, piloto argentino de Alpine, fue entrevistado por el podcast oficial de la <strong>F\u00f3rmula 1<\/strong>, llamado Beyond the Grid. En una conversaci\u00f3n de casi una hora de duraci\u00f3n, el corredor nacido en Pilar hace 22 a\u00f1os se refiri\u00f3 a sus comienzos y repas\u00f3 toda su carrera en las diferentes categor\u00edas. Al fin, se refiri\u00f3 a su presente en el equipo franc\u00e9s. Y dej\u00f3 una frase sobre el italiano<strong> Flavio Briatore<\/strong>, asesor deportivo de la escuder\u00eda y m\u00e1ximo responsable de su llegada desde <strong>Williams<\/strong>: \u00ab<strong>Creo en \u00e9l<\/strong>. Va a llevar a Alpine de vuelta a lo m\u00e1s alto. Aprend\u00ed mucho de \u00e9l y le estoy muy agradecido. Me convirti\u00f3 en una persona mucho m\u00e1s fuerte psicol\u00f3gicamente\u201d, dijo Colapinto, que viene de quedar \u00faltimo en el circuito callejero de <strong>Bak\u00fa<\/strong>, donde se corri\u00f3 el<strong> Gran Premio de Azerbaiy\u00e1n el pasado fin de semana.<\/strong><\/p>\n<p class=\"com-paragraph   --s\">Colapinto tambi\u00e9n respondi\u00f3 a la pregunta que todo el mundo se hace: \u00bf<strong>qu\u00e9 ser\u00e1 de su futuro <\/strong>en la m\u00e1xima categor\u00eda?: \u201cNo me centro demasiado en eso, por supuesto que hay que aprender y tengo mucho m\u00e1s que encontrar, pero <strong>me estoy sintiendo mucho mejor en el equipo y en el auto<\/strong>. No es ning\u00fan secreto que el auto no est\u00e1 donde queremos que est\u00e9 y que es dif\u00edcil puntuar, pero llegar\u00e1 el momento y quiero estar preparado para eso. <strong>Ese es mi objetivo<\/strong>\u201d, respondi\u00f3.<\/p>\n<p>El argentino Franco Colapinto, a bordo de su Alpine en el circuito callejero de Bak\u00fa, capital de Azerbaiy\u00e1nOZAN KOSE &#8211; AFP<\/p>\n<p class=\"com-paragraph   --s\">El piloto argentino, que debut\u00f3 el a\u00f1o pasado en el <strong>Gran Premio de Italia<\/strong> en la escuder\u00eda <strong>Williams<\/strong>, se refiri\u00f3 a las diferencias entre el <strong>Alpine 2025<\/strong> y el auto que condujo el a\u00f1o pasado, y con el que consigui\u00f3 un octavo puesto en <strong>Azerbaiy\u00e1n 2024<\/strong>, su mejor actuaci\u00f3n en la F\u00f3rmula 1: \u201cMe sub\u00ed a un auto que ya hab\u00eda sido desarrollado y conducido por muchos otros pilotos, pero no realmente por m\u00ed. As\u00ed que <strong>no tuve mucha influencia en lo que quer\u00eda del auto este a\u00f1o<\/strong>. No tuve realmente un aporte sobre c\u00f3mo arreglar cosas antes de que comenzara la temporada o <strong>sobre c\u00f3mo se hab\u00eda desarrollado el auto a lo largo de los a\u00f1os<\/strong>\u201d, explic\u00f3 Colapinto.<\/p>\n<p class=\"com-paragraph   --s\">Y a\u00f1adi\u00f3, sobre las dificultades de adaptaci\u00f3n a la nueva escuder\u00eda: \u201cQuiz\u00e1s no est\u00e1 tan enfocado en c\u00f3mo conduzco yo, <strong>sino en c\u00f3mo lo hacen otros pilotos<\/strong>, como Pierre (Gasly), que ha estado aqu\u00ed muchos a\u00f1os, Esteban (Ocon), Fernando (Alonso) en el pasado. El equipo ha tenido una estructura y una forma de trabajar <strong>que no ha estado realmente adaptada a m\u00ed<\/strong>\u201d, agreg\u00f3.<\/p>\n<p>Franco Colapinto, durante su etapa como piloto de Williams, en la temporada 2024ANDREJ ISAKOVIC &#8211; AFP<\/p>\n<p class=\"com-paragraph   --s\">\u201cEn Williams, aunque no tuve ning\u00fan test, <strong>simplemente fui directo a correr<\/strong>. Pero hab\u00eda estado all\u00ed por m\u00e1s de un a\u00f1o manejando el simulador, entendiendo a los ingenieros, viendo los cambios que hac\u00edan en el auto, los problemas que ten\u00eda, los problemas de balance, <strong>c\u00f3mo quer\u00edan hacer funcionar el auto y cu\u00e1l era la raz\u00f3n detr\u00e1s de eso<\/strong>\u201d, compar\u00f3 Colapinto.<\/p>\n<p class=\"com-paragraph   --s\">Y abund\u00f3 en las diferencias entre un equipo y otro: \u201cAqu\u00ed [en referencia a Alpine] <strong>fue m\u00e1s como llegar a un equipo nuevo<\/strong>, a un auto nuevo, teniendo la experiencia de un coche que ya hab\u00eda conducido antes. Esa experiencia tambi\u00e9n me trae cosas que quiero tener, pero que no puedo tener. Subirme a un auto nuevo, un F\u00f3rmula 1 nuevo, manejarlo por primera vez, <strong>es m\u00e1s complicado<\/strong>, pero al mismo tiempo no ten\u00e9s ninguna comparaci\u00f3n o experiencia previa de lo que quer\u00e9s del auto\u201d.<\/p>\n<p>La complicidad entre Franco Colapinto y James Vowles, quien fue su jefe de equipo en WilliamsWilliams Racing &#8211; www.xpbimages.com<\/p>\n<p class=\"com-paragraph   --s\">Colapinto continu\u00f3: \u201cAs\u00ed que <strong>simplemente te sent\u00e1s y lo manej\u00e1s<\/strong>, est\u00e1s viviendo un sue\u00f1o. Esta fue la primera vez que<strong> pod\u00eda compararlo con algo m\u00e1s<\/strong>, lo que siento que lo hace un poco m\u00e1s complicado por un lado, porque hay cosas que el auto no puede darte. <strong>Me tom\u00f3 m\u00e1s tiempo adaptarme que con el Williams<\/strong>\u201d, asumi\u00f3.<\/p>\n<p class=\"com-paragraph   --s\">\u201cCreo que el coche de este a\u00f1o, simplemente por c\u00f3mo est\u00e1 configurado, h<strong>a estado muy enfocado en Pierre y en c\u00f3mo le gusta manejarlo<\/strong>. Las herramientas que tengo en el coche y las herramientas que necesito tambi\u00e9n son diferentes. <strong>As\u00ed que hice algunos cambios en la configuraci\u00f3n<\/strong>\u201d, asegur\u00f3 el argentino. Y a\u00f1adi\u00f3: \u201cA veces me lleva un poco m\u00e1s de tiempo encontrar lo que quiero, pero al final siempre termino llegando a eso. A veces un poco demasiado tarde, pero<strong> creo que ahora lo estamos logrando un poco antes y a tiempo<\/strong>\u201d.<\/p>\n","protected":false},"excerpt":{"rendered":"Franco Colapinto, piloto argentino de Alpine, fue entrevistado por el podcast oficial de la F\u00f3rmula 1, llamado Beyond&hellip;\n","protected":false},"author":2,"featured_media":135976,"comment_status":"","ping_status":"","sticky":false,"template":"","format":"standard","meta":{"footnotes":""},"categories":[270],"tags":[40461,168,25,24,4049,306,271,272,408,23,167,32176],"class_list":{"0":"post-135975","1":"post","2":"type-post","3":"status-publish","4":"format-standard","5":"has-post-thumbnail","7":"category-formula-1","8":"tag-athletics","9":"tag-deportes","10":"tag-es","11":"tag-espana","12":"tag-essential","13":"tag-f1","14":"tag-formula-1","15":"tag-formula1","16":"tag-horizontal","17":"tag-spain","18":"tag-sports","19":"tag-topshots"},"share_on_mastodon":{"url":"","error":""},"_links":{"self":[{"href":"https:\/\/www.europesays.com\/es\/wp-json\/wp\/v2\/posts\/135975","targetHints":{"allow":["GET"]}}],"collection":[{"href":"https:\/\/www.europesays.com\/es\/wp-json\/wp\/v2\/posts"}],"about":[{"href":"https:\/\/www.europesays.com\/es\/wp-json\/wp\/v2\/types\/post"}],"author":[{"embeddable":true,"href":"https:\/\/www.europesays.com\/es\/wp-json\/wp\/v2\/users\/2"}],"replies":[{"embeddable":true,"href":"https:\/\/www.europesays.com\/es\/wp-json\/wp\/v2\/comments?post=135975"}],"version-history":[{"count":0,"href":"https:\/\/www.europesays.com\/es\/wp-json\/wp\/v2\/posts\/135975\/revisions"}],"wp:featuredmedia":[{"embeddable":true,"href":"https:\/\/www.europesays.com\/es\/wp-json\/wp\/v2\/media\/135976"}],"wp:attachment":[{"href":"https:\/\/www.europesays.com\/es\/wp-json\/wp\/v2\/media?parent=135975"}],"wp:term":[{"taxonomy":"category","embeddable":true,"href":"https:\/\/www.europesays.com\/es\/wp-json\/wp\/v2\/categories?post=135975"},{"taxonomy":"post_tag","embeddable":true,"href":"https:\/\/www.europesays.com\/es\/wp-json\/wp\/v2\/tags?post=135975"}],"curies":[{"name":"wp","href":"https:\/\/api.w.org\/{rel}","templated":true}]}}