{"id":135991,"date":"2025-09-24T15:45:08","date_gmt":"2025-09-24T15:45:08","guid":{"rendered":"https:\/\/www.europesays.com\/es\/135991\/"},"modified":"2025-09-24T15:45:08","modified_gmt":"2025-09-24T15:45:08","slug":"sale-a-la-luz-la-primera-escena-oficial-de-robert-downey-jr-como-doctor-doom-en-el-ucm-antes-de-avengers-doomsday-vandal","status":"publish","type":"post","link":"https:\/\/www.europesays.com\/es\/135991\/","title":{"rendered":"Sale a la luz la primera escena oficial de Robert Downey Jr. como Doctor Doom en el UCM antes de &#039;Avengers: Doomsday&#039; &#8211; Vandal"},"content":{"rendered":"<ol>\n<li><a href=\"https:\/\/news.google.com\/rss\/articles\/CBMi8gFBVV95cUxNT08xSUY0Ty1yWUdaWHBsM3Uya3FZQ3E1NXdsb1NqY1RxclZfNm9NSmxBeHFVcFFkXy1JSC11QzM2UGI1WlVWWUJZRTJsR2dWUjFGRXRMc3Y0UHNBZXkybEdiTUtySW54ZTM5eEpsQTk2d0hOUVFaejJwaHNUbmktTjFkVDlSc3JIcEw0MllINjRfQWFjb0RVM3VWWTE0MlVSWUJPak5uSVVqMXQ3QnFoaG03ZjhsWDFKeG1odXloMUVtaVZjamlaVWVaTDg5OS1VbG92VHZSX2NpRkFVN0MyVXVfNHZLSlNuWmdvZmE4Q05PZ9IB9wFBVV95cUxNTlp0aTFMZmsxUkJPdW5aRTBQdFN1eTZxZExKSG4tblBQN3BONFFVRUN3U0d6THRiazNOUWlQekczTFJNR0xueHB5NjBycmtFRXJ1d1hodVJ5YnlBUWk0cmZial9kcXlrZHhSTnlLdG5FTGxpd0NVM0FSdzc0Wlk0OTZ6Uk10ZGo2V2RyTDdUdGtNV2JOOHJSak5GNGNXS254VEF1a3MxME9lYkVmQXp2XzZyN25hbW9pVGhtSFFrdGFvN1VOdEhXWHo1c010QjZTUFFnOE5WSkh2dFJ2d2dDaVlDMVBpbU03OS1kbWU2WDN1aWNKNThv?oc=5\" target=\"_blank\" rel=\"nofollow noopener\">Sale a la luz la primera escena oficial de Robert Downey Jr. como Doctor Doom en el UCM antes de &#8216;Avengers: Doomsday&#8217;<\/a>&nbsp;&nbsp;Vandal<\/li>\n<li><a href=\"https:\/\/news.google.com\/rss\/articles\/CBMi4gFBVV95cUxObm5rTFRBSG93ZUdiNFJPX011dWZlRWx0RWd6RmlwY3hiTDIzQjZlN3hwRTJVS0ZKelJ4S09uY2lzSjA2UDllY1oyVDdiN2xYQ2NyQmgza2VBOHp6aHlNQ2Uxb0s4SHhRUG1uaVFTUExGVzJVX2ZnVWYweUtwSWV0aW8xZWVqRG5DYjVrTmRPMkxwcnZtTEhaZ2todEREVGZ4b0FHa0ZMOFdmNzFDbzdmdjVaUHdndG9BanR6M01YQS1ndHpLckFIaWNrMmVtaVE0T2pMYlk2UDdaRk03T04weERB0gH2AUFVX3lxTE9jR2x1clhkTk5KZG9vbDE1Q0dYWW9QR2Y2MGRPTVBETkRGM0FZWUVORVh5UzhCQXdWTUxTUGF5eTEzcEgtdFJVUkVzQzk2OXNaOWNyemVIYXpBZEJZMDZVYmNWRFJJSHU3MVVLeEdjeGpiWlVmSXpscXhsZFN4UGpMY2Jqc2NqYk9XeHZMbjNkZ3JJQTBCVUpYSjNzWERmTHRWTERTTTdPSFFOSVBIcDl2cUxlSmpKZWRSLS1ZMklRdVJJZnkyV3lTQjRzdHM4R3NwejltOFJpVVlVV3dvc2MxRkt3UnFJM3RCSkNWbkVkTjVFVTFVZw?oc=5\" target=\"_blank\" rel=\"nofollow noopener\">\u2018Los 4 Fant\u00e1sticos: Primeros pasos\u2019 publica online la escena post cr\u00e9ditos que marca un antes y un despu\u00e9s en<\/a>&nbsp;&nbsp;Diario AS<\/li>\n<li><a href=\"https:\/\/news.google.com\/rss\/articles\/CBMifkFVX3lxTE9GTU5JV2otUnppMjA0aERPOU1yeXV0UTlwdGNaREdDbEpuUDVjR0trX0JLQjJDem9EVnl1T19fY1pGZEp1aUNfVFpCT0RSU0U2N0luZTdheHlYZ3diaXlRX0hKZ2ExVG5oazI3eF8wTEhjUWRZYlh6R3lkT2k4QQ?oc=5\" target=\"_blank\" rel=\"nofollow noopener\">Los Cuatro Fant\u00e1sticos: Primeros pasos debuta en streaming: d\u00f3nde ver el gran estreno de Marvel<\/a>&nbsp;&nbsp;AVPasi\u00f3n<\/li>\n<li><a href=\"https:\/\/news.google.com\/rss\/articles\/CBMi8AFBVV95cUxPTVBpQXhzeUNIT0MwZ0V3bTZyQnVncjhpQ1ZtT3J1dTFGMVFGdzN0ckVON3BGYkNLeWN6c0w0ZUNxY3ZwWjBmaDdMOEk0UlV3SnhqMk5qWWNUbFdVeTFTMEVlZTdVZDItV0tqbEhBdmtUemJ2alMzcElnelhNQmpYQVJQSmIwS3l2Y1hOTmJZZ0VvbTFPdm4xM2xRVllmZHE2M1V6c3pPd0R1LUF1NU1qY18tM0NkYTN0R0U1VlFRVkEtMk12STZkbTFPUURFTS1IY0dZem1STzU2aHFlcER3WDUwdGowazk2UmJLS3p2V2Q?oc=5\" target=\"_blank\" rel=\"nofollow noopener\">Salen a la luz escenas eliminadas de Los 4 Fant\u00e1sticos: Primeros pasos y los fans se preguntan por qu\u00e9 eliminaron contenido tan bueno de la pel\u00edcula<\/a>&nbsp;&nbsp;HobbyConsolas<\/li>\n<li><a href=\"https:\/\/news.google.com\/rss\/articles\/CBMiwAFBVV95cUxPR2tLQTFORU9VOUNjUk1zUzMxRzdZSFhKM2JoWGt3b1lZNndlNW1zb1hheGhRc2VLODBqX0NPdG1UNDhaWnhRT3ZJMXhVX0pFcG5lY1ktNV9RVFJMSUxQc1EyLUN6NVdTRUNNVTJfSzNEdnlXN0wxdW8yTzRyZW84aUdyRkRDZFJaYnlVWUZ0Z1pod05IV2dzM2V6VUJsYnFVay1iUGFSTEtlSlMwMFlrc0dDNUtra0UybG5fVGJZYWE?oc=5\" target=\"_blank\" rel=\"nofollow noopener\">Los primeros pasos ahora est\u00e1n transmitiendo: c\u00f3mo ver la pel\u00edcula de MCU en casa<\/a>&nbsp;&nbsp;noticiashuesca.com<\/li>\n<\/ol>\n","protected":false},"excerpt":{"rendered":"Sale a la luz la primera escena oficial de Robert Downey Jr. como Doctor Doom en el UCM&hellip;\n","protected":false},"author":2,"featured_media":135992,"comment_status":"","ping_status":"","sticky":false,"template":"","format":"standard","meta":{"footnotes":""},"categories":[169],"tags":[177,146,147,25,24,2065,176,175,23],"class_list":{"0":"post-135991","1":"post","2":"type-post","3":"status-publish","4":"format-standard","5":"has-post-thumbnail","7":"category-cine","8":"tag-cine","9":"tag-entertainment","10":"tag-entretenimiento","11":"tag-es","12":"tag-espana","13":"tag-faltan-tags","14":"tag-film","15":"tag-movies","16":"tag-spain"},"share_on_mastodon":{"url":"","error":""},"_links":{"self":[{"href":"https:\/\/www.europesays.com\/es\/wp-json\/wp\/v2\/posts\/135991","targetHints":{"allow":["GET"]}}],"collection":[{"href":"https:\/\/www.europesays.com\/es\/wp-json\/wp\/v2\/posts"}],"about":[{"href":"https:\/\/www.europesays.com\/es\/wp-json\/wp\/v2\/types\/post"}],"author":[{"embeddable":true,"href":"https:\/\/www.europesays.com\/es\/wp-json\/wp\/v2\/users\/2"}],"replies":[{"embeddable":true,"href":"https:\/\/www.europesays.com\/es\/wp-json\/wp\/v2\/comments?post=135991"}],"version-history":[{"count":0,"href":"https:\/\/www.europesays.com\/es\/wp-json\/wp\/v2\/posts\/135991\/revisions"}],"wp:featuredmedia":[{"embeddable":true,"href":"https:\/\/www.europesays.com\/es\/wp-json\/wp\/v2\/media\/135992"}],"wp:attachment":[{"href":"https:\/\/www.europesays.com\/es\/wp-json\/wp\/v2\/media?parent=135991"}],"wp:term":[{"taxonomy":"category","embeddable":true,"href":"https:\/\/www.europesays.com\/es\/wp-json\/wp\/v2\/categories?post=135991"},{"taxonomy":"post_tag","embeddable":true,"href":"https:\/\/www.europesays.com\/es\/wp-json\/wp\/v2\/tags?post=135991"}],"curies":[{"name":"wp","href":"https:\/\/api.w.org\/{rel}","templated":true}]}}