{"id":135995,"date":"2025-09-24T15:47:08","date_gmt":"2025-09-24T15:47:08","guid":{"rendered":"https:\/\/www.europesays.com\/es\/135995\/"},"modified":"2025-09-24T15:47:08","modified_gmt":"2025-09-24T15:47:08","slug":"desarrollan-una-terapia-genica-contra-el-sarcoma-de-ewing","status":"publish","type":"post","link":"https:\/\/www.europesays.com\/es\/135995\/","title":{"rendered":"Desarrollan una terapia g\u00e9nica contra el sarcoma de Ewing"},"content":{"rendered":"<p>El sarcoma de Ewing es un <a href=\"https:\/\/www.saludadiario.es\/investigacion\/paso-adelante-en-la-comprension-del-sarcoma-de-ewing\/\" target=\"_blank\" rel=\"noreferrer noopener nofollow\">tipo de c\u00e1ncer infantil que<strong>\u00a0afecta a los huesos y los tejidos blandos<\/strong><\/a>\u00a0y para el que ha habido pocos avances terap\u00e9uticos en los \u00faltimos a\u00f1os. Se trata de un tumor maligno que afecta a ni\u00f1os y adolescentes y del que se diagnostica cada a\u00f1o en Espa\u00f1a aproximadamente 25 nuevos casos, por lo que esta enfermedad se considera tambi\u00e9n, como la mayor\u00eda de los tumores infantiles, una enfermedad rara.<\/p>\n<p>Aunque actualmente se consiguen\u00a0<strong>tasas de supervivencia de aproximadamente el 70 %<\/strong>, desde hace a\u00f1os no se vislumbran avances significativos en los tratamientos, por lo que es necesario avanzar en terapias innovadoras que tengan menos efectos secundarios que los tratamientos actuales (radioterapia y quimioterapia), y que permitan mejorar las tasas de supervivencia, especialmente en los pacientes con met\u00e1stasis y reca\u00eddas, que tienen mucho peor pron\u00f3stico.<a\/><\/p>\n<p>Una estrategia espec\u00edfica contra c\u00e9lulas tumorales<\/p>\n<p>Los investigadores han utilizado para el estudio un adenovirus, un virus frecuentemente utilizado en terapia g\u00e9nica contra el c\u00e1ncer, para introducir en las c\u00e9lulas de sarcoma de Ewing un gen \u2018suicida\u2019 derivado del virus del herpes simplex (HSV-TK). Cuando las c\u00e9lulas de sarcoma de Ewing son infectadas por el adenovirus terap\u00e9utico, estas expresan el gen \u2018suicida\u2019 HSV-TK.<\/p>\n<p>Este gen es inocuo, pero cuando se combina con el compuesto\u00a0<strong>ganciclovir<\/strong>\u00a0\u2014un f\u00e1rmaco com\u00fanmente utilizado para combatir las infecciones con los virus del herpes \u2014, es capaz de transformarlo en un compuesto t\u00f3xico que provoca la muerte, en este caso, de las c\u00e9lulas de sarcoma de Ewing.<\/p>\n<p>Una de las ventajas de la terapia desarrollada por este grupo es que el gen \u2018suicida\u2019 s\u00f3lo se expresa en las c\u00e9lulas de sarcoma de Ewing, otorg\u00e1ndole al sistema una gran especificidad y, por tanto, reduciendo la probabilidad de efectos secundarios de la terapia.\u00a0<a\/><\/p>\n<p>Reducci\u00f3n del tama\u00f1o del tumor<\/p>\n<p>Esta estrategia ha sido previamente utilizada por el mismo grupo del ISCIII para expresar de manera espec\u00edfica el\u00a0<a href=\"https:\/\/www.isciii.es\/w\/avances-terapias-sarcoma-ewing-crispr-c%C3%A1ncer-infantil?&amp;catId=448332&amp;catId=651580\" target=\"_blank\" rel=\"noreferrer noopener nofollow\">sistema CRISPR\/Cas9 en c\u00e9lulas de sarcoma de Ewing<\/a>. Sin embargo, mientras que con la tecnolog\u00eda\u00a0<strong>CRISPR\/Cas9<\/strong>\u00a0fue posible ralentizar el crecimiento tumoral, con esta nueva aproximaci\u00f3n los investigadores han conseguido reducir el tama\u00f1o del tumor, y en algunos casos su completa eliminaci\u00f3n en modelos precl\u00ednicos, lo que indica que esta nueva terapia con genes suicidas podr\u00eda ser potencialmente curativa.<\/p>\n<p>En palabras del director de la investigaci\u00f3n, Javier Alonso, en los \u00faltimos 20 a\u00f1os \u201cno ha habido ning\u00fan avance significativo en los tratamientos para este c\u00e1ncer infantil devastador. Es, por tanto, absolutamente imprescindible explorar nuevas v\u00edas de tratamiento que sean diferentes a los tratamientos convencionales, que sabemos ya han llegado al m\u00e1ximo que pueden dar\u201d.<\/p>\n<p>La nueva terapia ha demostrado ser muy espec\u00edfica y muy eficaz en los estudios precl\u00ednicos, \u201cpor lo que creemos que esta terapia podr\u00eda probarse en un primer\u00a0<strong>ensayo cl\u00ednico en pacientes<\/strong>\u00a0en un plazo relativamente corto de tiempo, si disponemos de la financiaci\u00f3n adecuada\u201d, concluye Alonso.<\/p>\n<p><strong>Referencia<\/strong>:<\/p>\n<p>Cervera ST, Alonso J. Suicide gene therapy targeting ewing sarcoma via an ewing-specific GGAA promoter.\u00a0<a href=\"https:\/\/www.nature.com\/articles\/s41598-025-14945-6\" rel=\"nofollow noopener\" target=\"_blank\">Scientific Reports<\/a>\u00a0(2025).<\/p>\n<p>Fuente:\u00a0<strong>ISCIII<\/strong><\/p>\n","protected":false},"excerpt":{"rendered":"El sarcoma de Ewing es un tipo de c\u00e1ncer infantil que\u00a0afecta a los huesos y los tejidos blandos\u00a0y&hellip;\n","protected":false},"author":2,"featured_media":135996,"comment_status":"","ping_status":"","sticky":false,"template":"","format":"standard","meta":{"footnotes":""},"categories":[92],"tags":[25,24,165,166,43044,23,43045],"class_list":{"0":"post-135995","1":"post","2":"type-post","3":"status-publish","4":"format-standard","5":"has-post-thumbnail","7":"category-salud","8":"tag-es","9":"tag-espana","10":"tag-health","11":"tag-salud","12":"tag-sarcoma-de-ewing","13":"tag-spain","14":"tag-terapia-genica"},"share_on_mastodon":{"url":"","error":""},"_links":{"self":[{"href":"https:\/\/www.europesays.com\/es\/wp-json\/wp\/v2\/posts\/135995","targetHints":{"allow":["GET"]}}],"collection":[{"href":"https:\/\/www.europesays.com\/es\/wp-json\/wp\/v2\/posts"}],"about":[{"href":"https:\/\/www.europesays.com\/es\/wp-json\/wp\/v2\/types\/post"}],"author":[{"embeddable":true,"href":"https:\/\/www.europesays.com\/es\/wp-json\/wp\/v2\/users\/2"}],"replies":[{"embeddable":true,"href":"https:\/\/www.europesays.com\/es\/wp-json\/wp\/v2\/comments?post=135995"}],"version-history":[{"count":0,"href":"https:\/\/www.europesays.com\/es\/wp-json\/wp\/v2\/posts\/135995\/revisions"}],"wp:featuredmedia":[{"embeddable":true,"href":"https:\/\/www.europesays.com\/es\/wp-json\/wp\/v2\/media\/135996"}],"wp:attachment":[{"href":"https:\/\/www.europesays.com\/es\/wp-json\/wp\/v2\/media?parent=135995"}],"wp:term":[{"taxonomy":"category","embeddable":true,"href":"https:\/\/www.europesays.com\/es\/wp-json\/wp\/v2\/categories?post=135995"},{"taxonomy":"post_tag","embeddable":true,"href":"https:\/\/www.europesays.com\/es\/wp-json\/wp\/v2\/tags?post=135995"}],"curies":[{"name":"wp","href":"https:\/\/api.w.org\/{rel}","templated":true}]}}