{"id":136021,"date":"2025-09-24T16:03:13","date_gmt":"2025-09-24T16:03:13","guid":{"rendered":"https:\/\/www.europesays.com\/es\/136021\/"},"modified":"2025-09-24T16:03:13","modified_gmt":"2025-09-24T16:03:13","slug":"violet-affleck-hija-de-ben-affleck-y-jennifer-garner-habla-en-la-onu-sobre-los-impactos-de-la-covid-estan-ignorando-la-amenaza-del-virus-prolongado-gente","status":"publish","type":"post","link":"https:\/\/www.europesays.com\/es\/136021\/","title":{"rendered":"Violet Affleck, hija de Ben Affleck y Jennifer Garner, habla en la ONU sobre los impactos de la covid: \u201cEst\u00e1n ignorando la amenaza del virus prolongado\u201d | Gente"},"content":{"rendered":"<p class=\"\">Desde hace unos a\u00f1os, a Violet Affleck, la primog\u00e9nita de la expareja de actores <a href=\"https:\/\/elpais.com\/gente\/2025-07-03\/el-divorcio-de-jennifer-lopez-y-ben-affleck-sigue-con-sus-ultimos-coletazos-retiran-del-mercado-una-mansion-imposible-de-vender.html\" target=\"_blank\" rel=\"nofollow noopener\" title=\"https:\/\/elpais.com\/gente\/2025-07-03\/el-divorcio-de-jennifer-lopez-y-ben-affleck-sigue-con-sus-ultimos-coletazos-retiran-del-mercado-una-mansion-imposible-de-vender.html\">Ben Affleck<\/a> y <a href=\"https:\/\/elpais.com\/gente\/2021-03-25\/jennifer-garner-la-novia-de-america-que-reivindica-su-solteria.html\" target=\"_blank\" rel=\"nofollow noopener\" title=\"https:\/\/elpais.com\/gente\/2021-03-25\/jennifer-garner-la-novia-de-america-que-reivindica-su-solteria.html\">Jennifer Garner<\/a>, se le ve usando una mascarilla por las calles. Ahora la joven, de 19 a\u00f1os, ha hecho un discurso apasionante a favor del aire limpio y del uso de las mascarillas para prevenir la transmisi\u00f3n persistente de la <a href=\"https:\/\/elpais.com\/espana\/catalunya\/2025-09-22\/cataluna-arranca-este-lunes-la-vacunacion-contra-la-gripe-con-el-animo-de-aumentar-la-baja-cobertura-del-curso-pasado.html\" target=\"_blank\" rel=\"nofollow noopener\" title=\"https:\/\/elpais.com\/espana\/catalunya\/2025-09-22\/cataluna-arranca-este-lunes-la-vacunacion-contra-la-gripe-con-el-animo-de-aumentar-la-baja-cobertura-del-curso-pasado.html\">covid<\/a>, enfermedad que ella padeci\u00f3. \u201cLos l\u00edderes mundiales nos repiten constantemente que somos el futuro, pero cuando se trata de la pandemia en curso, nos est\u00e1n arrebatando el presente delante de nuestros propios ojos\u201d, comenz\u00f3 este martes su intervenci\u00f3n en la <a href=\"https:\/\/elpais.com\/internacional\/2025-09-23\/trump-arremete-contra-la-onu-en-un-discurso-destinado-a-dinamitar-las-instituciones-globales.html\" target=\"_blank\" rel=\"nofollow noopener\" title=\"https:\/\/elpais.com\/internacional\/2025-09-23\/trump-arremete-contra-la-onu-en-un-discurso-destinado-a-dinamitar-las-instituciones-globales.html\">ONU<\/a>, mientras luc\u00eda una mascarilla KN95 sobre su rostro. Ella fue una de las ponentes en el evento titulado Healthy Indoor Air: A Global Call to Action (Aire interior saludable: un llamado global a la acci\u00f3n, en espa\u00f1ol).<\/p>\n<p class=\"\">Affleck critic\u00f3 tambi\u00e9n a los adultos por querer \u201cvolver a la normalidad a un ritmo acelerado, ignorando, minimizando y ocultando tanto la prevalencia de la transmisi\u00f3n a\u00e9rea como la amenaza de <a href=\"https:\/\/elpais.com\/expres\/2024-12-13\/que-se-sabe-sobre-la-covid-persistente-cinco-anos-despues-de-los-primeros-casos.html\" target=\"_blank\" rel=\"nofollow noopener\" title=\"https:\/\/elpais.com\/expres\/2024-12-13\/que-se-sabe-sobre-la-covid-persistente-cinco-anos-despues-de-los-primeros-casos.html\">la covid persistente<\/a>\u201d.<\/p>\n<p>M\u00e1s informaci\u00f3n<\/p>\n<p class=\"\">En su discurso abog\u00f3 por los j\u00f3venes y manifest\u00f3 que a estos les falta \u201cinformaci\u00f3n verdadera para poder decidir sobre lo que los dem\u00e1s est\u00e1n decidiendo por ellos\u201d. Y dio detalles sobre el virus que causa la covid: \u201cEsto es lo que sabemos sobre el SARS-CoV-2: es un virus a\u00e9reo, que flota y permanece en el aire; una sola infecci\u00f3n puede causar da\u00f1os incapacitantes en casi todas las c\u00e9lulas del cuerpo, desde el cerebro y el coraz\u00f3n hasta los nervios y los vasos sangu\u00edneos\u201d. Hizo hincapi\u00e9 en que \u201ccada infecci\u00f3n posterior aumenta el riesgo de secuelas a largo plazo y pone en mayor peligro a las personas que ya la padecen\u201d.<\/p>\n<p><img decoding=\"auto\" class=\"_re lazyload a_m-h\" height=\"399\"  width=\"414\"  src=\"https:\/\/www.europesays.com\/es\/wp-content\/uploads\/2025\/09\/LBEX5O4UZZGRZCNOOESTSUOARU.jpg\" loading=\"lazy\"\/>Violet Affleck y Jennifer Garner, el 18 de mayo de 2024 en Los \u00c1ngeles. Bellocqimages\/Bauer-Griffin (GC Images)<\/p>\n<p class=\"\">Desde 2019 se la ha visto usar mascarilla para hacer actividades cotidianas, ir de viaje o para asistir a eventos de sus famosos padres. Aunque parece ser la \u00fanica en la familia que la usa. El a\u00f1o pasado, la joven activista fue fotografiada utilizando un su\u00e9ter negro adornado con una sand\u00eda, el s\u00edmbolo de apoyo a Palestina, y con su mascarilla KN95. <\/p>\n<p class=\"\">Despu\u00e9s cit\u00f3 a la doctora Akiko Iwasaki, la coinvestigadora principal de la recuperaci\u00f3n del virus de la Universidad de Yale \u2014donde Affleck est\u00e1 cursando su primer a\u00f1o de carrera\u2014: \u201cEn solo cinco a\u00f1os, el coronavirus prolongado ha superado al asma como enfermedad cr\u00f3nica m\u00e1s com\u00fan en ni\u00f1os de cinco a\u00f1os o menos\u201d, detall\u00f3. Y sigui\u00f3 expresando su temor por la propagaci\u00f3n del virus en las escuelas. \u201cEstoy aterrorizada por lo ni\u00f1os que no conocer\u00e1n un mundo sin ese dolor y agotamiento que te incapacita y que no puedan confiar en sus cuerpos para jugar, explorar e imaginar\u201d, agreg\u00f3 diciendo que estaba \u201cfuriosa en nombre de todos los ni\u00f1os\u201d, sobre el s\u00edndrome posviral.<\/p>\n<p><img decoding=\"auto\" class=\"_re lazyload a_m-v\" height=\"621\"  width=\"414\"  src=\"https:\/\/www.europesays.com\/es\/wp-content\/uploads\/2025\/09\/IMJH6BYTAZC5ZC6VE7IU5PSBSY.jpg\" loading=\"lazy\"\/>Violet Affleck, Ben Affleck y Jennifer Lopez saliendo de un hotel en Par\u00eds, el 23 de julio de 2022.Pierre Suu (GC Images)<\/p>\n<p class=\"\">Affleck termin\u00f3 su discurso en la ONU exigiendo que se aproveche \u201cla tecnolog\u00eda para prevenir enfermedades transmitidas por el aire\u201d y continu\u00f3 advirtiendo de que \u201cdentro de cinco a\u00f1os podr\u00eda haber una reinfecci\u00f3n sin control, si no se act\u00faa al respecto\u201d, a\u00f1adi\u00f3 antes de hablar sobre otra lucha de salud p\u00fablica: la prohibici\u00f3n de fumar en espacios p\u00fablicos. Y finaliz\u00f3 con entusiasmo: \u201cMi esperanza en esta comunidad se apoya en la creencia de que podemos y debemos hacerlo de nuevo. Podemos reconocer el aire filtrado como un derecho humano, de manera tan intuitiva como reconocemos el agua filtrada\u201d.<\/p>\n<p><img decoding=\"auto\" class=\"_re lazyload a_m-h\" height=\"276\"  width=\"414\"  src=\"https:\/\/www.europesays.com\/es\/wp-content\/uploads\/2025\/09\/HOF5HJQDB5GJTDRZSAHWNOXKYQ.jpg\" loading=\"lazy\"\/>Ben Affleck y sus hijos Violet Anne, Seraphina Rose Elizabeth y Samuel, de regreso de sus vacaciones en Estambul, Turqu\u00eda, el 9 de agosto de 2023.<br \/>\ndia images (dia images via Getty Images)<\/p>\n<p class=\"\">Fue en 2019 cuando la mayor de la familia Affleck Garner fue diagnosticada con la <a href=\"https:\/\/elpais.com\/sociedad\/2025-07-04\/la-covid-persistente-y-la-celiaquia-son-reconocidas-como-enfermedades-cronicas.html\" target=\"_blank\" rel=\"nofollow noopener\" title=\"https:\/\/elpais.com\/sociedad\/2025-07-04\/la-covid-persistente-y-la-celiaquia-son-reconocidas-como-enfermedades-cronicas.html\">covid persistente<\/a>. A pesar de que super\u00f3 esta condici\u00f3n, ha participado activamente en la concienciaci\u00f3n de la enfermedad. Ese mismo a\u00f1o, particip\u00f3 en una reuni\u00f3n de la Junta de Supervisores del Condado de Los \u00c1ngeles, durante una discusi\u00f3n sobre las medidas de precauci\u00f3n frente a la covid. Ah\u00ed coment\u00f3 que ella vivi\u00f3 \u201cde primera mano que la medicina no siempre tiene respuestas a las consecuencias, incluso de virus menores\u201d y que \u201cla pandemia ha puesto eso en un relieve a\u00fan m\u00e1s evidente\u201d. La concienciaci\u00f3n de esta enfermedad se ha convertido en la lucha personal de la joven activista, y por ello en 2024 tambi\u00e9n particip\u00f3 en otra reuni\u00f3n de la Junta de Supervisores del Condado de Los \u00c1ngeles para defender la disponibilidad de las mascarillas y pruebas gratuitas de alta calidad para detectar el virus, y manifestar su oposici\u00f3n a las prohibiciones de su uso.<\/p>\n","protected":false},"excerpt":{"rendered":"Desde hace unos a\u00f1os, a Violet Affleck, la primog\u00e9nita de la expareja de actores Ben Affleck y Jennifer&hellip;\n","protected":false},"author":2,"featured_media":136022,"comment_status":"","ping_status":"","sticky":false,"template":"","format":"standard","meta":{"footnotes":""},"categories":[174],"tags":[1014,1015,3710,255,9786,146,147,25,24,256,260,21961,732,5695,23,9554],"class_list":{"0":"post-136021","1":"post","2":"type-post","3":"status-publish","4":"format-standard","5":"has-post-thumbnail","7":"category-famosos","8":"tag-actores","9":"tag-actrices","10":"tag-ben-affleck","11":"tag-celebrities","12":"tag-coronavirus-covid-19","13":"tag-entertainment","14":"tag-entretenimiento","15":"tag-es","16":"tag-espana","17":"tag-famosos","18":"tag-gente","19":"tag-jennifer-garner","20":"tag-onu","21":"tag-pandemia","22":"tag-spain","23":"tag-virologia"},"share_on_mastodon":{"url":"","error":""},"_links":{"self":[{"href":"https:\/\/www.europesays.com\/es\/wp-json\/wp\/v2\/posts\/136021","targetHints":{"allow":["GET"]}}],"collection":[{"href":"https:\/\/www.europesays.com\/es\/wp-json\/wp\/v2\/posts"}],"about":[{"href":"https:\/\/www.europesays.com\/es\/wp-json\/wp\/v2\/types\/post"}],"author":[{"embeddable":true,"href":"https:\/\/www.europesays.com\/es\/wp-json\/wp\/v2\/users\/2"}],"replies":[{"embeddable":true,"href":"https:\/\/www.europesays.com\/es\/wp-json\/wp\/v2\/comments?post=136021"}],"version-history":[{"count":0,"href":"https:\/\/www.europesays.com\/es\/wp-json\/wp\/v2\/posts\/136021\/revisions"}],"wp:featuredmedia":[{"embeddable":true,"href":"https:\/\/www.europesays.com\/es\/wp-json\/wp\/v2\/media\/136022"}],"wp:attachment":[{"href":"https:\/\/www.europesays.com\/es\/wp-json\/wp\/v2\/media?parent=136021"}],"wp:term":[{"taxonomy":"category","embeddable":true,"href":"https:\/\/www.europesays.com\/es\/wp-json\/wp\/v2\/categories?post=136021"},{"taxonomy":"post_tag","embeddable":true,"href":"https:\/\/www.europesays.com\/es\/wp-json\/wp\/v2\/tags?post=136021"}],"curies":[{"name":"wp","href":"https:\/\/api.w.org\/{rel}","templated":true}]}}