{"id":136025,"date":"2025-09-24T16:05:25","date_gmt":"2025-09-24T16:05:25","guid":{"rendered":"https:\/\/www.europesays.com\/es\/136025\/"},"modified":"2025-09-24T16:05:25","modified_gmt":"2025-09-24T16:05:25","slug":"elena-murillo-tiempo-de-libros","status":"publish","type":"post","link":"https:\/\/www.europesays.com\/es\/136025\/","title":{"rendered":"Elena Murillo | Tiempo de libros"},"content":{"rendered":"<p class=\"paragraph\">La llegada del oto\u00f1o es \u00e9poca propicia para la lectura. Mientras las hojas de los \u00e1rboles empiezan a caer, las novedades editoriales toman posiciones en las librer\u00edas. Autores de prestigio y g\u00e9neros de lo m\u00e1s diverso se dan la mano simulando el inicio de curso tan celebrado por los colegiales. En los quioscos no dejan de anunciarse colecciones que, fasc\u00edculo a fasc\u00edculo o tomo a tomo, se ir\u00e1n completando siempre y cuando el lector no termine abandonando en lo que supondr\u00e1 un intento fallido; a veces, fruto del tedio que proporciona la dilataci\u00f3n en el tiempo, y en otras ocasiones, porque la propia editorial termina perdiendo el inter\u00e9s en la finalizaci\u00f3n de la misma.<\/p>\n<p class=\"paragraph\">Septiembre es el mes de la renovaci\u00f3n. Es el momento de afrontar nuevos retos. La vuelta a la rutina ayuda a recogerse junto a un libro, a dejarse impregnar por su caracter\u00edstico olor, el del papel nuevo, lejos de la frialdad del libro electr\u00f3nico. Nunca est\u00e1 de m\u00e1s buscar, elegir y disfrutar un texto. Una obra literaria te permite emocionarte, re\u00edr y llorar, pensar y recordar, relajarte. Porque precisamente eso ocurre al leer: se r\u00ede, se llora, se siente el abrazo imaginario, se emprenden viajes a destinos desconocidos. Un libro te marca y te transforma; te ofrece un mundo por descubrir, cargado de historias maravillosas, en el af\u00e1n por encontrar esas ilusiones in\u00e9ditas.<\/p>\n<p class=\"paragraph\">Se van conociendo los lanzamientos de obras de autores destacados tan dispares como Dan Brown y Ken Follet o Arturo P\u00e9rez Reverte. Ya han comenzado a programarse eventos que acoger\u00e1n las presentaciones paulatinas de los libros. Lejos de la literatura de masas, en el plano de la proximidad, surgen tambi\u00e9n propuestas atrayentes. De hecho, hace escasamente una semana ten\u00eda la oportunidad de asistir a una de estas citadas presentaciones que llevan la distinci\u00f3n de contarse entre las primeras de la temporada. Y he de decir que me result\u00f3 tan sorprendente como interesante. Bajo el t\u00edtulo de Caelum (cielo), el autor presentaba una novela basada en un estudio profundo sobre la escatolog\u00eda, el contenido de la esperanza cristiana.<\/p>\n<p class=\"paragraph\">Convencida de los innumerables beneficios que aporta un libro, siempre resulta recomendable vivir el placer de la lectura y compartirlo.<\/p>\n","protected":false},"excerpt":{"rendered":"La llegada del oto\u00f1o es \u00e9poca propicia para la lectura. Mientras las hojas de los \u00e1rboles empiezan a&hellip;\n","protected":false},"author":2,"featured_media":117884,"comment_status":"","ping_status":"","sticky":false,"template":"","format":"standard","meta":{"footnotes":""},"categories":[172],"tags":[224,146,147,25,24,225,23],"class_list":{"0":"post-136025","1":"post","2":"type-post","3":"status-publish","4":"format-standard","5":"has-post-thumbnail","7":"category-libros","8":"tag-books","9":"tag-entertainment","10":"tag-entretenimiento","11":"tag-es","12":"tag-espana","13":"tag-libros","14":"tag-spain"},"share_on_mastodon":{"url":"","error":""},"_links":{"self":[{"href":"https:\/\/www.europesays.com\/es\/wp-json\/wp\/v2\/posts\/136025","targetHints":{"allow":["GET"]}}],"collection":[{"href":"https:\/\/www.europesays.com\/es\/wp-json\/wp\/v2\/posts"}],"about":[{"href":"https:\/\/www.europesays.com\/es\/wp-json\/wp\/v2\/types\/post"}],"author":[{"embeddable":true,"href":"https:\/\/www.europesays.com\/es\/wp-json\/wp\/v2\/users\/2"}],"replies":[{"embeddable":true,"href":"https:\/\/www.europesays.com\/es\/wp-json\/wp\/v2\/comments?post=136025"}],"version-history":[{"count":0,"href":"https:\/\/www.europesays.com\/es\/wp-json\/wp\/v2\/posts\/136025\/revisions"}],"wp:featuredmedia":[{"embeddable":true,"href":"https:\/\/www.europesays.com\/es\/wp-json\/wp\/v2\/media\/117884"}],"wp:attachment":[{"href":"https:\/\/www.europesays.com\/es\/wp-json\/wp\/v2\/media?parent=136025"}],"wp:term":[{"taxonomy":"category","embeddable":true,"href":"https:\/\/www.europesays.com\/es\/wp-json\/wp\/v2\/categories?post=136025"},{"taxonomy":"post_tag","embeddable":true,"href":"https:\/\/www.europesays.com\/es\/wp-json\/wp\/v2\/tags?post=136025"}],"curies":[{"name":"wp","href":"https:\/\/api.w.org\/{rel}","templated":true}]}}