{"id":136058,"date":"2025-09-24T16:24:09","date_gmt":"2025-09-24T16:24:09","guid":{"rendered":"https:\/\/www.europesays.com\/es\/136058\/"},"modified":"2025-09-24T16:24:09","modified_gmt":"2025-09-24T16:24:09","slug":"la-aficion-del-casademont-zaragoza-cree-en-la-remontada-ante-el-brno-si-se-puede","status":"publish","type":"post","link":"https:\/\/www.europesays.com\/es\/136058\/","title":{"rendered":"La afici\u00f3n del Casademont Zaragoza cree en la remontada ante el Brno: s\u00ed, se puede"},"content":{"rendered":"<p class=\"paragraph\">S\u00ed, se puede. Este ser\u00eda el titular que deja la encuesta que abri\u00f3 Heraldo.es, sobre las posibilidades del Casademont Zaragoza de <a href=\"https:\/\/www.heraldo.es\/noticias\/deportes\/baloncesto\/2025\/09\/24\/el-casademont-zaragoza-busca-ante-el-zabiny-brno-una-remontada-para-la-historia-1856238.html\" title=\"El Casademont Zaragoza busca ante el Zabiny Brno una remontada para la historia\" rel=\"nofollow noopener\" target=\"_blank\">darle la vuelta a la eliminatoria contra el Zabiny Brno<\/a>. <b>La afici\u00f3n conf\u00eda en el equipo<\/b>, a pesar de la tremenda dificultad que supone tener que remontar los 21 puntos de desventaja que se trajeron de la Rep\u00fablica Checa.<\/p>\n<p class=\"paragraph\">La misi\u00f3n es complicada. El equipo se juega su futuro m\u00e1s inmediato en la Euroliga. Si quiere estar por tercer a\u00f1o consecutivo en la fase de grupos de la m\u00e1xima competici\u00f3n continental, <b>tiene que ganar por 22 puntos o m\u00e1s al Zabiny Brno en el pabell\u00f3n Pr\u00edncipe Felipe (20.00\/Arag\u00f3n TV)<\/b>. De lo contrario, se despedir\u00e1 del torneo -cuya Final 6 se jugar\u00e1 de nuevo en Zaragoza- de manera inesperada en la fase previa y caer\u00e1 a la Eurocup.<\/p>\n<p class=\"paragraph\">Un reto muy complicado, pero no imposible. As\u00ed lo cree la afici\u00f3n del Casademont, que ve capaces a las jugadoras de Cantero de darle la vuelta al resultado. <b>Tres de cada cuatro personas que han votado en la encuesta consideran que el Casademont ser\u00e1 capaz de remontar<\/b>. Concretamente, el 76,9% de los aficionados han dado el \u2018s\u00ed\u2019 a la posibilidad de remontada, mientras que el 23,1% consideran que el \u2018milagro\u2019 no ser\u00e1 posible.<\/p>\n<p class=\"paragraph\">Pese a la debacle de la ida, el conjunto aragon\u00e9s atesora en su poder importantes argumentos para creer que -como m\u00ednimo- puede atemorizar a las checas. Por ejemplo, los \u00faltimos 20 minutos del partido de ida, donde el Casademont se rehizo ligeramente de la ruina del comienzo y consigui\u00f3 llevarse el tercer y el cuarto parcial. En un d\u00eda donde a las aragonesas no les sal\u00eda nada y a su rival todo, las de Cantero se impusieron 16-22 y 14-19 en los dos \u00faltimos parciales. Replicando ese rendimiento hoy (11 puntos de ventaja en total), ya tendr\u00eda el 50% del trabajo en el bolsillo.<\/p>\n","protected":false},"excerpt":{"rendered":"S\u00ed, se puede. Este ser\u00eda el titular que deja la encuesta que abri\u00f3 Heraldo.es, sobre las posibilidades del&hellip;\n","protected":false},"author":2,"featured_media":136059,"comment_status":"","ping_status":"","sticky":false,"template":"","format":"standard","meta":{"footnotes":""},"categories":[269],"tags":[3437,299,298,40512,2511,168,25,24,333,23,167,491],"class_list":{"0":"post-136058","1":"post","2":"type-post","3":"status-publish","4":"format-standard","5":"has-post-thumbnail","7":"category-baloncesto","8":"tag-aficion","9":"tag-baloncesto","10":"tag-basketball","11":"tag-brno","12":"tag-casademont","13":"tag-deportes","14":"tag-es","15":"tag-espana","16":"tag-remontada","17":"tag-spain","18":"tag-sports","19":"tag-zaragoza"},"share_on_mastodon":{"url":"","error":""},"_links":{"self":[{"href":"https:\/\/www.europesays.com\/es\/wp-json\/wp\/v2\/posts\/136058","targetHints":{"allow":["GET"]}}],"collection":[{"href":"https:\/\/www.europesays.com\/es\/wp-json\/wp\/v2\/posts"}],"about":[{"href":"https:\/\/www.europesays.com\/es\/wp-json\/wp\/v2\/types\/post"}],"author":[{"embeddable":true,"href":"https:\/\/www.europesays.com\/es\/wp-json\/wp\/v2\/users\/2"}],"replies":[{"embeddable":true,"href":"https:\/\/www.europesays.com\/es\/wp-json\/wp\/v2\/comments?post=136058"}],"version-history":[{"count":0,"href":"https:\/\/www.europesays.com\/es\/wp-json\/wp\/v2\/posts\/136058\/revisions"}],"wp:featuredmedia":[{"embeddable":true,"href":"https:\/\/www.europesays.com\/es\/wp-json\/wp\/v2\/media\/136059"}],"wp:attachment":[{"href":"https:\/\/www.europesays.com\/es\/wp-json\/wp\/v2\/media?parent=136058"}],"wp:term":[{"taxonomy":"category","embeddable":true,"href":"https:\/\/www.europesays.com\/es\/wp-json\/wp\/v2\/categories?post=136058"},{"taxonomy":"post_tag","embeddable":true,"href":"https:\/\/www.europesays.com\/es\/wp-json\/wp\/v2\/tags?post=136058"}],"curies":[{"name":"wp","href":"https:\/\/api.w.org\/{rel}","templated":true}]}}