{"id":136060,"date":"2025-09-24T16:25:04","date_gmt":"2025-09-24T16:25:04","guid":{"rendered":"https:\/\/www.europesays.com\/es\/136060\/"},"modified":"2025-09-24T16:25:04","modified_gmt":"2025-09-24T16:25:04","slug":"hable-con-el-presi-en-enero-pero-no-se-dio","status":"publish","type":"post","link":"https:\/\/www.europesays.com\/es\/136060\/","title":{"rendered":"\u00abHabl\u00e9 con el presi en enero, pero no se dio\u00bb"},"content":{"rendered":"<p class=\"voc-p\" style=\"\">De los cuatro excadistas que est\u00e1n en el Ceuta hay uno m\u00e1s cadista que nadie por sus siete a\u00f1os vestidos de amarillo. <strong>A Bodiger, Manu Vallejo y Matos se uni\u00f3<\/strong> una vez terminado el mercado de invierno Salvi S\u00e1nchez, que se encontraba sin equipo tras rescindir con el Espanyol a principios de a\u00f1o. Ser\u00e1, la de este domingo, la segunda vez que visite Carranza con otro escudo -antes lo hizo con el Rayo en Primera-. \u00abNo llegu\u00e9 a jugar porque sal\u00eda de lesi\u00f3n\u00bb, recuerda el sanluque\u00f1o de 34 a\u00f1os en Deportes Cope C\u00e1diz.<\/p>\n<p class=\"voc-p\" style=\"\">Donde s\u00ed ya est\u00e1 jugando es en su nuevo equipo, la AD Ceuta. Y se muestra &#8216;encantao&#8217;. \u00abEstoy ya jugando, con nuevas sensaciones\u00bb, dice un jugador que lleva sin equipo desde el pasado mes de enero tras rescindir con el Espanyol. Mucho ha pasado de un tiempo a otro, un mundo en el contexto de un futbolista. Para explicar su fichaje por el Ceuta tambi\u00e9n hace una parada por su antiguo club. <strong>\u00abDecidimos esperar al mercado de verano<\/strong> y en cuanto se gener\u00f3 la oportunidad esta de venir aqu\u00ed a Ceuta no lo pensamos dos veces. La verdad es que estoy muy contento. La familia s\u00faper contenta, s\u00faper feliz. Estamos cerca de casa\u00bb, dice antes de resaltar las virtudes de la ciudad aut\u00f3noma. \u00abLa verdad es que la ciudad  es muy parecida a C\u00e1diz, a C\u00e1diz capital. La gente es muy cercana, muy servicial. La ciudad peque\u00f1ita, acogedora\u00bb, define. \u00bfY el club, el estadio? \u00abEl estadio  aprieta; es peque\u00f1ito, pero aprieta. Son 5.000 personas, pero aprietan bien. Y lo importante es que el club est\u00e1 con much\u00edsimas ganas de crecer\u00bb, asegura.<\/p>\n<p class=\"voc-p\" style=\"\">Inactivo desde enero, Salvi dice haberse cuidado desde entonces en un gimnasio de primer nivel en Sanl\u00facar. \u00abHe estado todas las ma\u00f1anas entrenando en un centro deportivo cualificado y con todo tipo de m\u00e1quinas\u00bb, asegura aunque matizando que \u00abs\u00ed es verdad que lo que no tienes es el ritmo de partido\u00bb. <\/p>\n<p class=\"voc-p\" style=\"\">En ese sentido, ya ha empezado a cogerlo despu\u00e9s de jugar unos minutos el pasado fin de semana en la victoria del Ceuta ante el Zaragoza. \u00abLlevo aqu\u00ed dos semanas y la verdad es que muy contento, muy feliz. Cada vez me encuentro much\u00edsimo mejor. Las formas de jugar, las formas de apretar y las ganas de crecer que tiene este club y este entrenador, pues me vienen de anillo en el dedo; <strong>estoy en un equipo muy valiente\u00bb.<\/strong><\/p>\n<p class=\"voc-p\" style=\"\">Salvi analiza su equipo de la siguiente manera. \u00abHay muchos jugadores que conocen la categor\u00eda; otros un poco menos, pero que <strong>se ir\u00e1n soltando a medida que vayan pasando jornadas <\/strong>e ir\u00e1n perdi\u00e9ndole ese peque\u00f1o miedo. Hay una muy buena plantilla, con muy buenos compa\u00f1eros. El nivel ir\u00e1 subiendo seguro a lo largo del a\u00f1o. Y bueno, feliz de estar aqu\u00ed y aportar mi granito de arena\u00bb, dice orgulloso el nuevo jugador caballa. Y para este domingo planea pelea. \u00abAhora vamos a C\u00e1diz a hacerlo lo mejor posible y que ellos  no tengan el d\u00eda\u00bb, desea.<\/p>\n<p>\nAmago de regresar\n<\/p>\n<p class=\"voc-p\" style=\"\">Llega a un estadio donde \u00e9l lo ha sido todo tras llegar procedente del Villanovense en Segunda B y dejar de vestir la amarilla en Primera Divisi\u00f3n. \u00abYo siempre digo que C\u00e1diz ser\u00e1 mi casa y si al C\u00e1diz le hace falta cualquier cosa, siempre estoy disponible para hablar con ellos, para cualquier cosa: ya me pas\u00f3 cuando rescind\u00ed en Barcelona, que me sent\u00e9 con el presi\u00bb, desvela el extremo de una conversaci\u00f3n que tuvo con Vizca\u00edno en el \u00faltimo mercado de invierno. \u00abPero bueno, hay \u00e9pocas de que no est\u00e1 para ti. Y bueno, respetar todo\u00bb, cuenta de que al final no se lleg\u00f3 a acordar su regreso a Carranza, donde ha sido \u00abuna de las personas m\u00e1s felices por llevar al club desde el fango a la gloria y dejarlo en ella\u00bb.<\/p>\n<p class=\"voc-p\" style=\"\">Con Vizca\u00edno <strong>habl\u00f3 en enero, pero no en este verano<\/strong>. Precisamente, mucho se habl\u00f3 de su marcha del C\u00e1diz CF por la puerta de atr\u00e1s, algo que ha dejado en el olvido y que el propio Salvi le resta importancia. Gajes del oficio que se llama porque \u00abal fin y al cabo, el mundo del f\u00fatbol es as\u00ed\u00bb. <\/p>\n<p class=\"voc-p\" style=\"\">Su marcha la cuenta as\u00ed. \u00abCuando acab\u00e9 el contrato no ten\u00eda una oferta de renovaci\u00f3n apropiada en el C\u00e1diz CF y s\u00ed que la tuve de Madrid para irme al Rayo. Ya est\u00e1, y no pasa nada. Todo es respetable\u00bb, recuerda Salvi, que jug\u00f3 su \u00faltimo encuentro de amarillo ante el Real Madrid una semana antes de conseguir la permanencia en Vitoria y ser manteado por sus compa\u00f1eros en pleno j\u00fabilo cadista.<\/p>\n<p class=\"voc-p\" style=\"\">Lo que ni el olvido ni nada puede evitar es que desde el club no se le hizo una despedida a su altura despu\u00e9s de tantos a\u00f1os en el equipo. En la misma l\u00ednea, <strong>Salvi le quita hierro<\/strong>. \u00abHubo un malentendido entre muchas personas y creo que \u00e9l (Vizca\u00edno) opt\u00f3 por una rama y mi representante opt\u00f3 por la otra y ya est\u00e1. Mi representante est\u00e1 para pelear por m\u00ed y \u00e9l est\u00e1 por pelear por el C\u00e1diz CF. Pasa en much\u00edsimos equipos\u00bb, resume sin mayor importancia aunque \u00abs\u00ed es verdad\u00bb que le hubiera gustado despedirse \u00abde otra manera y no tan malamente\u00bb. De todas formas, \u00e9l se queda con lo que se queda. \u00abMira, yo siempre he dicho a la gente de confianza que he tenido en mi vida que me desped\u00ed del C\u00e1diz CF dej\u00e1ndolo en Primera Divisi\u00f3n\u00bb, suelta con orgullo.<\/p>\n<p>\nCervera, un antes y un despu\u00e9s\n<\/p>\n<p class=\"voc-p\" style=\"\">Sobra decir que a Salvi se le recordar\u00e1 como el cadista que ha sido y como un jugador que conquist\u00f3 la elite gracia a un entrenador, \u00c1lvaro Cervera, del que no puede decir m\u00e1s que aspectos positivos para su carrera. \u00abHa sido el entrenador que m\u00e1s me ha marcado con mucha diferencia, con mucha diferencia\u00bb, repite. \u00abPara m\u00ed hay un antes y un despu\u00e9s en mi carrera deportiva, y si soy sincero, el 80, 90% se lo debo a \u00e9l. Creo que supo exigirme de tal manera que supo ver c\u00f3mo explotar de la mejor manera mi condiciones\u00bb, atestigua.<\/p>\n<p class=\"voc-p\" style=\"\">Y sigue. Porque Cervera era Cervera \u00abhasta entrenando\u00bb, insiste. \u00abCervera era tan exigente que, por ejemplo, al que no corr\u00eda los par\u00e1metros que \u00e9l quer\u00eda entrenando, no jugaba, \u00a1es que no jugaba! Es que a muchos los crucific\u00f3 porque no corr\u00edan lo que ten\u00edan que correr, pero es que despu\u00e9s te dabas cuenta que en el partido el que entrenaba a &#8216;full&#8217; como \u00e9l quer\u00eda, en el partido iba volando\u00bb, comenta con honor. Tanto marc\u00f3 el hoy entrenador del CD Tenerife que a\u00f1os despu\u00e9s los compa\u00f1eros lo siguen hablando cuando tienen la ocasi\u00f3n. \u00abNosotros entr\u00e1bamos a los campos de Primera y Segunda y nos dec\u00edan de todo, que \u00e9ramos muy malos, que nos d\u00e1bamos dos pases, que no s\u00e9 cu\u00e1nto, que no s\u00e9 qu\u00e9, y cuando se daban cuenta \u00edbamos ganando 0-2, 0-3 o 0-4; como se &#8216;encantillaba&#8217; el d\u00eda igual les met\u00edamos cinco\u00bb, apostilla. \u00abT\u00fa sab\u00edas matem\u00e1ticamente que si \u00e9l te dec\u00eda una cosa es que se iba a cumplir. Y era muy dif\u00edcil pararnos porque cuando t\u00fa tienes un banda r\u00e1pido en el equipo te intentan tapar, pero cuando tienes a dos bandas r\u00e1pidos y lo tienes bien trabajado, es mucho m\u00e1s dif\u00edcil que te tapen\u00bb, recuerda del t\u00e1ndem que hizo con Alvarito Garc\u00eda.<\/p>\n<p class=\"voc-p\" style=\"\">Este domingo se ver\u00e1 de nuevo con Juanito el utillero, un empleado del que destaca su forma de ser y que tanto dice de una entidad que ha perdido a <strong>Antonio Navarrete (DEP) y Salvador Chirino<\/strong> y para los que tambi\u00e9n tiene palabras de elogio. \u00abSon esas personas que eran canela en rama, que se te preguntaban por tus hijos, por su tu familia; que se preocupaban porque los nuevos estuvieran bien atendidos. Son personas que hacen mucho m\u00e1s f\u00e1cil el d\u00eda a d\u00eda de los jugadores; hacen un trabajo invisible indispensable para el buen funcionamiento del club\u00bb, dice antes de bromear con el \u00fanico que queda en el club. \u00abA   Juanito le dar\u00e9 un abrazo y me guardar\u00e9 la cartera por si acaso\u00bb, r\u00ede un cadista que siente \u00abel cari\u00f1o de la afici\u00f3n cada verano\u00bb durante sus vacaciones, las que siempre pasa en la provincia.<\/p>\n<p>Reportar un error<\/p>\n","protected":false},"excerpt":{"rendered":"De los cuatro excadistas que est\u00e1n en el Ceuta hay uno m\u00e1s cadista que nadie por sus siete&hellip;\n","protected":false},"author":2,"featured_media":136061,"comment_status":"","ping_status":"","sticky":false,"template":"","format":"standard","meta":{"footnotes":""},"categories":[268],"tags":[168,13653,17936,25,24,280,282,31435,43060,25806,281,23,167],"class_list":{"0":"post-136060","1":"post","2":"type-post","3":"status-publish","4":"format-standard","5":"has-post-thumbnail","7":"category-futbol","8":"tag-deportes","9":"tag-dio","10":"tag-enero","11":"tag-es","12":"tag-espana","13":"tag-football","14":"tag-futbol","15":"tag-hable","16":"tag-presi","17":"tag-salvi","18":"tag-soccer","19":"tag-spain","20":"tag-sports"},"share_on_mastodon":{"url":"","error":""},"_links":{"self":[{"href":"https:\/\/www.europesays.com\/es\/wp-json\/wp\/v2\/posts\/136060","targetHints":{"allow":["GET"]}}],"collection":[{"href":"https:\/\/www.europesays.com\/es\/wp-json\/wp\/v2\/posts"}],"about":[{"href":"https:\/\/www.europesays.com\/es\/wp-json\/wp\/v2\/types\/post"}],"author":[{"embeddable":true,"href":"https:\/\/www.europesays.com\/es\/wp-json\/wp\/v2\/users\/2"}],"replies":[{"embeddable":true,"href":"https:\/\/www.europesays.com\/es\/wp-json\/wp\/v2\/comments?post=136060"}],"version-history":[{"count":0,"href":"https:\/\/www.europesays.com\/es\/wp-json\/wp\/v2\/posts\/136060\/revisions"}],"wp:featuredmedia":[{"embeddable":true,"href":"https:\/\/www.europesays.com\/es\/wp-json\/wp\/v2\/media\/136061"}],"wp:attachment":[{"href":"https:\/\/www.europesays.com\/es\/wp-json\/wp\/v2\/media?parent=136060"}],"wp:term":[{"taxonomy":"category","embeddable":true,"href":"https:\/\/www.europesays.com\/es\/wp-json\/wp\/v2\/categories?post=136060"},{"taxonomy":"post_tag","embeddable":true,"href":"https:\/\/www.europesays.com\/es\/wp-json\/wp\/v2\/tags?post=136060"}],"curies":[{"name":"wp","href":"https:\/\/api.w.org\/{rel}","templated":true}]}}