{"id":136062,"date":"2025-09-24T16:26:27","date_gmt":"2025-09-24T16:26:27","guid":{"rendered":"https:\/\/www.europesays.com\/es\/136062\/"},"modified":"2025-09-24T16:26:27","modified_gmt":"2025-09-24T16:26:27","slug":"el-rey-rama-x-y-la-reina-suthida-sorprenden-como-fans-de-placido-domingo-en-su-concierto-historico-en-tailandia","status":"publish","type":"post","link":"https:\/\/www.europesays.com\/es\/136062\/","title":{"rendered":"El rey Rama X y la reina Suthida sorprenden como fans de Pl\u00e1cido Domingo en su concierto hist\u00f3rico en Tailandia"},"content":{"rendered":"<p id=\"eBiyTPyVwq\" data-wc=\"66\">El talento de<strong>\u00a0Pl\u00e1cido Domingo<\/strong> ha conquistado a los <strong>reyes de Tailandia<\/strong>, que no se perdieron su actuaci\u00f3n de este martes en la 27\u00aa edici\u00f3n del Bangkok International Festival of Dance &amp; Music. Entre los miembros del p\u00fablico, ocupando un lugar privilegiado, <a class=\"hm-link ho-link\" href=\"https:\/\/www.hola.com\/realeza\/20230816237398\/rama-x-asi-es-rey-tailandia\/\" data-mrf-recirculation=\"article-body-link\" rel=\"nofollow noopener\" target=\"_blank\">se encontraban el rey Rama X y su mujer, la reina Suthida,<\/a> que <strong>disfrutaron con el virtuosismo sobre el escenario del cantante l\u00edrico espa\u00f1ol.<\/strong><\/p>\n<p> <img src=\"https:\/\/www.europesays.com\/es\/wp-content\/uploads\/2025\/09\/f1a1d8918208-gettyimages-1487826300.jpg\"   width=\"650\" height=\"1024\" loading=\"lazy\" decoding=\"async\" alt=\"El rey de Tailandia, Rama X, con la reina Suthida\" fetchpriority=\"auto\" class=\"image ho-image\"\/>\u00a9 Getty Images<\/p>\n<p id=\"ePWrYd3rk67\" data-wc=\"56\">Este concierto, celebrado en el Centro Cultural de Bangkok, tambi\u00e9n cont\u00f3 con la soprano cubanoestdounidense <strong>M\u00f3nica Conesa\u00a0<\/strong>y la direcci\u00f3n musical estuvo a cargo de la directora de orquesta y pianista italiana<strong>\u00a0Beatrice Venezi<\/strong>. La actuaci\u00f3n se convirti\u00f3 en uno de los grandes eventos culturales en Tailandia y los Reyes ejercieron de anfitriones en la velada.\u00a0<\/p>\n<p> <img src=\"https:\/\/www.europesays.com\/es\/wp-content\/uploads\/2025\/09\/be4e62e7bb64-dlu431838009.jpg\"   width=\"1024\" height=\"734\" loading=\"lazy\" decoding=\"async\" alt=\"Media Image\" fetchpriority=\"auto\" class=\"image ho-image\"\/>\u00a9 GTRES<\/p>\n<p id=\"eVN0y_K8CYK\" data-wc=\"65\">Pl\u00e1cido Domingo y el resto de artistas fueron recibidos por una comitiva oficial encabezada por<strong>\u00a0Rama X y Suthida, muy guapa con un vestido de fiesta largo en tonos malva y ros<\/strong><strong>a.<\/strong> Tanto maravill\u00f3 al monarca la actuaci\u00f3n del espa\u00f1ol que el monarca incluso orden\u00f3 que se entregaran ramos de flores a todos los participantes y a los directores de la Royal Bangkok Symphony Orchestra.\u00a0<\/p>\n<p> <img src=\"https:\/\/www.europesays.com\/es\/wp-content\/uploads\/2025\/09\/b677f349f1ca-happy-fathers-day-i-love-you-your-majesty-daddy.jpg\"   width=\"1024\" height=\"682\" loading=\"lazy\" decoding=\"async\" alt=\"La hija del rey de Tailandia, Sirivannavari Nariratana: \u00bfpieza clave en el destino de Daniel Sancho?\" fetchpriority=\"auto\" class=\"image ho-image\"\/>\u00a9 hrhsirivannavari<\/p>\n<p id=\"ewZulhhAJ3e\" data-wc=\"62\">Esta actuaci\u00f3n ha supuesto para Pl\u00e1cido Domingo su debut en el pa\u00eds asi\u00e1tico dentro de un festival que re\u00fane espect\u00e1culos internacionales de danza, m\u00fasica y artes esc\u00e9nicas. La participaci\u00f3n del tenor se ha vivido en Tailandia como un evento hist\u00f3rico por tener la oportunidad de disfrutar del arte del que es considerado como un mito de la \u00f3pera con una gran trayectoria.<\/p>\n","protected":false},"excerpt":{"rendered":"El talento de\u00a0Pl\u00e1cido Domingo ha conquistado a los reyes de Tailandia, que no se perdieron su actuaci\u00f3n de&hellip;\n","protected":false},"author":2,"featured_media":136063,"comment_status":"","ping_status":"","sticky":false,"template":"","format":"standard","meta":{"footnotes":""},"categories":[174],"tags":[255,146,147,25,24,256,43061,1027,43062,23],"class_list":{"0":"post-136062","1":"post","2":"type-post","3":"status-publish","4":"format-standard","5":"has-post-thumbnail","7":"category-famosos","8":"tag-celebrities","9":"tag-entertainment","10":"tag-entretenimiento","11":"tag-es","12":"tag-espana","13":"tag-famosos","14":"tag-placido-domingo","15":"tag-realeza","16":"tag-rey-de-tailandia","17":"tag-spain"},"share_on_mastodon":{"url":"","error":""},"_links":{"self":[{"href":"https:\/\/www.europesays.com\/es\/wp-json\/wp\/v2\/posts\/136062","targetHints":{"allow":["GET"]}}],"collection":[{"href":"https:\/\/www.europesays.com\/es\/wp-json\/wp\/v2\/posts"}],"about":[{"href":"https:\/\/www.europesays.com\/es\/wp-json\/wp\/v2\/types\/post"}],"author":[{"embeddable":true,"href":"https:\/\/www.europesays.com\/es\/wp-json\/wp\/v2\/users\/2"}],"replies":[{"embeddable":true,"href":"https:\/\/www.europesays.com\/es\/wp-json\/wp\/v2\/comments?post=136062"}],"version-history":[{"count":0,"href":"https:\/\/www.europesays.com\/es\/wp-json\/wp\/v2\/posts\/136062\/revisions"}],"wp:featuredmedia":[{"embeddable":true,"href":"https:\/\/www.europesays.com\/es\/wp-json\/wp\/v2\/media\/136063"}],"wp:attachment":[{"href":"https:\/\/www.europesays.com\/es\/wp-json\/wp\/v2\/media?parent=136062"}],"wp:term":[{"taxonomy":"category","embeddable":true,"href":"https:\/\/www.europesays.com\/es\/wp-json\/wp\/v2\/categories?post=136062"},{"taxonomy":"post_tag","embeddable":true,"href":"https:\/\/www.europesays.com\/es\/wp-json\/wp\/v2\/tags?post=136062"}],"curies":[{"name":"wp","href":"https:\/\/api.w.org\/{rel}","templated":true}]}}