{"id":136082,"date":"2025-09-24T16:38:09","date_gmt":"2025-09-24T16:38:09","guid":{"rendered":"https:\/\/www.europesays.com\/es\/136082\/"},"modified":"2025-09-24T16:38:09","modified_gmt":"2025-09-24T16:38:09","slug":"el-congreso-reprueba-a-la-ministra-de-igualdad-por-el-fiasco-de-las-pulseras-antimaltrato","status":"publish","type":"post","link":"https:\/\/www.europesays.com\/es\/136082\/","title":{"rendered":"El Congreso reprueba a la ministra de Igualdad por el fiasco de las pulseras antimaltrato"},"content":{"rendered":"<p><img decoding=\"async\" class=\"voc-author__img\" src=\"https:\/\/www.europesays.com\/es\/wp-content\/uploads\/2025\/08\/autor-5063-foto-3.jpeg\" alt=\"Jos\u00e9 Ram\u00f3n Navarro-Pareja\"\/><\/p>\n<p>24\/09\/2025<br \/>\n<br \/><strong><br \/>\nActualizado a las 18:32h.<br \/>\n<\/strong><\/p>\n<p class=\"voc-p\" style=\"\">El Congreso de lo Diputados ha decidido la reprobaci\u00f3n de la ministra de Igualdad, Ana Redondo, por el fiasco de las pulseras antimaltrato. La moci\u00f3n para pedir la reprobaci\u00f3n fue presentada el pasado viernes por el PP, a cuenta de los fallos que los dispositivos estaban provocando, denunciados primero por la Fiscal\u00eda, y m\u00e1s tarde por jueces, agentes de los cuerpos de seguridad y las propias v\u00edctimas. La reprobaci\u00f3n ha sido respaldada por 170 votos a favor (PP, Vox y UPN)  frente a 162 en contra (PSOE, Sumar, Bildu, PNV, Podemos, \u00c1balos y Comprom\u00eds) y 16 abstenciones (ERC, Junts, BNG y CC). <\/p>\n<p class=\"voc-p\" style=\"\">En defensa de la moci\u00f3n, la diputada del PP Patricia Rodr\u00edguez, se ha mostrado \u00abindignada\u00bb y \u00abconsternada\u00bb ante los fallos de las pulseras telem\u00e1ticas para maltratadores, por lo que ha pedido el \u00abcese inmediato\u00bb de la ministra de Igualdad, Ana Redondo. En su argumentario, la diputada del PP ha se\u00f1alado que para el Gobierno \u00abes m\u00e1s importante comprar barato que la propia vida de las v\u00edctimas\u00bb y que m\u00e1s all\u00e1 de la ministra de Igualdad, \u00abel principal culpable del dolor causado a las mujeres en siete a\u00f1os es el se\u00f1or S\u00e1nchez\u00bb. Adem\u00e1s, ha calificado de \u00abuna absoluta verg\u00fcenza que nadie haya asumido responsabilidades\u00bb.<\/p>\n<p class=\"voc-p\" style=\"\">Ha a\u00f1adido que la \u00abbandera feminista del PSOE se cae a pedazos por sus mentiras y por su enorme hipocres\u00eda\u00bb. \u00abAquello de soy feminista porque soy socialista ya no se lo cree nadie\u00bb, ha apuntado. Respecto a Redondo, Rodr\u00edguez ha destacado la \u00abhipocres\u00eda\u00bb de la ministra y ha a\u00f1adido que \u00abno se puede uno declarar abolicionista mientras mira para otro lado con los casos de consumo de prostituci\u00f3n de sus compa\u00f1eros\u00bb.<\/p>\n<p class=\"voc-p\" style=\"\">Tambi\u00e9n ha apuntado al presidente del Gobierno, Pedro S\u00e1nchez, quien ha dicho que es \u00abel principal culpable y responsable de tanta ineptitud y de tanta negligencia\u00bb, as\u00ed como \u00abdel dolor causado a las mujeres durante siete a\u00f1os de Gobierno\u00bb. Adem\u00e1s, ha recalcado que es \u00abuna absoluta verg\u00fcenza que nadie haya asumido responsabilidades\u00bb.<\/p>\n<p class=\"voc-p\" style=\"\">Una de las claves para que el Gobierno haya perdido esta votaci\u00f3n ha estado en la posici\u00f3n de ERC, cuyos diputados se han abstenido. Su portavoz, Pilar Vallugera ha exigido al Gobierno que sea \u00abmucho m\u00e1s responsable en estos asuntos\u00bb y ha criticado que sea la delegada del Gobierno contra la Violencia de G\u00e9nero, Carmen Mart\u00ednez Perza, quien intervenga en el Congreso este jueves para dar explicaciones sobre las pulseras, en vez de la ministra Redondo. \u00abSean transparentes, asuman los errores, vengan y disc\u00falpense\u00bb, les ha espetado la diputada catalana a los miembros del Gobierno.<\/p>\n<p class=\"voc-p\" style=\"\">La reprobaci\u00f3n es un procedimiento parlamentario  mediante el cual una de las C\u00e1maras de las Cortes Generales expresa una posici\u00f3n pol\u00edtica despu\u00e9s de un debate en el que se interpela a un ministro, al Consejo de Ministros u a otros altos cargos. La decisi\u00f3n no tiene consecuencias jur\u00eddicas ni obliga a dimitir. En la historia de la Democracia, hasta el d\u00eda de hoy, entre el Congreso y el Senado hab\u00edan reprobado a los ministros en diecis\u00e9is ocasiones.<\/p>\n<p>\nEl ministerio \u00abno ha tenido huevos\u00bb para dar explicaciones\n<\/p>\n<p class=\"voc-p\" style=\"\">Tambi\u00e9n Junts ha optado por la abstenci\u00f3n apelando a la falta de \u00abtransparencia\u00bb del Gobierno. Su portavoz, Pilar Calvo, ha ironizado con la \u00faltima campa\u00f1a del departamento de Redondo sobre la masculinidad, &#8216;Por huevos&#8217;, para la que ha contratado al actor Paco Le\u00f3n, y le ha recordado al Ejecutivo que en pol\u00edtica hay una manera de demostrar que se tienen huevos, una manera de demostrarlo, que es la transparencia\u00ab. \u00bbY este Ministerio de Igualdad, que ha puesto tantos huevos en su campa\u00f1a, no los ha tenido a la hora de explicar cuando tocaba que el sistema de control telem\u00e1tico de los maltratadores ha sufrido graves disfunciones\u00ab, ha continuado.\u00abSin transparencia no puede seguir teniendo nuestro apoyo, tendr\u00e1 que dar explicaciones\u00bb, le ha recordado a la ministra.<\/p>\n<p>Reportar un error<\/p>\n","protected":false},"excerpt":{"rendered":"24\/09\/2025 Actualizado a las 18:32h. El Congreso de lo Diputados ha decidido la reprobaci\u00f3n de la ministra de&hellip;\n","protected":false},"author":2,"featured_media":136083,"comment_status":"","ping_status":"","sticky":false,"template":"","format":"standard","meta":{"footnotes":""},"categories":[8],"tags":[41716,17,18,11866,25,24,13,14,43069,11,2178,19,20,1740,9,10,15,16,40977,43068,23,12,21,22],"class_list":{"0":"post-136082","1":"post","2":"type-post","3":"status-publish","4":"format-standard","5":"has-post-thumbnail","7":"category-espana","8":"tag-antimaltrato","9":"tag-breaking-news","10":"tag-breakingnews","11":"tag-congreso","12":"tag-es","13":"tag-espana","14":"tag-featured-news","15":"tag-featurednews","16":"tag-fiasco","17":"tag-headlines","18":"tag-igualdad","19":"tag-latest-news","20":"tag-latestnews","21":"tag-ministra","22":"tag-news","23":"tag-noticias","24":"tag-noticias-destacadas","25":"tag-noticiasdestacadas","26":"tag-pulseras","27":"tag-reprueba","28":"tag-spain","29":"tag-titulares","30":"tag-ultimas-noticias","31":"tag-ultimasnoticias"},"share_on_mastodon":{"url":"","error":""},"_links":{"self":[{"href":"https:\/\/www.europesays.com\/es\/wp-json\/wp\/v2\/posts\/136082","targetHints":{"allow":["GET"]}}],"collection":[{"href":"https:\/\/www.europesays.com\/es\/wp-json\/wp\/v2\/posts"}],"about":[{"href":"https:\/\/www.europesays.com\/es\/wp-json\/wp\/v2\/types\/post"}],"author":[{"embeddable":true,"href":"https:\/\/www.europesays.com\/es\/wp-json\/wp\/v2\/users\/2"}],"replies":[{"embeddable":true,"href":"https:\/\/www.europesays.com\/es\/wp-json\/wp\/v2\/comments?post=136082"}],"version-history":[{"count":0,"href":"https:\/\/www.europesays.com\/es\/wp-json\/wp\/v2\/posts\/136082\/revisions"}],"wp:featuredmedia":[{"embeddable":true,"href":"https:\/\/www.europesays.com\/es\/wp-json\/wp\/v2\/media\/136083"}],"wp:attachment":[{"href":"https:\/\/www.europesays.com\/es\/wp-json\/wp\/v2\/media?parent=136082"}],"wp:term":[{"taxonomy":"category","embeddable":true,"href":"https:\/\/www.europesays.com\/es\/wp-json\/wp\/v2\/categories?post=136082"},{"taxonomy":"post_tag","embeddable":true,"href":"https:\/\/www.europesays.com\/es\/wp-json\/wp\/v2\/tags?post=136082"}],"curies":[{"name":"wp","href":"https:\/\/api.w.org\/{rel}","templated":true}]}}