{"id":136094,"date":"2025-09-24T16:46:14","date_gmt":"2025-09-24T16:46:14","guid":{"rendered":"https:\/\/www.europesays.com\/es\/136094\/"},"modified":"2025-09-24T16:46:14","modified_gmt":"2025-09-24T16:46:14","slug":"solo-carlos-sainz-planta-cara-a-max-verstappen-segun-los-expertos-de-la-f1-actuacion-inspirada","status":"publish","type":"post","link":"https:\/\/www.europesays.com\/es\/136094\/","title":{"rendered":"Solo Carlos Sainz planta cara a Max Verstappen seg\u00fan los expertos de la F1: \u201cActuaci\u00f3n inspirada\u201d"},"content":{"rendered":"<p data-journey-content=\"true\" data-node-id=\"3\" class=\"css-6wxqfj emevuu60\">Carlos Sainz fue elegido piloto del d\u00eda del Gran Premio de Azerbaiy\u00e1n por los aficionados. Un reconocimiento l\u00f3gico que cont\u00f3 con casi el 30% del apoyo del p\u00fablico, mientras que Verstappen, el hombre \u2018Grand Chelem\u2019, se qued\u00f3 con el 18,5% de los votos. Ambos superaban con creces el 8% de votos que fueron a parar a George Russell y Lewis Hamilton, o el 7% de Liam Lawson, que no qued\u00f3 tan lejos de subir al podio. <\/p>\n<p>Piloto del d\u00eda y sobresaliente para los expertos<\/p>\n<p data-journey-content=\"true\" data-node-id=\"7\" class=\"css-6wxqfj emevuu60\">El reconocimiento a Carlos Sainz no se ha quedado solo en aficionados, pues el plantel de expertos de F\u00f3rmula 1 ha calificado su fin de semana de casi perfecto con una nota de 9,8 puntos. \u00bfAlguno mejor? Lo cierto es que s\u00ed, porque objetivamente es complicado no catalogar un \u2018Grand Chelem\u2019 con algo que no sea un 10, lo cual no quita ning\u00fan m\u00e9rito a la actuaci\u00f3n del madrile\u00f1o en el circuito callejero de Bak\u00fa. <\/p>\n<p data-journey-content=\"true\" data-node-id=\"9\" class=\"css-6wxqfj emevuu60\">Notable alto tambi\u00e9n para Liam Lawson, que no logr\u00f3 colocar al Racin Bulls en posici\u00f3n tan alta como hiciese recientemente Isack Hadjar, lo cual no resta m\u00e9rito al aguantar la posici\u00f3n ante la presi\u00f3n de Tsunoda, Norris y los Ferrari. El neozeland\u00e9s logr\u00f3 una nota de 9,4 por parte de los expertos. Tras ellos, los Mercedes, con Russell sumando un 8,4 y Antonelli con un 8.<\/p>\n<p><img draggable=\"true\" alt=\"power ranking baku 2025\" title=\"Power Ranking baku 2025\" loading=\"lazy\" width=\"1920\" height=\"1080\" decoding=\"async\" data-nimg=\"1\" style=\"color:transparent;width:100%;height:auto;\"   src=\"https:\/\/www.europesays.com\/es\/wp-content\/uploads\/2025\/09\/power-baku-68d3b2f5ea543.jpeg\" class=\"css-0 e1g79fud0\"\/><a target=\"_blank\" rel=\"noopener nofollow\" data-theme-key=\"base-link\" href=\"https:\/\/pinterest.com\/pin\/create\/button\/?url=https:\/\/www.caranddriver.com\/es\/formula-1\/a68029613\/carlos-sainz-planta-cara-a-max-verstappen-expertos-f1-baku\/&amp;description=&amp;media=https:\/\/hips.hearstapps.com\/hmg-prod\/images\/power-baku-68d3b2f5ea543.jpeg?resize=1600:*\" class=\"pinterest css-on9hn5 e1c1bym14\"><img decoding=\"async\" data-dynamic-svg=\"true\" src=\"https:\/\/www.caranddriver.com\/_assets\/design-tokens\/fre\/static\/icons\/social\/pinterest.e8cf655.svg?primary=%2523ffffff\" loading=\"lazy\" data-testid=\"dynamic-svg-base\" height=\"auto\" width=\"auto\" alt=\"pinterest\" class=\"css-4lml0h e1mlxuuw1\"\/><\/a><\/p>\n<p>FOM<\/p>\n<p data-journey-content=\"true\" data-node-id=\"14\" class=\"css-6wxqfj emevuu60\">La mejor actuaci\u00f3n de la temporada de Yuki Tsunoda se qued\u00f3 con un 7,4 de nota, en sexta posici\u00f3n del ranking, por encima de Bortoleto, que volvi\u00f3 a entrar a pesar de quedar fuera de los puntos. S\u00ed sum\u00f3 puntos Isack Hadjar, al que los cr\u00edticos le dieron una nota de 7. En cuanto a Ferrari, s\u00ed est\u00e1 presente Lewis Hamilton con un 6,6, pero no as\u00ed Charles Leclerc. En d\u00e9cimo lugar, quiz\u00e1s el resultado m\u00e1s enigm\u00e1tico; el de Esteban Ocon con un 6,2. <\/p>\n<p>Max Verstappen da caza a Oscar Piastri <\/p>\n<p data-journey-content=\"true\" data-node-id=\"17\" class=\"css-6wxqfj emevuu60\">Los citados expertos califican la carrera de Sainz como \u201cactuaci\u00f3n inspirada, aprovechando al m\u00e1ximo una clasificaci\u00f3n llena de incidentes y defendiendo su posici\u00f3n de forma impresionante en la carrera\u201d, lo que justificar\u00eda su alta nota tras clasificar en segunda posici\u00f3n y cruzar meta en tercer lugar. En cuanto a Esteban Ocon, justifican su inclusi\u00f3n por su remontada hasta el 14\u00ba puesto partiendo desde el fondo de la parrilla \u201cformando parte del grupo de los mejores del resto que lider\u00f3 Bortoleto\u201d. <\/p>\n<p><img draggable=\"true\" alt=\"power rank general post baku 2025\" title=\"Power Rank general post Baku 2025\" loading=\"lazy\" width=\"1920\" height=\"1080\" decoding=\"async\" data-nimg=\"1\" style=\"color:transparent;width:100%;height:auto;\"   src=\"https:\/\/www.europesays.com\/es\/wp-content\/uploads\/2025\/09\/power-rank-baku-general-68d3b331b74a2.jpg\" class=\"css-0 e1g79fud0\"\/><a target=\"_blank\" rel=\"noopener nofollow\" data-theme-key=\"base-link\" href=\"https:\/\/pinterest.com\/pin\/create\/button\/?url=https:\/\/www.caranddriver.com\/es\/formula-1\/a68029613\/carlos-sainz-planta-cara-a-max-verstappen-expertos-f1-baku\/&amp;description=&amp;media=https:\/\/hips.hearstapps.com\/hmg-prod\/images\/power-rank-baku-general-68d3b331b74a2.jpg?resize=1600:*\" class=\"pinterest css-on9hn5 e1c1bym14\"><img decoding=\"async\" data-dynamic-svg=\"true\" src=\"https:\/\/www.caranddriver.com\/_assets\/design-tokens\/fre\/static\/icons\/social\/pinterest.e8cf655.svg?primary=%2523ffffff\" loading=\"lazy\" data-testid=\"dynamic-svg-base\" height=\"auto\" width=\"auto\" alt=\"pinterest\" class=\"css-4lml0h e1mlxuuw1\"\/><\/a><\/p>\n<p>FOM<\/p>\n<p data-journey-content=\"true\" data-node-id=\"20\" class=\"css-6wxqfj emevuu60\">Con este resultado, Max Verstappen empata con Oscar Piastri en la primera posici\u00f3n, sumando un 8,3 de nota media, por encima del 8,1 de Lando Norris o el 7,8 de George Russell. Ausente en el top10 de esta carrera, Albon es quinto, siendo el mejor posicionado de los se\u00f1alados como mortales. <\/p>\n<p>Contenidos relacionados<img src=\"https:\/\/www.europesays.com\/es\/wp-content\/uploads\/2025\/09\/1758732374_242_8d34be8d-e2ac-402f-bb28-b7bf4889b6bb_1655374969.file\" alt=\"Headshot of Sergio Mart\u00ednez\" title=\"Headshot of Sergio Mart\u00ednez\" width=\"100%\" height=\"100%\" decoding=\"async\" loading=\"lazy\" class=\"css-o0wq4v ev8dhu53\"\/><\/p>\n<p>Experto en F\u00f3rmula 1 y Motorsport, especializado en el mundo de las carreras y la competici\u00f3n a motor, la cual lleva cubriendo m\u00e1s de una d\u00e9cada en diferentes medios del sector. Obsesionado de las categor\u00edas de formaci\u00f3n y desconfiado por naturaleza de todo lo que le cuentan. \u00a0\u00a0\u00a0<\/p>\n","protected":false},"excerpt":{"rendered":"Carlos Sainz fue elegido piloto del d\u00eda del Gran Premio de Azerbaiy\u00e1n por los aficionados. Un reconocimiento l\u00f3gico&hellip;\n","protected":false},"author":2,"featured_media":136095,"comment_status":"","ping_status":"","sticky":false,"template":"","format":"standard","meta":{"footnotes":""},"categories":[270],"tags":[168,253,25,24,306,271,272,23,167],"class_list":{"0":"post-136094","1":"post","2":"type-post","3":"status-publish","4":"format-standard","5":"has-post-thumbnail","7":"category-formula-1","8":"tag-deportes","9":"tag-discover","10":"tag-es","11":"tag-espana","12":"tag-f1","13":"tag-formula-1","14":"tag-formula1","15":"tag-spain","16":"tag-sports"},"share_on_mastodon":{"url":"","error":""},"_links":{"self":[{"href":"https:\/\/www.europesays.com\/es\/wp-json\/wp\/v2\/posts\/136094","targetHints":{"allow":["GET"]}}],"collection":[{"href":"https:\/\/www.europesays.com\/es\/wp-json\/wp\/v2\/posts"}],"about":[{"href":"https:\/\/www.europesays.com\/es\/wp-json\/wp\/v2\/types\/post"}],"author":[{"embeddable":true,"href":"https:\/\/www.europesays.com\/es\/wp-json\/wp\/v2\/users\/2"}],"replies":[{"embeddable":true,"href":"https:\/\/www.europesays.com\/es\/wp-json\/wp\/v2\/comments?post=136094"}],"version-history":[{"count":0,"href":"https:\/\/www.europesays.com\/es\/wp-json\/wp\/v2\/posts\/136094\/revisions"}],"wp:featuredmedia":[{"embeddable":true,"href":"https:\/\/www.europesays.com\/es\/wp-json\/wp\/v2\/media\/136095"}],"wp:attachment":[{"href":"https:\/\/www.europesays.com\/es\/wp-json\/wp\/v2\/media?parent=136094"}],"wp:term":[{"taxonomy":"category","embeddable":true,"href":"https:\/\/www.europesays.com\/es\/wp-json\/wp\/v2\/categories?post=136094"},{"taxonomy":"post_tag","embeddable":true,"href":"https:\/\/www.europesays.com\/es\/wp-json\/wp\/v2\/tags?post=136094"}],"curies":[{"name":"wp","href":"https:\/\/api.w.org\/{rel}","templated":true}]}}