{"id":136150,"date":"2025-09-24T17:22:06","date_gmt":"2025-09-24T17:22:06","guid":{"rendered":"https:\/\/www.europesays.com\/es\/136150\/"},"modified":"2025-09-24T17:22:06","modified_gmt":"2025-09-24T17:22:06","slug":"christina-koch-astronauta-de-artemis-2-vamos-a-ver-partes-de-la-luna-que-nunca-han-sido-miradas-por-ojos-humanos-ciencia","status":"publish","type":"post","link":"https:\/\/www.europesays.com\/es\/136150\/","title":{"rendered":"Christina Koch, astronauta de Artemis 2: \u201cVamos a ver partes de la Luna que nunca han sido miradas por ojos humanos\u201d | Ciencia"},"content":{"rendered":"<p class=\"\">Si nada se tuerce, la astronauta <a href=\"https:\/\/elpais.com\/ciencia\/2023-05-19\/christina-koch-la-primera-mujer-que-viajara-a-la-luna-cuando-les-decia-a-mis-maestras-que-queria-ser-astronauta-nadie-me-dijo-que-era-inalcanzable.html\" rel=\"nofollow noopener\" target=\"_blank\">Christina Koch <\/a>ser\u00e1 la primera mujer de la historia en ir a la Luna. Su viaje puede empezar en apenas cinco meses con el lanzamiento de la misi\u00f3n Artemis 2 de la NASA, que se ha adelantado tentativamente. Junto a ella se sentar\u00e1 <a href=\"https:\/\/elpais.com\/ciencia\/2023-04-04\/victor-glover-astronauta-del-artemis-2-la-primera-persona-que-ira-a-marte-ya-va-al-colegio.html\" rel=\"nofollow noopener\" target=\"_blank\">Victor Glover<\/a>, que se convertir\u00eda en el primer negro que viaje al sat\u00e9lite. Y esto suceder\u00e1 previsiblemente durante el mandato de Donald Trump, el presidente de Estados Unidos que m\u00e1s ha hecho por eliminar y bloquear las pol\u00edticas de igualdad desde que lleg\u00f3 a la Casa Blanca. <\/p>\n<p class=\"\">Koch, Glover, especialista de misi\u00f3n y piloto, respectivamente, y sus otros dos compa\u00f1eros, el comandante Reid Wiseman, y el segundo especialista Jeremy Hansen, de la Agencia Espacial Canadiense, ofrecieron una rueda de prensa este mi\u00e9rcoles desde el Centro Espacial Johnson de la NASA, en el estado de Texas. <\/p>\n<p class=\"\">Si la misi\u00f3n culmina con \u00e9xito, marcar\u00e1 el regreso de astronautas a la \u00f3rbita lunar 54 a\u00f1os despu\u00e9s de la \u00faltima expedici\u00f3n tripulada de la NASA a la Luna, el Apolo 17 en 1972. Hasta ahora, solo 24 personas han viajado al la Luna y otros 12 la han pisado, todos hombres blancos, la mayor\u00eda reclutados hace m\u00e1s de medio siglo entre las filas de los pilotos militares de prueba de Estados Unidos para el programa <a href=\"https:\/\/elpais.com\/noticias\/programa-apolo\/\" target=\"_self\" rel=\"nofollow noopener\" title=\"https:\/\/elpais.com\/noticias\/programa-apolo\/\">Apolo.<\/a><\/p>\n<p class=\"\">La presencia de Koch y Glover convierte a la Artemis 2 en la misi\u00f3n m\u00e1s diversa de la historia lunar de la <a href=\"https:\/\/elpais.com\/noticias\/nasa-administracion-nacional-aeronautica-espacio\/#?rel=arch\" rel=\"nofollow noopener\" target=\"_blank\">NASA<\/a> y simboliza un claro cambio de ciclo respecto a la era Apolo de hace medio siglo. En aquella \u00e9poca, 24 personas viajaron al la Luna y otras 12 la pisaron. Eran todos hombres blancos, la mayor\u00eda reclutados hace m\u00e1s de medio siglo entre las filas de los pilotos militares de prueba de Estados Unidos, entre los que no hab\u00eda mucha diversidad de perfiles.<\/p>\n<p class=\"\">\u201cNos vamos a la Luna\u201d, ha dicho hoy Wiseman durante una rueda de prensa en el Centro Espacial Johnson de la NASA, en Texas. \u201cEmpezamos a ver la luz al final del t\u00fanel\u201d, ha a\u00f1adido el jefe del grupo, que lleva dos a\u00f1os y medios entren\u00e1ndose. <\/p>\n<p class=\"\">Wiseman, que este a\u00f1o cumple 50, es capit\u00e1n de la Marina estadounidense. Estudi\u00f3 ingenier\u00eda en la Universidad de Vanderbilt y m\u00e1s tarde se form\u00f3 como piloto de pruebas. Fue seleccionado por la NASA en 2009 y debut\u00f3 en el espacio en 2014, con una misi\u00f3n de seis meses a bordo de la Estaci\u00f3n Espacial Internacional. Tras su regreso, ocup\u00f3 cargos de liderazgo en el cuerpo de astronautas hasta ser nombrado comandante de la Artemis 2. La tripulaci\u00f3n ha bautizado su nave Integridad. <\/p>\n<p class=\"\">Hay posibilidades de que esta tripulaci\u00f3n se convierta en la que m\u00e1s lejos ha viajado en el espacio, un r\u00e9cord que hasta ahora ostentan los astronautas del Apolo 13, que estuvieron a m\u00e1s de 400.000 kil\u00f3metros de la Tierra debido a uno de los accidentes espaciales <a href=\"\" rel=\"\" title=\"\">m\u00e1s famosos de la historia.<\/a><\/p>\n<p class=\"\"><a href=\"\" rel=\"\" title=\"\">La Artemis 2 re<\/a>alizar\u00e1 una circunnavegaci\u00f3n completa de la Luna, incluida su cara oculta. \u201cDurante tres horas, nuestra \u00fanica misi\u00f3n ser\u00e1 observar la superficie\u201d, ha explicado Koch durante la rueda de prensa. \u201cDependiendo del d\u00eda de lanzamiento y de la iluminaci\u00f3n de la cara oculta, es posible que veamos partes de la Luna que jam\u00e1s han sido vistas por ojos humanos\u201d, ha destacado la astronauta sobre la geolog\u00eda lunar, uno de los cuatro temas cient\u00edficos que se tocar\u00edan durante la Artemis 2.<\/p>\n<p class=\"\">Koch, de 46 a\u00f1os, es matem\u00e1tica, ingeniera, exploradora, y la \u00fanica de la misi\u00f3n que no ha tenido adiestramiento militar. Astronauta desde 2013, vivi\u00f3 pr\u00e1cticamente todo 2019 en la Estaci\u00f3n Espacial Internacional y es la mujer que m\u00e1s permanencia ha tenido en el espacio. Pas\u00f3 un invierno completo en el Polo Sur, en la Base Amundsen-Scott, donde, entre otras cosas, se especializ\u00f3 en maniobras de rescate. Tambi\u00e9n ha desarrollado instrumentos para la sonda Juno de la NASA, que orbita J\u00fapiter, y las sondas que investigan los cinturones de radiaci\u00f3n de Van Allen. En una entrevista con <a href=\"https:\/\/elpais.com\/ciencia\/2023-05-19\/christina-koch-la-primera-mujer-que-viajara-a-la-luna-cuando-les-decia-a-mis-maestras-que-queria-ser-astronauta-nadie-me-dijo-que-era-inalcanzable.html\" rel=\"nofollow noopener\" target=\"_blank\">EL PAIS<\/a> en 2023 explic\u00f3: \u201cAl principio rehu\u00eda la idea de hablar de un r\u00e9cord, o del n\u00famero de d\u00edas [en el espacio]. Pero personas con las que abord\u00e9 esto me ense\u00f1aron que los hitos le importan a la gente, y que compartirlos ayuda a educar sobre d\u00f3nde estamos, sobre la exploraci\u00f3n humana. Sirven de inspiraci\u00f3n a gente que puede tener que enfrentarse a sus propios desaf\u00edos\u201d.<\/p>\n<p class=\"\">Por primera vez, vamos a volar [la c\u00e1psula Orion] a mano\u00bb, ha destacado Glover. El piloto, de 49 a\u00f1os, es hijo de un polic\u00eda local y una contable. Fue el primero de la familia en ir a la universidad, donde estudi\u00f3 ingenier\u00eda y ciencia. Encontr\u00f3 su vocaci\u00f3n como piloto de la Marina de Estados Unidos, donde combati\u00f3 en la Guerra de Irak en 2003, y subi\u00f3 de escalaf\u00f3n hasta convertirse en piloto de pruebas. Fue seleccionado como astronauta en 2013, y en 2020 se convirti\u00f3 en el primer afroamericano que realiz\u00f3 una larga estancia en la <a href=\"https:\/\/elpais.com\/noticias\/iss-estacion-espacial-internacional\/\" rel=\"nofollow noopener\" target=\"_blank\">Estaci\u00f3n Espacial Internacional<\/a>, la \u00fanica base humana habitada fuera de la Tierra.<\/p>\n<p class=\"\">Tras el despegue de la Artemis 2 \u2014<a href=\"https:\/\/elpais.com\/ciencia\/2023-03-26\/los-cohetes-mas-potentes-de-la-historia-aceleran-la-carrera-hacia-la-luna.html\" rel=\"nofollow noopener\" target=\"_blank\">a bordo del SLS, el cohete m\u00e1s potente de la historia<\/a> de la NASA\u2014 los cuatro tripulantes quedar\u00e1n en \u00f3rbita, y Glover pilotar\u00e1 manualmente la nave para darle la vuelta y simular una uni\u00f3n con un futuro m\u00f3dulo lunar. <\/p>\n<p class=\"\">Es un entrenamiento clave para la misi\u00f3n Artemis 3, con la que Estados Unidos espera poder llevar a la superficie de la Luna a la primera mujer de la historia. Hasta que Trump lleg\u00f3 a la Casa Blanca, el objetivo era que tambi\u00e9n pisase la superficie del sat\u00e9lite por primera vez una persona no blanca, aunque ahora ha desaparecido de muchas <a href=\"https:\/\/elpais.com\/ciencia\/2025-03-22\/la-nasa-retira-de-su-web-el-plan-para-que-una-mujer-y-una-persona-de-color-pisen-la-luna.html\" rel=\"nofollow noopener\" target=\"_blank\">p\u00e1ginas oficiales.<\/a><\/p>\n<p class=\"\">Esta misi\u00f3n est\u00e1 prevista, como pronto, para 2027. Para llevarla a cabo ser\u00e1 imprescindible el uso del <a href=\"https:\/\/elpais.com\/noticias\/starship\/\" rel=\"nofollow noopener\" target=\"_blank\">Starship<\/a>, un cohete y nave fabricado por la empresa SpaceX que preside Elon Musk. A menos de dos a\u00f1os del lanzamiento, el cohete est\u00e1 muy lejos de cumplir los requisitos t\u00e9cnicos y de seguridad necesarios para poder salir a la \u00f3rbita terrestre, recibir combustible adicional, viajar hasta la Luna, depositar all\u00ed a los astronautas de la Artemis y devolverlos despu\u00e9s a la c\u00e1psula Orion que les traer\u00e1 <a href=\"https:\/\/elpais.com\/ciencia\/2025-08-28\/musk-mantiene-en-vilo-el-plan-de-ee-uu-para-regresar-a-la-luna-tras-un-ano-de-paron-con-starship.html\" rel=\"nofollow noopener\" target=\"_blank\">de vuelta a la Tierra<\/a>. Es posible que el cohete no est\u00e9 listo hasta entrada la d\u00e9cada de 2030, lo que supondr\u00eda que China podr\u00eda llevar astronautas al sat\u00e9lite antes que su rival norteamericano..<\/p>\n<p class=\"\">Jeremy Hansen, de 49 a\u00f1os, es coronel de la Real Fuerza A\u00e9rea Canadiense. Se gradu\u00f3 en f\u00edsica en la Universidad Real Militar de Canad\u00e1 antes de convertirse en piloto de caza. En 2009 fue seleccionado por la Agencia Espacial Canadiense como astronauta. A\u00fan no ha volado al espacio, pero ha sido instructor en el Centro Espacial Johnson de Houston y ha contribuido a la formaci\u00f3n de sus compa\u00f1eros. Con Artemis 2, ser\u00e1 el primer canadiense en viajar m\u00e1s all\u00e1 de la \u00f3rbita terrestre.<\/p>\n<p class=\"\">El viaje de Artemis 2 durar\u00e1 <a href=\"https:\/\/elpais.com\/ciencia\/2025-09-23\/la-nasa-intentara-lanzar-en-febrero-su-primera-mision-tripulada-a-la-luna-en-mas-de-medio-siglo.html\" rel=\"nofollow noopener\" target=\"_blank\">diez d\u00edas<\/a>, y llevar\u00e1 a los cuatro astronautas en un viaje de ida y vuelta de m\u00e1s de dos millones de kil\u00f3metros. Tras completar dos \u00f3rbitas terrestres, los cuatro tripulantes de la Orion saldr\u00e1n hacia el sat\u00e9lite y lo circunnavegar\u00e1n una sola vez. Desde las escotillas podr\u00e1n contemplar la superficie de la cara oculta de la Luna. Su acercamiento m\u00e1ximo al sat\u00e9lite ser\u00e1 de unos 7.000 kil\u00f3metros. La NASA ha simulado en un v\u00eddeo acelerado <a href=\"https:\/\/svs.gsfc.nasa.gov\/5536\/\" rel=\"nofollow noopener\" target=\"_blank\">las vistas que tendr\u00e1n<\/a> los astronautas durante su viaje.<\/p>\n<p class=\"\">Los tripulantes viajar\u00e1n en la c\u00e1psula Orion. Su interior es <a href=\"https:\/\/elpais.com\/ciencia\/2025-09-23\/la-nasa-intentara-lanzar-en-febrero-su-primera-mision-tripulada-a-la-luna-en-mas-de-medio-siglo.html\" rel=\"nofollow noopener\" target=\"_blank\">similar al de un coche SUV<\/a>, con dos filas de asientos que se pueden plegar y quitar una vez se alcanza la ingravidez, dejando un espacio di\u00e1fano con cocina y ba\u00f1o en una estancia separada. Es la primera vez que la NASA incluye algo as\u00ed en una nave espacial a la Luna. Hace 50 a\u00f1os, los astronautas del programa Apolo orinaban y defecaban en bolsas, sin privacidad. El m\u00f3dulo de servicio de la c\u00e1psula Orion \u2014encargado de suministrar aire, agua, electricidad, propulsi\u00f3n y control t\u00e9rmico\u2014 ha sido desarrollado por compa\u00f1\u00edas europeas bajo la coordinaci\u00f3n de la Agencia Espacial Europea. <\/p>\n<p class=\"\">El programa Artemis se produce en un momento de m\u00e1ximo inter\u00e9s por la Luna y sus recursos, incluidas las grandes reservas de agua helada que hay en el polo sur, donde aterrizar\u00e1n los tripulantes de la Artemis 3. Esa agua ser\u00e1 crucial para sustentar colonias habitadas y para fabricar combustible de cohetes que puedan llegar a Marte. Las potencias occidentales se disputan con China la prospecci\u00f3n y explotaci\u00f3n de <a href=\"https:\/\/elpais.com\/ciencia\/2023-03-27\/china-halla-una-reserva-de-agua-en-la-luna-de-270000-millones-de-toneladas.html\" rel=\"nofollow noopener\" target=\"_blank\">estos recursos.<\/a><\/p>\n","protected":false},"excerpt":{"rendered":"Si nada se tuerce, la astronauta Christina Koch ser\u00e1 la primera mujer de la historia en ir a&hellip;\n","protected":false},"author":2,"featured_media":136151,"comment_status":"","ping_status":"","sticky":false,"template":"","format":"standard","meta":{"footnotes":""},"categories":[81],"tags":[119,123,124,352,25,21512,24,13413,646,22496,642,43078,117,121,122,23,118,120],"class_list":{"0":"post-136150","1":"post","2":"type-post","3":"status-publish","4":"format-standard","5":"has-post-thumbnail","7":"category-ciencia-y-tecnologia","8":"tag-ciencia","9":"tag-ciencia-y-tecnologia","10":"tag-cienciaytecnologia","11":"tag-donald-trump","12":"tag-es","13":"tag-espacio-exterior","14":"tag-espana","15":"tag-exploracion-espacial","16":"tag-investigacion-cientifica","17":"tag-la-luna","18":"tag-nasa","19":"tag-programa-apolo","20":"tag-science","21":"tag-science-and-technology","22":"tag-scienceandtechnology","23":"tag-spain","24":"tag-technology","25":"tag-tecnologia"},"share_on_mastodon":{"url":"","error":""},"_links":{"self":[{"href":"https:\/\/www.europesays.com\/es\/wp-json\/wp\/v2\/posts\/136150","targetHints":{"allow":["GET"]}}],"collection":[{"href":"https:\/\/www.europesays.com\/es\/wp-json\/wp\/v2\/posts"}],"about":[{"href":"https:\/\/www.europesays.com\/es\/wp-json\/wp\/v2\/types\/post"}],"author":[{"embeddable":true,"href":"https:\/\/www.europesays.com\/es\/wp-json\/wp\/v2\/users\/2"}],"replies":[{"embeddable":true,"href":"https:\/\/www.europesays.com\/es\/wp-json\/wp\/v2\/comments?post=136150"}],"version-history":[{"count":0,"href":"https:\/\/www.europesays.com\/es\/wp-json\/wp\/v2\/posts\/136150\/revisions"}],"wp:featuredmedia":[{"embeddable":true,"href":"https:\/\/www.europesays.com\/es\/wp-json\/wp\/v2\/media\/136151"}],"wp:attachment":[{"href":"https:\/\/www.europesays.com\/es\/wp-json\/wp\/v2\/media?parent=136150"}],"wp:term":[{"taxonomy":"category","embeddable":true,"href":"https:\/\/www.europesays.com\/es\/wp-json\/wp\/v2\/categories?post=136150"},{"taxonomy":"post_tag","embeddable":true,"href":"https:\/\/www.europesays.com\/es\/wp-json\/wp\/v2\/tags?post=136150"}],"curies":[{"name":"wp","href":"https:\/\/api.w.org\/{rel}","templated":true}]}}