{"id":136215,"date":"2025-09-24T17:59:12","date_gmt":"2025-09-24T17:59:12","guid":{"rendered":"https:\/\/www.europesays.com\/es\/136215\/"},"modified":"2025-09-24T17:59:12","modified_gmt":"2025-09-24T17:59:12","slug":"kiko-matamoros-sobre-la-relacion-de-su-hija-laura-con-mar-flores-me-importa-un-pepino","status":"publish","type":"post","link":"https:\/\/www.europesays.com\/es\/136215\/","title":{"rendered":"Kiko Matamoros, sobre la relaci\u00f3n de su hija Laura con Mar Flores: \u201cMe importa un pepino\u201d"},"content":{"rendered":"<p>Est\u00e1 claro que las memorias de <strong>Mar Flores<\/strong> (56 a\u00f1os) van a continuar dando muchos m\u00e1s titulares durante meses. Todos los episodios que la madre de Carlo Constanzia ha narrado en su libro han reabierto viejas heridas y est\u00e1n provocando much\u00edsimas reacciones en personajes como <strong>Kiko Matamoros<\/strong> (68 a\u00f1os), quien adem\u00e1s de ser su representante durante a\u00f1os tambi\u00e9n fue su cu\u00f1ado. Y es que el colaborador de &#8216;No somos nadie&#8217; estuvo casado con Mar\u00edan Flores durante 14 a\u00f1os.\u00a0<\/p>\n<p>Fruto de aquel matrimonio entre la hermana de Mar y el tertuliano del canal Quikie nacieron <strong>Luc\u00eda (<\/strong>1985), <strong>Diego <\/strong>(1986), <strong>Laura <\/strong>(1993) e <strong>Irene <\/strong>(1998), con quien Kiko ha tenido sus m\u00e1s y sus menos durante a\u00f1os. Y es que aunque ahora pueda presumir de tener una gran relaci\u00f3n con todos y de ser un feliz abuelo, lo cierto es que ha vivido muchos e importantes altibajos con todos sus hijos, a los que a pesar de no haber en largas temporadas siempre ha apoyado.\u00a0<\/p>\n<p>En medio de la pol\u00e9mica publicaci\u00f3n de la suegra de Alejandra Rubio, Kiko se ha mostrado impasible. Ha criticado que algunos pasajes de Mar no sean todo lo ver\u00eddicos que \u00e9l recuerda, ha acusado a la modelo de ser demasiado templada en algunos episodios y adem\u00e1s ha recordado que le sent\u00f3 muy mal cuando ella no dej\u00f3 claro que \u00e9l no tuvo <a href=\"https:\/\/www.lecturas.com\/actualidad\/kiko-matamoros-desvela-verdadera-implicacion-lequio-publicacion-fotos-que-se-hizo-cama-mar-flores-pedia-100-millones-pesetas_181713\" rel=\"nofollow noopener\" target=\"_blank\">nada que ver con las fotos que vendi\u00f3 su hermano Coto.\u00a0<\/a><\/p>\n<p><img decoding=\"async\" src=\"https:\/\/www.europesays.com\/es\/wp-content\/uploads\/2025\/09\/kiko-rivera-irene-rosales_42db4080_028_250924143456_800x800.webp.webp\" alt=\"Kiko Rivera Irene Rosales\" class=\"image lazyload\"\/><img loading=\"lazy\" decoding=\"async\" src=\"https:\/\/www.europesays.com\/es\/wp-content\/uploads\/2025\/09\/kiko-rivera-irene-rosales_42db4080_028_250924143501_1280x720.webp.webp\" alt=\"El \u00faltimo movimiento de Kiko Rivera que pone a Irene Rosales contra las cuerdas tras su separaci\u00f3n\" class=\"image lazyload\" width=\"1280\" height=\"720\" data-aspectratio=\"1280\/720\"\/><\/p>\n<p>Y aunque \u00e9l no mantenga ning\u00fan tipo de relaci\u00f3n con la protagonista de la mayor\u00eda de titulares del papel couch\u00e9 en este momento, hay que recordar que sus cuatro hijos son los sobrinos de Mar, por lo que se supondr\u00eda que tienen buena relaci\u00f3n. Es m\u00e1s, su hija Laura ha apoyado a su t\u00eda en numerosas ocasiones.\u00a0<\/p>\n<p><img loading=\"lazy\" decoding=\"async\"   src=\"https:\/\/www.europesays.com\/es\/wp-content\/uploads\/2025\/09\/kiko-matamoros_c851f425_250924190706_1200x555.webp.webp\" alt=\"Kiko Matamoros \" class=\"lazyload\" width=\"1200\" height=\"555\" data-aspectratio=\"1200\/555\"\/><\/p>\n<p>Kiko Matamoros\u00a0 habla de la relaci\u00f3n de su hija y Mar Flores.\u00a0<\/p>\n<p>&#13;Quickie<\/p>\n<p>\u00a0<\/p>\n<p>\u00abTodav\u00eda no lo he le\u00eddo porque tengo que reconocer que estoy leyendo una saga bastante interesante. Cuando lo termine, juro que lo leo, pero sus memorias me las s\u00e9. Si es verdad que si mi t\u00eda ha contado ciertos episodios de su vida, su raz\u00f3n y su motivo tiene; y es libre de hacerlo. Hab\u00e9is conocido mucho de su vida m\u00e1s por otras personas que por ella misma. Ha sido el momento de contarlo, su vida, su experiencia y sus memorias. <strong>Cada uno es libre de hacer y contar lo que quiera, y yo le he dado todo el \u00e1nimo posible, de sobrina a t\u00eda\u00bb,<\/strong> asegur\u00f3 Laura hace unos d\u00edas. Unas palabras con las que sin duda dejaba claro que entras ellos se llevan estupendamente.\u00a0<\/p>\n<p><strong>Sin saber si Laura ir\u00e1 a la presentaci\u00f3n del libro en Madrid este mi\u00e9rcoles 24 de septiembre <\/strong>(es en La Casa del libro, en Gran V\u00eda), Kiko ha recordado a todos que su hija siempre ha apoyado a Mar. Eso s\u00ed, se ha quedado blanco cuando un compa\u00f1ero de &#8216;No somos nadie&#8217; le ha asegurado que \u00e9l mismo le ha dicho a la influencer que apoye m\u00e1s p\u00fablicamente a su t\u00eda. \u00abEn un momento mi hija me pregunta una cosa que se ha publicado sobre Carlo Costanzia y <strong>yo le digo que no es verdad y que si se va a meter en el ajo que lo haga con la verdad, que era favorable a Mar. Pero yo no la he llamado para decirle que apoye a nadie<\/strong>\u00ab, ha explicado el tertuliano.\u00a0<\/p>\n<p><img loading=\"lazy\" decoding=\"async\"   src=\"https:\/\/www.europesays.com\/es\/wp-content\/uploads\/2025\/09\/laura-matamoros-y-mar-flores_00000000_4cccd2c3_250924191348_1200x800.webp.webp\" alt=\"Laura Matamoros y Mar Flores\" class=\"lazyload\" width=\"1200\" height=\"800\" data-aspectratio=\"1200\/800\"\/>&#13;<\/p>\n<p>\u00a0<\/p>\n<p>\u00abTambi\u00e9n os digo que cuando Mar dice lo que dice de m\u00ed en el libro pues me sienta muy mal porque hay cosas que no son verdad. Yo no me separo profesionalmente de ella cuando me separo de mi mujer, tardo 9 meses en romper esa relaci\u00f3n. <a href=\"https:\/\/www.lecturas.com\/actualidad\/kiko-matamoros-desvela-verdadera-implicacion-lequio-publicacion-fotos-que-se-hizo-cama-mar-flores-pedia-100-millones-pesetas_181713\" rel=\"nofollow noopener\" target=\"_blank\">Y ya se hab\u00edan publicado las fotos<\/a>. <strong>Entonces cuando felicit\u00f3 Laura a su t\u00eda por contar su verdad le dije que muchas gracias, pero que en lo que se refer\u00eda a m\u00ed me pod\u00eda llamar y preguntar.<\/strong> Seguro que ni se lo hab\u00eda le\u00eddo. <strong>Que tiene buena relaci\u00f3n con ella, vale. Que me importa un pepino, tambi\u00e9n. En mi vida les he censurado a ninguno de mis hijos. No voy a hablar de ellos. No les quiero meter al trapo de todo esto<\/strong>\u00ab, ha sentenciado Kiko.\u00a0<\/p>\n","protected":false},"excerpt":{"rendered":"Est\u00e1 claro que las memorias de Mar Flores (56 a\u00f1os) van a continuar dando muchos m\u00e1s titulares durante&hellip;\n","protected":false},"author":2,"featured_media":136216,"comment_status":"","ping_status":"","sticky":false,"template":"","format":"standard","meta":{"footnotes":""},"categories":[174],"tags":[255,146,147,25,24,256,23],"class_list":{"0":"post-136215","1":"post","2":"type-post","3":"status-publish","4":"format-standard","5":"has-post-thumbnail","7":"category-famosos","8":"tag-celebrities","9":"tag-entertainment","10":"tag-entretenimiento","11":"tag-es","12":"tag-espana","13":"tag-famosos","14":"tag-spain"},"share_on_mastodon":{"url":"","error":""},"_links":{"self":[{"href":"https:\/\/www.europesays.com\/es\/wp-json\/wp\/v2\/posts\/136215","targetHints":{"allow":["GET"]}}],"collection":[{"href":"https:\/\/www.europesays.com\/es\/wp-json\/wp\/v2\/posts"}],"about":[{"href":"https:\/\/www.europesays.com\/es\/wp-json\/wp\/v2\/types\/post"}],"author":[{"embeddable":true,"href":"https:\/\/www.europesays.com\/es\/wp-json\/wp\/v2\/users\/2"}],"replies":[{"embeddable":true,"href":"https:\/\/www.europesays.com\/es\/wp-json\/wp\/v2\/comments?post=136215"}],"version-history":[{"count":0,"href":"https:\/\/www.europesays.com\/es\/wp-json\/wp\/v2\/posts\/136215\/revisions"}],"wp:featuredmedia":[{"embeddable":true,"href":"https:\/\/www.europesays.com\/es\/wp-json\/wp\/v2\/media\/136216"}],"wp:attachment":[{"href":"https:\/\/www.europesays.com\/es\/wp-json\/wp\/v2\/media?parent=136215"}],"wp:term":[{"taxonomy":"category","embeddable":true,"href":"https:\/\/www.europesays.com\/es\/wp-json\/wp\/v2\/categories?post=136215"},{"taxonomy":"post_tag","embeddable":true,"href":"https:\/\/www.europesays.com\/es\/wp-json\/wp\/v2\/tags?post=136215"}],"curies":[{"name":"wp","href":"https:\/\/api.w.org\/{rel}","templated":true}]}}