{"id":136217,"date":"2025-09-24T18:00:21","date_gmt":"2025-09-24T18:00:21","guid":{"rendered":"https:\/\/www.europesays.com\/es\/136217\/"},"modified":"2025-09-24T18:00:21","modified_gmt":"2025-09-24T18:00:21","slug":"los-grafitis-un-elemento-mas-del-paisaje-urbano-de-santander","status":"publish","type":"post","link":"https:\/\/www.europesays.com\/es\/136217\/","title":{"rendered":"Los grafitis, un elemento m\u00e1s del paisaje urbano de Santander"},"content":{"rendered":"<p>Para algunos, los grafitis son una forma de expresi\u00f3n art\u00edstica; para otros, vandalismo. La realidad es que no son pocos los que se pueden encontrar  &#8230; paseando a lo largo y ancho de Santander. Desde firmas sencillas hasta murales impresionantes, la capital c\u00e1ntabra acoge todo tipo de manifestaciones art\u00edsticas. Unas expresiones que suelen generar controversia y contar con opiniones divididas en la sociedad, a favor y en contra, sobre todo por el tipo de espacio donde se realizan y si se llevan a cabo con el debido consentimiento o no de los propietarios afectados.<\/p>\n<p class=\"v-p\">En un peque\u00f1o recorrido por la ciudad se puede apreciar c\u00f3mo las pinturas vand\u00e1licas se han convertido en un elemento m\u00e1s del paisaje urbano santanderino. Sin ir m\u00e1s lejos, en una de las entradas de la ciudad \u2013en la Avenida de Parayas\u2013 se pueden encontrar una colecci\u00f3n de firmas en algunas paredes de naves industriales. Unos pocos metros m\u00e1s tarde, ya en los aleda\u00f1os del Hospital Valdecilla, tampoco se libran de los actos vand\u00e1licos \u2013en concreto, en una de las casetas t\u00e9cnicas situada en la zona de Valdecilla Sur\u2013. Una localizaci\u00f3n especialmente castigada por las pintadas realizadas en convoys \u2013ya parados y sin ning\u00fan tipo de uso\u2013 y en las instalaciones de mantenimiento de \u00e1mbito ferroviario. <\/p>\n<p><img decoding=\"async\" loading=\"lazy\" src=\"https:\/\/www.europesays.com\/es\/wp-content\/uploads\/2025\/09\/108754662-kniC-U2303128963604Ys-650x455@Diario Montanes.jpg\" class=\"v-a-img\" width=\"650\" height=\"455\" alt=\"La Avenida de Los Castros cuenta con muchas paredes pintadas.\" data-voc-vtm-id=\"in-text-traffic\"\/><\/p>\n<p>La Avenida de Los Castros cuenta con muchas paredes pintadas.<\/p>\n<p>Javier Cotera<\/p>\n<p><img loading=\"lazy\" decoding=\"async\" src=\"https:\/\/www.europesays.com\/es\/wp-content\/uploads\/2025\/09\/108754662-kniC-U23031289636047TD-1920x1344@Diario Montanes.jpg\" class=\"v-mdl__img-z\" width=\"1920\" height=\"1344\" alt=\"\"\/><\/p>\n<p class=\"v-p\">Otra de las grandes arterias de la ciudad en las que se concentran este tipo de pr\u00e1cticas es la Avenida de Los Castros. Su amplia longitud permite observar todo tipo de manifestaciones, entre las que se incluyen reivindicaciones en forma de frases o dibujos con formas no reconocibles. Uno de los sitios m\u00e1s castigados en esa v\u00eda se sit\u00faa frente a la Escuela T\u00e9cnica Superior de Ingenier\u00eda de Caminos de la Universidad de Cantabria: las vallas de unas obras se convierten en un lienzo para los grafiteros. Asimismo, en la zona del skatepark, pocos son los metros que se han quedado sin los estragos del uso del spray.<\/p>\n<p class=\"v-p\">Las playas de Santander tampoco se escapan del vandalismo. Uno de los ejemplos m\u00e1s representativos es el balneario de La Horadada, en Los Peligros, un edificio medio derruido y plagado de pintadas, que se concentran tanto en su interior como en su exterior. Si las pintadas en el muro de las instalaciones de la Real Sociedad de Tenis de La Magdalena acechan a la propia pen\u00ednsula, el conjunto de piedras vandalizado en el espig\u00f3n construido en la playa de La Magdalena revelan una mayor presencia de artistas callejeros que act\u00faan sin ning\u00fan tipo de permiso en espacios inimaginables hasta hace unos a\u00f1os.<\/p>\n<p><img decoding=\"async\" loading=\"lazy\" src=\"https:\/\/www.europesays.com\/es\/wp-content\/uploads\/2025\/09\/108754666-kniC-U2303128963604RCH-650x455@Diario Montanes.jpg\" class=\"v-a-img\" width=\"650\" height=\"455\" alt=\"La Horadada es uno de los ejemplos m\u00e1s representativos en las playas.\" data-voc-vtm-id=\"in-text-traffic\"\/><\/p>\n<p>La Horadada es uno de los ejemplos m\u00e1s representativos en las playas.<\/p>\n<p>Javier Cotera<\/p>\n<p><img loading=\"lazy\" decoding=\"async\" src=\"https:\/\/www.europesays.com\/es\/wp-content\/uploads\/2025\/09\/108754666-kniC-U2303128963604d9C-1920x1344@Diario Montanes.jpg\" class=\"v-mdl__img-z\" width=\"1920\" height=\"1344\" alt=\"\"\/><\/p>\n<p class=\"v-p\">Pese a este tipo de manifestaciones que da\u00f1an la imagen de la v\u00eda p\u00fablica, Santander cuenta con su propia ruta de murales urbanos \u2013compuesta por m\u00e1s de cincuenta obras\u2013 que sirven para contar historias y representar un parte de la cultura local. Este recorrido permite conocer de primera mano la creatividad y la diversidad art\u00edstica que se respira en cada esquina y rinc\u00f3n de la ciudad.<\/p>\n<p>Pol\u00e9mica sin resolver<\/p>\n<p class=\"v-p\">Una de las \u00faltimas muestras de arte callejero \u2013que ha acaparado muchas miradas\u2013 han sido los<a href=\"https:\/\/www.eldiariomontanes.es\/santander\/pintan-varios-grafitis-instalaciones-tenis-junto-recinto-20250923071251-nt.html\" title=\"www.eldiariomontanes.es\" data-voc-vtm-id=\"in-text-traffic\" data-mrf-link=\"www.eldiariomontanes.es\" rel=\"nofollow noopener\" target=\"_blank\"> grafitis en las instalaciones del Tenis<\/a>, junto al recinto de La Magdalena. Tanto por su pol\u00e9mica ubicaci\u00f3n, a un paso de uno de los lugares m\u00e1s tur\u00edsticos de la capital, como por la responsabilidad a la hora de afrontar su eliminaci\u00f3n del paisaje urbano.<\/p>\n<p class=\"v-p\">Desde el propio Ayuntamiento se sigue estudiando \u00abla delimitaci\u00f3n de la propiedad del muro\u00bb, pero en la jornada de ayer fuentes municipales consultadas por este peri\u00f3dico segu\u00edan sin dar una respuesta concreta sobre la resoluci\u00f3n de este suceso.<\/p>\n","protected":false},"excerpt":{"rendered":"Para algunos, los grafitis son una forma de expresi\u00f3n art\u00edstica; para otros, vandalismo. La realidad es que no&hellip;\n","protected":false},"author":2,"featured_media":136218,"comment_status":"","ping_status":"","sticky":false,"template":"","format":"standard","meta":{"footnotes":""},"categories":[173],"tags":[229,233,231,230,232,234,13785,146,147,25,24,22100,7111,964,23,1436],"class_list":{"0":"post-136217","1":"post","2":"type-post","3":"status-publish","4":"format-standard","5":"has-post-thumbnail","7":"category-arte-y-diseno","8":"tag-arte","9":"tag-arte-y-diseno","10":"tag-arts","11":"tag-arts-and-design","12":"tag-design","13":"tag-diseno","14":"tag-elemento","15":"tag-entertainment","16":"tag-entretenimiento","17":"tag-es","18":"tag-espana","19":"tag-grafitis","20":"tag-paisaje","21":"tag-santander","22":"tag-spain","23":"tag-urbano"},"share_on_mastodon":{"url":"","error":""},"_links":{"self":[{"href":"https:\/\/www.europesays.com\/es\/wp-json\/wp\/v2\/posts\/136217","targetHints":{"allow":["GET"]}}],"collection":[{"href":"https:\/\/www.europesays.com\/es\/wp-json\/wp\/v2\/posts"}],"about":[{"href":"https:\/\/www.europesays.com\/es\/wp-json\/wp\/v2\/types\/post"}],"author":[{"embeddable":true,"href":"https:\/\/www.europesays.com\/es\/wp-json\/wp\/v2\/users\/2"}],"replies":[{"embeddable":true,"href":"https:\/\/www.europesays.com\/es\/wp-json\/wp\/v2\/comments?post=136217"}],"version-history":[{"count":0,"href":"https:\/\/www.europesays.com\/es\/wp-json\/wp\/v2\/posts\/136217\/revisions"}],"wp:featuredmedia":[{"embeddable":true,"href":"https:\/\/www.europesays.com\/es\/wp-json\/wp\/v2\/media\/136218"}],"wp:attachment":[{"href":"https:\/\/www.europesays.com\/es\/wp-json\/wp\/v2\/media?parent=136217"}],"wp:term":[{"taxonomy":"category","embeddable":true,"href":"https:\/\/www.europesays.com\/es\/wp-json\/wp\/v2\/categories?post=136217"},{"taxonomy":"post_tag","embeddable":true,"href":"https:\/\/www.europesays.com\/es\/wp-json\/wp\/v2\/tags?post=136217"}],"curies":[{"name":"wp","href":"https:\/\/api.w.org\/{rel}","templated":true}]}}