{"id":136219,"date":"2025-09-24T18:01:06","date_gmt":"2025-09-24T18:01:06","guid":{"rendered":"https:\/\/www.europesays.com\/es\/136219\/"},"modified":"2025-09-24T18:01:06","modified_gmt":"2025-09-24T18:01:06","slug":"isabel-allende-habla-sobre-el-remake-de-la-casa-de-los-espiritus","status":"publish","type":"post","link":"https:\/\/www.europesays.com\/es\/136219\/","title":{"rendered":"Isabel Allende habla sobre el remake de &#8216;La casa de los esp\u00edritus&#8217;"},"content":{"rendered":"<p>Isabel Allende est\u00e1 en Chile para promocionar su nuevo libro Mi nombre es Emilia del Valle, pero tambi\u00e9n para hablar sobre el esperado remake de La casa de los esp\u00edritus, ahora en formato miniserie.<\/p>\n<p>El proyecto de Amazon Prime Video <strong>se estrenar\u00e1 a inicios de 2026<\/strong> y la noche del martes la autora present\u00f3 <a href=\"https:\/\/www.youtube.com\/watch?v=85Dr_J8vsLM&amp;embeds_referring_euri=https%3A%2F%2Fmedia.biobiochile.cl%2F&amp;source_ve_path=MjM4NTE\" rel=\"noopener nofollow\" target=\"_blank\">un adelanto<\/a> en un evento en Santiago, donde adem\u00e1s habl\u00f3 de su obra prima y por qu\u00e9, despu\u00e9s de m\u00e1s de 40 a\u00f1os, sigue tan vigente.<\/p>\n<p>El teaser muestra algunos detalles de esta gran producci\u00f3n, <strong>filmada en distintas locaciones a lo largo de Chile, con actores latinoamericanos y espa\u00f1oles<\/strong>.<\/p>\n<p>\u201cAhora, cuando vi la miniserie, vi lo que siempre debi\u00f3 haber sido, una producci\u00f3n con gente de nosotros, hasta los extra se ven como nosotros y es el esp\u00edritu de la familia, el pa\u00eds, y de todo lo que pas\u00f3\u201d, manifest\u00f3 la escritora.<\/p>\n<p>Recordemos que, en 1995 el libro ya hab\u00eda sido adaptado en una pel\u00edcula que protagonizaron importantes figuras de Hollywood, como<strong> Jeremy Irons, Meryl Streep, Glen Cloose, Winona Ryder y Antonio Banderas<\/strong>. Adem\u00e1s, se grab\u00f3 en Europa, lejos de ese \u201cpa\u00eds remoto\u201d de Sudam\u00e9rica que describe Allende en su obra.<\/p>\n<p>La autora fue cr\u00edtica al respecto: \u201c<strong>en aquella \u00e9poca, cualquier pel\u00edcula que tuviera valor comercial ten\u00eda que ser en ingl\u00e9s y con estrellas del cine<\/strong>, y est\u00e1 hecha en ingl\u00e9s y en Europa, entonces no tiene el sabor chileno que yo cre\u00eda que le hab\u00eda dado al libro\u201d, coment\u00f3.<\/p>\n<p>Ahora, parece mucho m\u00e1s satisfecha con lo que ha visto de la serie, \u201cyo espero que tenga el \u00e9xito que se merece, <strong>me emocion\u00f3 mucho cuando lo vi<\/strong>\u201c, asegur\u00f3.<\/p>\n<p>Isabel Allende y La casa de los esp\u00edritus<\/p>\n<p>La escritora tambi\u00e9n reflexion\u00f3 sobre las repercusiones de su obra y c\u00f3mo ha trascendido a lo largo de las d\u00e9cadas. En este sentido, dijo que <strong>la sociedad chilena que plasm\u00f3 all\u00ed no dista mucho de la actual<\/strong>.<\/p>\n<p>\u201cYo creo que la idiosincrasia de este pa\u00eds, las clases sociales, la manera de ser, de pensar, el patriarcado, el valor y la reciedad de las mujeres, en todos los \u00e1mbitos, todo eso sigue vivo\u201c, plante\u00f3.<\/p>\n<p>\u201cY siguen vivos muchos conflictos que ya exist\u00edan entonces, entre 1930-1970, pero b\u00e1sicamente <strong>seguimos siendo los mismos chilenos de siempre<\/strong>\u201c, continu\u00f3 Allende.<\/p>\n<p>\u201cYo escribo sobre relaciones y sentimientos, emociones, esas son universales. <strong>Mis libros se traducen a 42 idiomas y funcionan porque todo el mundo siente igual, las relaciones humanas son parecidas en todas partes<\/strong>. Entonces yo creo que esta serie tan hermosa puede resonar en cualquier cultura y cualquier idioma\u201d.<\/p>\n<p>Con la nueva versi\u00f3n de los personajes que presenta ahora la serie, Isabel expres\u00f3 que \u201cme identifiqu\u00e9 completamente porque se parecen un poco a lo que fue mi familia\u201d.<\/p>\n<p>\u201cEn todos mis libros siempre hay figuras femeninas porque mira, en la literatura universal, los hombres han descrito a las mujeres, los autores masculinos han hablado por nosotras. Bueno, \u00bfhasta cuando?\u201c, reflexion\u00f3 tambi\u00e9n.<\/p>\n<p>\u201cAhora <strong>nos toca contarnos a nosotras mismas<\/strong>. Lo he seguido haciendo siempre, llevo 30 libros, he escrito por 40 a\u00f1os, siguen siendo las mujeres siempre las protagonistas, primero porque las conozco bien, segundo porque son mucho m\u00e1s entretenidas que los hombres\u201d, manifest\u00f3.<\/p>\n<p>Sobre el \u00e9xito de su novela, coment\u00f3 que hasta el d\u00eda de hoy no se explica tal alcance. \u201cNo tengo la menor idea. <strong>No s\u00e9 por qu\u00e9 ese libro peg\u00f3<\/strong>. Lleg\u00f3 a la cola del boom de la literatura latinoamericana, donde eran todos hombres, la mitad de ellos con bigote, y vino este libro a la cola, que no era parte de eso\u201d, record\u00f3.<\/p>\n<p>\u201cLo \u00fanico que yo rogaba,<strong> lo \u00fanico que quer\u00eda, era que alguien en el universo lo leyera y me dijera si val\u00eda la pena seguir escribiendo<\/strong>\u201c, a\u00f1adi\u00f3.<\/p>\n<p>En el camino, adem\u00e1s, se top\u00f3 con los prejuicios de la \u00e9poca. De hecho, cuando la llam\u00f3 Carmen Balcells para publicarlo, la influyente agente espa\u00f1ola que hizo posible el libro, le advirti\u00f3 de lo que le esperaba.<\/p>\n<p>\u201cMe dijo: \u2018pero t\u00fa no eres un escritor todav\u00eda, el escritor se prueba en el segundo libro. Adem\u00e1s, como eres mujer, vas a tener que hacer el doble de esfuerzo que cualquier hombre para obtener la mitad del respeto y reconocimiento\u2019. Y fue exacto\u201c, cont\u00f3 la autora.<\/p>\n<p>El realismo m\u00e1gico en pantalla<\/p>\n<p>Allende tambi\u00e9n destac\u00f3 los esfuerzos de esta producci\u00f3n por llevar el realismo m\u00e1gico a la pantalla, una caracter\u00edstica distintiva de la narrativa de La casa de los esp\u00edritus, <strong>bajo la direcci\u00f3n de Francisca Alegr\u00eda, Fernanda Urrejola y Andr\u00e9s Wood<\/strong>.<\/p>\n<p>\u201cHay ciertas cosas que son muy dif\u00edciles de reproducir en imagen, por ejemplo el realismo m\u00e1gico, que <strong>funciona bien en la literatura, pero en una imagen no<\/strong>. (\u2026) Entonces, para ellos, fue un desaf\u00edo tremendo\u201d, destac\u00f3.<\/p>\n<p>\u201cMe acuerdo que cuando se hizo la pel\u00edcula, el director me dijo, no puedo poner a Rosa con el pelo verde, porque tendr\u00eda que ser una peluca verde y se ver\u00eda espantosa, parecer\u00eda un payaso. En cambio, en la literatura t\u00fa puedes poner el pelo verde y puede ser cualquier color verde que el lector imagine\u201d, record\u00f3.<\/p>\n<p>Sobre este g\u00e9nero, tambi\u00e9n agreg\u00f3 que \u201ca m\u00ed me preguntan mucho si yo vivo o si creo en el realismo m\u00e1gico. <strong>Yo no veo fantasmas, pero siento el esp\u00edritu de mi hija y de mi mam\u00e1 dentro de m\u00ed. Para m\u00ed eso tiene un elemento m\u00e1gico y creo que la vida es muy misteriosa<\/strong>. Pasan cosas que uno no se explica. Y si puedo incorporar todo ese misterio a mi vida y a la escritura, adquiere una dimensi\u00f3n mucho m\u00e1s rica\u201d.<\/p>\n<p>La serie<strong> tendr\u00e1 8 episodios y el elenco principal est\u00e1 compuesto por Alfonso Herrera como Esteban Trueba, Nicole Wallace y Dolores Fonzi interpretando a Clara del Valle<\/strong>, junto a reconocidos actores como Fernanda Castillo, Aline Kuppenheim, N\u00e9stor Cantillana, Amparo Noguera y Antonia Zegers. <\/p>\n","protected":false},"excerpt":{"rendered":"Isabel Allende est\u00e1 en Chile para promocionar su nuevo libro Mi nombre es Emilia del Valle, pero tambi\u00e9n&hellip;\n","protected":false},"author":2,"featured_media":136220,"comment_status":"","ping_status":"","sticky":false,"template":"","format":"standard","meta":{"footnotes":""},"categories":[172],"tags":[22375,224,146,147,25,24,43086,43087,225,1257,7226,10140,156,23],"class_list":{"0":"post-136219","1":"post","2":"type-post","3":"status-publish","4":"format-standard","5":"has-post-thumbnail","7":"category-libros","8":"tag-amazon-prime","9":"tag-books","10":"tag-entertainment","11":"tag-entretenimiento","12":"tag-es","13":"tag-espana","14":"tag-isabel-allende","15":"tag-la-casa-de-los-espiritus","16":"tag-libros","17":"tag-pelicula","18":"tag-remake","19":"tag-seleccion-tendencias","20":"tag-serie","21":"tag-spain"},"share_on_mastodon":{"url":"","error":""},"_links":{"self":[{"href":"https:\/\/www.europesays.com\/es\/wp-json\/wp\/v2\/posts\/136219","targetHints":{"allow":["GET"]}}],"collection":[{"href":"https:\/\/www.europesays.com\/es\/wp-json\/wp\/v2\/posts"}],"about":[{"href":"https:\/\/www.europesays.com\/es\/wp-json\/wp\/v2\/types\/post"}],"author":[{"embeddable":true,"href":"https:\/\/www.europesays.com\/es\/wp-json\/wp\/v2\/users\/2"}],"replies":[{"embeddable":true,"href":"https:\/\/www.europesays.com\/es\/wp-json\/wp\/v2\/comments?post=136219"}],"version-history":[{"count":0,"href":"https:\/\/www.europesays.com\/es\/wp-json\/wp\/v2\/posts\/136219\/revisions"}],"wp:featuredmedia":[{"embeddable":true,"href":"https:\/\/www.europesays.com\/es\/wp-json\/wp\/v2\/media\/136220"}],"wp:attachment":[{"href":"https:\/\/www.europesays.com\/es\/wp-json\/wp\/v2\/media?parent=136219"}],"wp:term":[{"taxonomy":"category","embeddable":true,"href":"https:\/\/www.europesays.com\/es\/wp-json\/wp\/v2\/categories?post=136219"},{"taxonomy":"post_tag","embeddable":true,"href":"https:\/\/www.europesays.com\/es\/wp-json\/wp\/v2\/tags?post=136219"}],"curies":[{"name":"wp","href":"https:\/\/api.w.org\/{rel}","templated":true}]}}