{"id":136225,"date":"2025-09-24T18:04:08","date_gmt":"2025-09-24T18:04:08","guid":{"rendered":"https:\/\/www.europesays.com\/es\/136225\/"},"modified":"2025-09-24T18:04:08","modified_gmt":"2025-09-24T18:04:08","slug":"boyero-se-queda-a-gusto-con-lo-nuevo-de-dicaprio-la-gilipollez-mas-notable-que-he-visto-en-los-ultimos-anos-cine-y-tv","status":"publish","type":"post","link":"https:\/\/www.europesays.com\/es\/136225\/","title":{"rendered":"Boyero se queda a gusto con lo nuevo de DiCaprio: \u00abLa gilipollez m\u00e1s notable que he visto en los \u00faltimos a\u00f1os\u00bb | Cine y TV"},"content":{"rendered":"<p>Esta semana llega a Espa\u00f1a una de las pel\u00edculas m\u00e1s esperadas del a\u00f1o, Una batalla tras otra. La cinta junta por primera vez a uno de los directores de culto de los \u00faltimos a\u00f1os Paul Thomas Anderson, con el actor m\u00e1s famoso del siglo XXI, Leonardo DiCaprio. Todo ello, adem\u00e1s, en una s\u00e1tira de acci\u00f3n del actual Estados Unidos y con Sean Penn como villano y Benicio del Toro en otro papel para el recuerdo. <\/p>\n<p>M\u00e1s informaci\u00f3n<\/p>\n<p>Basada en la novela Vineland de Thomas Pynchon, un libro que Anderson lleva deseando adaptar toda su carrera, la cinta sigue a una banda de exrevolucionarios que se re\u00fane para rescatar a la hija de uno de los suyos, que es el personaje que interpreta DiCaprio. Se suman al reparto Regina Hall, Teyana Taylor y Chase Infiniti para reflejar en la actualidad la huella que dejaron los movimientos radicales de los a\u00f1os 60 en EEUU. <\/p>\n<p>La cinta ha sido recibida con gran entusiasmo entre los cr\u00edticos de todo el mundo, que la catalogan como una de las pel\u00edculas del a\u00f1o, e incluso de la d\u00e9cada. Se ha dicho sobre ella que es una obra maestra, una maravilla actual y necesaria o un acto de resistencia. Para el cr\u00edtico de cine de La Ventana, Carlos Boyero, es \u00abla gilipollez m\u00e1s notable\u00bb que ha visto \u00aben los \u00faltimos a\u00f1os en el cine americano\u00bb. <\/p>\n<p>El cr\u00edtico reconoce que no entiende la \u00abcampa\u00f1a montada de medios y cr\u00edticos contando que es la pel\u00edcula del a\u00f1o de Hollywood\u00bb. \u00abYo solo me fio de mi opini\u00f3n y alguna gente cercana. Veo esto y pienso, \u00bfC\u00f3mo sois tan mentirosos? C\u00bf\u00f3mo que esta es la pel\u00edcula del a\u00f1o? Es la concesi\u00f3n de Hollywood a un ni\u00f1o mimado como Paul Thomas Anderson\u00bb, ha indicado Boyero en el programa de Carles Francino. <\/p>\n<p>El c\u00f3digo iframe se ha copiado en el portapapeles<\/p>\n<p class=\"tit\">La Ventana del Cine | El estreno de &#8216;Una batalla tras otra&#8217;, lo nuevo de DiCaprio<\/p>\n<p>00:00:0021:36<\/p>\n<p>FacebookTwitterLinkedinWhatsAppCerrar<\/p>\n<p>Indica el cr\u00edtico que Anderson \u00abempez\u00f3 con dos pel\u00edculas soberbias\u00bb (Boogie Nights y Magnolia) y que desde ah\u00ed \u00abha sido un desencanto casi permanentemente\u00bb. \u00abEsta, con un guion est\u00fapido que inicialmente dices bueno, igual da para algo&#8230; pero es que es tan cutre y pobre. Todo me parece caprichoso, bobo, rodado con infinito dinero\u00bb, ha comentado Boyero, que ha calificado al libreto de \u00abdelirio\u00bb. <\/p>\n<p>\u00abEs de estas pel\u00edculas que te parece que llevas siete horas en el cine. Me pregunto todo esto por qu\u00e9 y para qu\u00e9. Esas inversiones de Hollywood que calcula todo lo que va a sacar, igual es un \u00e9xito\u00bb, ha apuntado el cr\u00edtico, que no comparte para nada el entusiasmo con la pel\u00edcula. <\/p>\n<p>Francino incluso le ha mencionado la entrevista de Leonardo DiCaprio con Jos\u00e9 M. Romero en El cine en la SER donde el actor le aseguraba que iba a ser una pel\u00edcula recordada durante a\u00f1os. \u00abSer\u00e1 recordada por \u00e9l por la pasta que ingres\u00f3 en su banco y por tantos cr\u00edticos que dicen cosas delirantes\u00bb, ha opinado el cr\u00edtico, que se ha quejado de que est\u00e1 siempre la m\u00fasica a tope. <\/p>\n<p>\u00abMe ha puesto particularmente enfermo, me parece la gilipollez m\u00e1s notable que yo he visto en los \u00faltimos a\u00f1os en el cine americano. La gente puede tener mi opini\u00f3n, u otra, y disfrutar mogoll\u00f3n\u00bb, ha sentenciado Boyero, que considera que es una pel\u00edcula que le ha \u00abirritado\u00bb. <\/p>\n<p><img loading=\"lazy\" decoding=\"async\" src=\"https:\/\/www.europesays.com\/es\/wp-content\/uploads\/2025\/09\/https:\/\/sdmedia.playser.cadenaser.com\/playser\/image\/20259\/23\/1758615228703_1758615334_asset_still.jp.jpeg\" width=\"16\" height=\"9\"\/><\/p>\n","protected":false},"excerpt":{"rendered":"Esta semana llega a Espa\u00f1a una de las pel\u00edculas m\u00e1s esperadas del a\u00f1o, Una batalla tras otra. La&hellip;\n","protected":false},"author":2,"featured_media":136226,"comment_status":"","ping_status":"","sticky":false,"template":"","format":"standard","meta":{"footnotes":""},"categories":[169],"tags":[177,146,147,25,24,176,175,23],"class_list":{"0":"post-136225","1":"post","2":"type-post","3":"status-publish","4":"format-standard","5":"has-post-thumbnail","7":"category-cine","8":"tag-cine","9":"tag-entertainment","10":"tag-entretenimiento","11":"tag-es","12":"tag-espana","13":"tag-film","14":"tag-movies","15":"tag-spain"},"share_on_mastodon":{"url":"","error":""},"_links":{"self":[{"href":"https:\/\/www.europesays.com\/es\/wp-json\/wp\/v2\/posts\/136225","targetHints":{"allow":["GET"]}}],"collection":[{"href":"https:\/\/www.europesays.com\/es\/wp-json\/wp\/v2\/posts"}],"about":[{"href":"https:\/\/www.europesays.com\/es\/wp-json\/wp\/v2\/types\/post"}],"author":[{"embeddable":true,"href":"https:\/\/www.europesays.com\/es\/wp-json\/wp\/v2\/users\/2"}],"replies":[{"embeddable":true,"href":"https:\/\/www.europesays.com\/es\/wp-json\/wp\/v2\/comments?post=136225"}],"version-history":[{"count":0,"href":"https:\/\/www.europesays.com\/es\/wp-json\/wp\/v2\/posts\/136225\/revisions"}],"wp:featuredmedia":[{"embeddable":true,"href":"https:\/\/www.europesays.com\/es\/wp-json\/wp\/v2\/media\/136226"}],"wp:attachment":[{"href":"https:\/\/www.europesays.com\/es\/wp-json\/wp\/v2\/media?parent=136225"}],"wp:term":[{"taxonomy":"category","embeddable":true,"href":"https:\/\/www.europesays.com\/es\/wp-json\/wp\/v2\/categories?post=136225"},{"taxonomy":"post_tag","embeddable":true,"href":"https:\/\/www.europesays.com\/es\/wp-json\/wp\/v2\/tags?post=136225"}],"curies":[{"name":"wp","href":"https:\/\/api.w.org\/{rel}","templated":true}]}}